{"id":1597,"date":"2020-12-26T17:01:54","date_gmt":"2020-12-26T16:01:54","guid":{"rendered":"http:\/\/parafia.scinawa.info\/?p=1597"},"modified":"2020-12-26T17:01:54","modified_gmt":"2020-12-26T16:01:54","slug":"ogloszenia-duszpasterskie-niedziela-swietej-rodziny-27-12-2020","status":"publish","type":"post","link":"http:\/\/parafia.scinawa.info\/index.php\/2020\/12\/26\/ogloszenia-duszpasterskie-niedziela-swietej-rodziny-27-12-2020\/","title":{"rendered":"Og\u0142oszenia duszpasterskie Niedziela \u015awi\u0119tej Rodziny \u2013 27. 12. 2020"},"content":{"rendered":"\n<p><strong>1<\/strong><strong>.<\/strong> Dzi\u015b prze\u017cywamy\nNiedziel\u0119 \u015awi\u0119tej Rodziny:\nJezusa, Maryi i J\u00f3zefa Msze \u015bw. wed\u0142ug porz\u0105dku niedzielnego. W\ntym dniu chcemy pami\u0119ta\u0107 w modlitwach o wszystkich rodzinach naszej parafii. <\/p>\n\n\n\n<p><strong>2.<\/strong>\nMsze \u015bw. w tygodniu&nbsp; o <strong>7<sup>00<\/sup><\/strong>\ni <strong>18<sup>00<\/sup><\/strong>.&nbsp; <\/p>\n\n\n\n<p><strong>3.<\/strong><strong> <\/strong>Codziennie\nspowied\u017a i adoracja Naj\u015bwi\u0119tszego Sakramentu o godz. <strong>17<sup>00<\/sup>.<\/strong><\/p>\n\n\n\n<p><strong>4<\/strong><strong>. <\/strong>W tym tygodniu obchodzimy:<strong><\/strong><\/p>\n\n\n\n<p>&#8211; <strong>w\nponiedzia\u0142ek<\/strong> \u2013 \u015bwi\u0119to \u015bw.\nM\u0142odziank\u00f3w, m\u0119czennik\u00f3w<\/p>\n\n\n\n<p>&#8211; <strong>w\nczwartek<\/strong> \u2013&nbsp; <strong><em>(poniewa\u017c\nb\u0119dzie obowi\u0105zywa\u0107 zakaz przemieszczania si\u0119 z 31 grudnia 2020 r. na 1 stycznia\n2021 r. w godz. 19:00 \u2013 6:00)<\/em><\/strong> dlatego <strong><em>31\ngrudnia 2020<\/em><\/strong>:<\/p>\n\n\n\n<p>&#8211; o godz. <strong>16<sup>00 <\/sup><\/strong>adoracja<\/p>\n\n\n\n<p>&#8211; o godz. <strong>16<sup>30 <\/sup><\/strong>nabo\u017ce\u0144stwo\nprzeb\u0142agalno &#8211; dzi\u0119kczynne za miniony rok<\/p>\n\n\n\n<p>&#8211; o godz. <strong>17<sup>00<\/sup><\/strong> Msza dzi\u0119kczynna za\nminiony rok. <\/p>\n\n\n\n<p><strong>5<\/strong><strong>.<\/strong> <strong><em>W pi\u0105tek,\n1 stycznia<\/em><\/strong>, w Nowy Rok obchodzimy Uroczysto\u015b\u0107 \u015awi\u0119tej Bo\u017cej\nRodzicielki Maryi i \u015awiatowy Dzie\u0144 Pokoju. &nbsp;Porz\u0105dek Mszy \u015bw. jest nast\u0119puj\u0105cy:<strong> 9<sup>30<\/sup><\/strong>;<strong>\n11<sup>00<\/sup><\/strong>; <strong>12<sup>30 <\/sup><\/strong>i <strong>18<sup>00<\/sup><\/strong> w\n\u015acinawie,<strong> 9<sup>30<\/sup><\/strong> \u2013 w R\u0119szowie.<\/p>\n\n\n\n<p><strong>6.<\/strong>\nW tym tygodniu obchodzimy I pi\u0105tek i I sobot\u0119 miesi\u0105ca <\/p>\n\n\n\n<p><strong>7.<\/strong>\nW I sobot\u0119 miesi\u0105ca o godz. <strong>17<sup>00<\/sup><\/strong>\n<strong><em>nabo\u017ce\u0144stwo\nfatimskie<\/em><\/strong>.<\/p>\n\n\n\n<p><strong>8.<\/strong><strong> <\/strong>W przysz\u0142\u0105 niedziel\u0119 b\u0119dziemy prze\u017cywa\u0107 <strong>2 Niedziel\u0119 po Bo\u017cym Narodzeniu<\/strong>. &nbsp;Msze \u015bw.\nwed\u0142ug porz\u0105dku niedzielnego. Zmiana tajemnic \u017bywego\nR\u00f3\u017ca\u0144ca o <strong>10<sup>30<\/sup>.<\/strong> <strong><\/strong><\/p>\n\n\n\n<p><strong>9<\/strong><strong>.<\/strong>\nKancelaria czynna codziennie po Mszy \u015bw. wieczornej z wyj\u0105tkiem niedziel,\nuroczysto\u015bci i \u015bwi\u0105t.<\/p>\n\n\n\n<p><strong>10<\/strong><strong>.<\/strong>\nDo nabycia jest prasa katolicka: Niedziela, Go\u015b\u0107 Niedzielny i R\u00f3\u017caniec. <\/p>\n\n\n\n<p><strong>11<\/strong><strong>.<\/strong>\nDzi\u0119kuj\u0119 wszystkim, kt\u00f3rzy w tym tygodniu sprz\u0105tali \u015bwi\u0105tyni\u0119 i przygotowali j\u0105\nna nasze spotkanie eucharystyczne.<\/p>\n\n\n\n<p><strong>12<\/strong><strong>.<\/strong>\nSerdeczne B\u00f3g zap\u0142a\u0107 za ofiary sk\u0142adane na remonty w naszej parafii. <\/p>\n\n\n\n<p><strong>13<\/strong><strong>.<\/strong> Intencje\nmszalne, obrazki \u2013 pami\u0105tki odprawionej Mszy \u015bw.<\/p>\n\n\n\n<p><em>\u017byczymy mi\u0142ego\ntygodnia i obfitych \u0142ask Bo\u017cych.<\/em><\/p>\n","protected":false},"excerpt":{"rendered":"<p>1. Dzi\u015b prze\u017cywamy Niedziel\u0119 \u015awi\u0119tej Rodziny: Jezusa, Maryi i J\u00f3zefa Msze \u015bw. wed\u0142ug porz\u0105dku niedzielnego. W tym dniu chcemy pami\u0119ta\u0107 w modlitwach o wszystkich rodzinach naszej parafii. 2. Msze \u015bw. w tygodniu&nbsp; o 700 i 1800.&nbsp; 3. Codziennie spowied\u017a i adoracja Naj\u015bwi\u0119tszego Sakramentu o godz. 1700. 4. W tym tygodniu&#8230; <a class=\"continue-reading-link\" href=\"http:\/\/parafia.scinawa.info\/index.php\/2020\/12\/26\/ogloszenia-duszpasterskie-niedziela-swietej-rodziny-27-12-2020\/\">Czytaj dalej <span class=\"meta-nav\">&rarr; <\/span><\/a><\/p>\n","protected":false},"author":2,"featured_media":0,"comment_status":"closed","ping_status":"closed","sticky":false,"template":"","format":"standard","meta":{"footnotes":""},"categories":[40],"tags":[],"class_list":["post-1597","post","type-post","status-publish","format-standard","hentry","category-ogloszenia-duszpasterskie"],"_links":{"self":[{"href":"http:\/\/parafia.scinawa.info\/index.php\/wp-json\/wp\/v2\/posts\/1597","targetHints":{"allow":["GET"]}}],"collection":[{"href":"http:\/\/parafia.scinawa.info\/index.php\/wp-json\/wp\/v2\/posts"}],"about":[{"href":"http:\/\/parafia.scinawa.info\/index.php\/wp-json\/wp\/v2\/types\/post"}],"author":[{"embeddable":true,"href":"http:\/\/parafia.scinawa.info\/index.php\/wp-json\/wp\/v2\/users\/2"}],"replies":[{"embeddable":true,"href":"http:\/\/parafia.scinawa.info\/index.php\/wp-json\/wp\/v2\/comments?post=1597"}],"version-history":[{"count":1,"href":"http:\/\/parafia.scinawa.info\/index.php\/wp-json\/wp\/v2\/posts\/1597\/revisions"}],"predecessor-version":[{"id":1598,"href":"http:\/\/parafia.scinawa.info\/index.php\/wp-json\/wp\/v2\/posts\/1597\/revisions\/1598"}],"wp:attachment":[{"href":"http:\/\/parafia.scinawa.info\/index.php\/wp-json\/wp\/v2\/media?parent=1597"}],"wp:term":[{"taxonomy":"category","embeddable":true,"href":"http:\/\/parafia.scinawa.info\/index.php\/wp-json\/wp\/v2\/categories?post=1597"},{"taxonomy":"post_tag","embeddable":true,"href":"http:\/\/parafia.scinawa.info\/index.php\/wp-json\/wp\/v2\/tags?post=1597"}],"curies":[{"name":"wp","href":"https:\/\/api.w.org\/{rel}","templated":true}]}}