{"id":1600,"date":"2021-01-02T23:50:54","date_gmt":"2021-01-02T22:50:54","guid":{"rendered":"http:\/\/parafia.scinawa.info\/?p=1600"},"modified":"2021-01-02T23:50:54","modified_gmt":"2021-01-02T22:50:54","slug":"intencje-mszalne-03-01-10-01-2021","status":"publish","type":"post","link":"http:\/\/parafia.scinawa.info\/index.php\/2021\/01\/02\/intencje-mszalne-03-01-10-01-2021\/","title":{"rendered":"INTENCJE MSZALNE 03.01. \u2013 10.01. 2021"},"content":{"rendered":"\n<p><strong><em>Sk\u0142adaj\u0105c\nOfiar\u0119, kt\u00f3ra nam przypomina niezmierzon\u0105 mi\u0142o\u015b\u0107 Twojego Syna, pokornie prosimy\nCi\u0119, Bo\u017ce, przyjmij intencje Twoich wiernych i spraw przez dzia\u0142anie\nEucharystii, aby w naszych rodzinach wzrasta\u0142a prawdziwa wiara, \u015bwi\u0119to\u015b\u0107 \u017cycia,\nbraterska mi\u0142o\u015b\u0107 i duch modlitwy. <\/em><\/strong><strong>Niech\nMatka Naj\u015bwi\u0119tsza wyprosi \u0142aski, o kt\u00f3re modlili\u015bmy si\u0119 w tej Mszy \u015bw. dla \u2026\nZa\u015b zmar\u0142ym \u2026 za kt\u00f3rych odprawiali\u015bmy Msz\u0119 \u015bw.: wieczny odpoczynek racz im\nda\u0107 Panie (\u2026); niech odpoczywaj\u0105 w pokoju wiecznym. Amen<\/strong><\/p>\n\n\n\n<p><strong><em>03.01.\n&#8211; NIEDZIELA&nbsp; <\/em><\/strong><em><\/em><\/p>\n\n\n\n<p><strong>&nbsp;8.oo \u2013 1) <\/strong>w intencji Karoliny i ca\u0142ej rodziny dzi\u0119kczynna z pro\u015bb\u0105 o\nzdrowie, dary Ducha \u015awi\u0119tego, <\/p>\n\n\n\n<p>&nbsp;&nbsp;&nbsp;&nbsp;&nbsp;&nbsp;&nbsp;&nbsp;&nbsp;&nbsp;&nbsp;&nbsp;&nbsp;&nbsp;&nbsp;&nbsp; &nbsp;Bo\u017ce b\u0142ogos\u0142awie\u0144stwo, opiek\u0119 NMP <\/p>\n\n\n\n<p><strong>&nbsp;&nbsp;&nbsp;&nbsp;&nbsp;&nbsp;&nbsp;&nbsp;&nbsp;&nbsp;&nbsp; &nbsp;\n2)<\/strong> w intencji Krystyny o spe\u0142nienie woli Bo\u017cej<\/p>\n\n\n\n<p><strong>&nbsp; 9.3o \u2013 <\/strong>&nbsp;w intencji kleryk\u00f3w naszego Seminarium\nDuchownego w Legnicy, szczeg\u00f3lnie za I i II Rok <\/p>\n\n\n\n<p>&nbsp;&nbsp;&nbsp;&nbsp;&nbsp;&nbsp;&nbsp;&nbsp;&nbsp;&nbsp;&nbsp;&nbsp; &#8211; dzi\u0119kczynna z pro\u015bb\u0105 o zdrowie,\ndary Ducha \u015awi\u0119tego, &nbsp;Bo\u017ce\nb\u0142ogos\u0142awie\u0144stwo, opiek\u0119<\/p>\n\n\n\n<p>&nbsp;&nbsp;&nbsp;&nbsp;&nbsp;&nbsp;&nbsp;&nbsp;&nbsp;&nbsp;&nbsp;&nbsp;&nbsp;&nbsp;&nbsp; &nbsp;NMP w drodze do kap\u0142a\u0144stwa <\/p>\n\n\n\n<p><strong>11.oo\n\u2013 1) <\/strong>++ Iren\u0119 i Stanis\u0142awa\nBosak\u00f3w \u2013 modli si\u0119 syn Stanis\u0142aw z rodzin\u0105<\/p>\n\n\n\n<p><strong>&nbsp;&nbsp;&nbsp;&nbsp;&nbsp;&nbsp;&nbsp;&nbsp;&nbsp;&nbsp;&nbsp; &nbsp;\n2) <\/strong>+ Kazimierza Wityka \u2013\nmodli si\u0119 rodzina <\/p>\n\n\n\n<p><strong>12.3o\n\u2013 1) <\/strong>w 1 rocz. urodzin Julii\nG\u00f3rnickiej dzi\u0119kczynna z pro\u015bb\u0105 o zdrowie, dary Ducha \u015awi\u0119tego,\n<\/p>\n\n\n\n<p>&nbsp;&nbsp;&nbsp;&nbsp;&nbsp;&nbsp;&nbsp;&nbsp;&nbsp;&nbsp;&nbsp;&nbsp;&nbsp;&nbsp;&nbsp;&nbsp; &nbsp;Bo\u017ce b\u0142ogos\u0142awie\u0144stwo, opiek\u0119 NMP na jej\ndrodze \u017cycia \u2013 modli si\u0119 chrzestny z rodzin\u0105<\/p>\n\n\n\n<p><strong>&nbsp;&nbsp;&nbsp;&nbsp;&nbsp;&nbsp;&nbsp;&nbsp;&nbsp;&nbsp;&nbsp; &nbsp;\n2)<\/strong> w intencji ca\u0142ej rodziny dzi\u0119kczynna za wszelkie\n\u0142aski z pro\u015bb\u0105 o zdrowie, dary Ducha<\/p>\n\n\n\n<p>&nbsp;&nbsp;&nbsp;&nbsp;&nbsp;&nbsp;&nbsp;&nbsp;&nbsp;&nbsp;&nbsp;&nbsp;&nbsp;&nbsp;&nbsp;&nbsp; &nbsp;\u015awi\u0119tego, Bo\u017ce b\u0142ogos\u0142awie\u0144stwo, opiek\u0119 \u015awi\u0119tej\nRodziny w Nowym Roku<\/p>\n\n\n\n<p><strong>18.oo\n\u2013 &nbsp;<\/strong>+ Stanis\u0142aw\u0119\n\u017bo\u0142\u0105dziejewsk\u0105 \u2013 gregorianka 3 \u2013 modli si\u0119 J\u00f3zef z rodzin\u0105<strong>&nbsp; &nbsp;<\/strong>&nbsp;<\/p>\n\n\n\n<p><strong><em>04.01.\n\u2013 PONIEDZIA\u0141EK<\/em><\/strong><\/p>\n\n\n\n<p><strong>&nbsp; &nbsp;&nbsp;7.oo\n\u2013 <\/strong>&nbsp;<\/p>\n\n\n\n<p><strong>18.oo\n\u2013 1) <\/strong>&nbsp;+ Stanis\u0142aw\u0119\n\u017bo\u0142\u0105dziejewsk\u0105 \u2013 gregorianka 4 \u2013 modli si\u0119 J\u00f3zef z rodzin\u0105<\/p>\n\n\n\n<p><strong>&nbsp;&nbsp;&nbsp;&nbsp;&nbsp;&nbsp;&nbsp;&nbsp;&nbsp;&nbsp;&nbsp; &nbsp;\n2)<\/strong> + Wies\u0142awa Struskiego w 5 rocz. \u015bm. \u2013 modli si\u0119 c\u00f3rka\nz rodzin\u0105<\/p>\n\n\n\n<p><strong><em>05.01.\n&#8211; WTOREK<\/em><\/strong><em><\/em><\/p>\n\n\n\n<p><strong>&nbsp; 7.oo \u2013 <\/strong>+ Stanis\u0142aw\u0119\n\u017bo\u0142\u0105dziejewsk\u0105 \u2013 gregorianka 5 \u2013 modli si\u0119 J\u00f3zef z rodzin\u0105<\/p>\n\n\n\n<p><strong>18.oo\n\u2013 <\/strong>&nbsp;w intencji Szymona z racji urodzin i ca\u0142ej\nrodziny dzi\u0119kczynna z pro\u015bb\u0105 o zdrowie, dary<\/p>\n\n\n\n<p>&nbsp;&nbsp;&nbsp;&nbsp;&nbsp;&nbsp;&nbsp;&nbsp;&nbsp;&nbsp;&nbsp;&nbsp;&nbsp;&nbsp; &nbsp;Ducha \u015awi\u0119tego, Bo\u017ce b\u0142ogos\u0142awie\u0144stwo, opiek\u0119\nNMP i \u015bw. Patron\u00f3w<\/p>\n\n\n\n<p><strong><em>06.01.\n\u2013 \u015aRODA <\/em><\/strong><\/p>\n\n\n\n<p><strong>&nbsp;8.oo \u2013 1) <\/strong>&nbsp;<\/p>\n\n\n\n<p><strong>&nbsp;&nbsp;&nbsp;&nbsp;&nbsp;&nbsp;&nbsp;&nbsp;&nbsp;&nbsp;&nbsp; &nbsp;\n2)<\/strong> <\/p>\n\n\n\n<p><strong>&nbsp; 9.3o \u2013 <\/strong>&nbsp;&nbsp;<\/p>\n\n\n\n<p><strong>11.oo\n\u2013 1) <\/strong>w 30 rocz. \u015blubu<\/p>\n\n\n\n<p><strong>&nbsp;&nbsp;&nbsp;&nbsp;&nbsp;&nbsp;&nbsp;&nbsp;&nbsp;&nbsp;&nbsp; &nbsp;\n2) <\/strong>&nbsp;w 25 rocz. \u015blubu\nDoroty i Grzegorza Babij\u00f3w dzi\u0119kczynna z pro\u015bb\u0105 o zdrowie, dary Ducha<\/p>\n\n\n\n<p>&nbsp;&nbsp;&nbsp;&nbsp;&nbsp;&nbsp;&nbsp;&nbsp;&nbsp;&nbsp;&nbsp;&nbsp;&nbsp;&nbsp;&nbsp; &nbsp;\u015awi\u0119tego, Bo\u017ce b\u0142ogos\u0142awie\u0144stwo, opiek\u0119 NMP \u2013\nmodli si\u0119 rodzina<\/p>\n\n\n\n<p><strong>12.3o\n\u2013 1) <\/strong>o zdrowie dla Karoliny,\nBo\u017ce b\u0142ogos\u0142awie\u0144stwo, opiek\u0119 NMP i szcz\u0119\u015bliwe\nrozwi\u0105zanie <\/p>\n\n\n\n<p>&nbsp;&nbsp;&nbsp;&nbsp;&nbsp;&nbsp;&nbsp;&nbsp;&nbsp;&nbsp;&nbsp;&nbsp;&nbsp;&nbsp;&nbsp;&nbsp;&nbsp; w czasie \u2013 modl\u0105 si\u0119\nrodzice<\/p>\n\n\n\n<p><strong>&nbsp;&nbsp;&nbsp;&nbsp;&nbsp;&nbsp;&nbsp;&nbsp;&nbsp;&nbsp;&nbsp; &nbsp;&nbsp;2)<\/strong>\n<\/p>\n\n\n\n<p><strong>18.oo\n\u2013 &nbsp;<\/strong>+ Stanis\u0142aw\u0119 \u017bo\u0142\u0105dziejewsk\u0105\n\u2013 gregorianka 6 \u2013 modli si\u0119 J\u00f3zef z rodzin\u0105<\/p>\n\n\n\n<p><strong><em>07.01.\n\u2013 CZWARTEK <\/em><\/strong><em>&nbsp;<\/em><\/p>\n\n\n\n<p><strong>&nbsp; 7.oo \u2013<\/strong> &nbsp;<\/p>\n\n\n\n<p><strong>18.oo\n\u2013 <\/strong>&nbsp;<strong>1) <\/strong>&nbsp;+ Stanis\u0142aw\u0119 \u017bo\u0142\u0105dziejewsk\u0105 \u2013 gregorianka 7 \u2013\nmodli si\u0119 J\u00f3zef z rodzin\u0105<\/p>\n\n\n\n<p><strong>&nbsp;&nbsp;&nbsp;&nbsp;&nbsp;&nbsp; &nbsp;2)<\/strong> Msza \u015bw. Kol\u0119dowa w intencji rodzin zamieszka\u0142ych na\nulicy <strong><em>Wo\u0142owskiej (numery\nparzyste)<\/em><\/strong> <\/p>\n\n\n\n<p>&nbsp;&nbsp;&nbsp;&nbsp;&nbsp;&nbsp;&nbsp;&nbsp;&nbsp;&nbsp; dzi\u0119kczynna\nz pro\u015bb\u0105 o zdrowie, dary Ducha \u015awi\u0119tego, Bo\u017ce b\u0142ogos\u0142awie\u0144stwo, opiek\u0119 NMP<\/p>\n\n\n\n<p><strong><em>08.01.\n\u2013 PI\u0104TEK<\/em><\/strong><\/p>\n\n\n\n<p><strong>&nbsp; &nbsp;&nbsp;7.oo\n\u2013<\/strong>\n&nbsp;+ Stanis\u0142aw\u0119 \u017bo\u0142\u0105dziejewsk\u0105 \u2013 gregorianka\n8 \u2013 modli si\u0119 J\u00f3zef z rodzin\u0105<\/p>\n\n\n\n<p><strong>18.oo\n\u2013 1) <\/strong>&nbsp;Msza \u015bw. Kol\u0119dowa w intencji rodzin\nzamieszka\u0142ych na ulicy <strong><em>Wo\u0142owskiej\n( numery<\/em><\/strong><\/p>\n\n\n\n<p><strong><em>&nbsp;&nbsp;&nbsp;&nbsp;&nbsp;&nbsp;&nbsp;&nbsp;&nbsp;&nbsp;&nbsp; &nbsp;nieparzyste), Sportowej, <\/em><\/strong><strong>Rybnej, Wroc\u0142awskiej, Bonifrackiej,<\/strong> <strong>Klasztornej,\nSalezja\u0144skiej,<\/strong><\/p>\n\n\n\n<p><strong>&nbsp;&nbsp;&nbsp;&nbsp;&nbsp;&nbsp; &nbsp;Cysterskiej, Dominika\u0144skiej, Franciszka\u0144skiej,<\/strong>\n<strong>Benedykty\u0144skiej,<\/strong>\n<strong>Jezuickiej, &nbsp;Karmelickiej, <\/strong><\/p>\n\n\n\n<p><strong>&nbsp;&nbsp;&nbsp;&nbsp;&nbsp;&nbsp;&nbsp;&nbsp; <\/strong>dzi\u0119kczynna z\npro\u015bb\u0105 o zdrowie, dary Ducha \u015awi\u0119tego, Bo\u017ce b\u0142ogos\u0142awie\u0144stwo, opiek\u0119 NMP<\/p>\n\n\n\n<p><strong>&nbsp;&nbsp;&nbsp;&nbsp;&nbsp; 2)<\/strong> + Roberta Ko\u0142ody\u0144skiego\n&#8211; 30 dzie\u0144 od pogrzebu \u2013 intencja od uczestnik\u00f3w Mszy pogrzebowej &nbsp;<\/p>\n\n\n\n<p><strong><em>09.01.\n\u2013 SOBOTA<\/em><\/strong><\/p>\n\n\n\n<p><strong>&nbsp; &nbsp;&nbsp;7.oo\n\u2013<\/strong>\n+ Stanis\u0142aw\u0119 \u017bo\u0142\u0105dziejewsk\u0105 \u2013 gregorianka 9 \u2013 modli si\u0119 J\u00f3zef z rodzin\u0105<\/p>\n\n\n\n<p><strong>18.oo\n\u2013 1) <\/strong>++ Iren\u0119 i Stanis\u0142awa\nBosak\u00f3w \u2013 modli si\u0119 Maria i Tadeusz z W\u00f3lki Grodziskiej\n<\/p>\n\n\n\n<p><strong>&nbsp;&nbsp;&nbsp;&nbsp;&nbsp;&nbsp;&nbsp;&nbsp;&nbsp;&nbsp;&nbsp; &nbsp;\n2)<\/strong> Msza \u015bw.\nKol\u0119dowa w intencji rodzin zamieszka\u0142ych w <strong>Turowie, Sitnie i Krzy\u017cowej<\/strong>\n<\/p>\n\n\n\n<p>&nbsp;&nbsp;&nbsp;&nbsp;&nbsp;&nbsp;&nbsp;&nbsp;&nbsp;&nbsp;&nbsp; dzi\u0119kczynna\nz pro\u015bb\u0105 o zdrowie, dary Ducha \u015awi\u0119tego, Bo\u017ce b\u0142ogos\u0142awie\u0144stwo, opiek\u0119 NMP <\/p>\n\n\n\n<p><strong><em>10.01.\n\u2013 NIEDZIELA&nbsp; <\/em><\/strong><\/p>\n\n\n\n<p><strong>&nbsp; 8.oo \u2013 1) <\/strong>+Stanis\u0142awa w 22 rocz. \u015bm. oraz ++ te\u015bci\u00f3w: Mari\u0119 i J\u00f3zefa \u2013 modli si\u0119\n\u017cona z rodzin\u0105 <\/p>\n\n\n\n<p><strong>&nbsp;&nbsp;&nbsp;&nbsp;&nbsp;&nbsp;&nbsp;&nbsp;&nbsp;&nbsp;&nbsp; &nbsp;\n2)<\/strong> ++ rodzic\u00f3w: Antoniego w 34 rocz. \u015bm. i Janin\u0119 Lulk\u00f3w\n\u2013 modli si\u0119 syn z rodzin\u0105<\/p>\n\n\n\n<p><strong>&nbsp; 9.3o \u2013 <\/strong>&nbsp;&nbsp;++\nrodzic\u00f3w, \u017con\u0119 Janin\u0119, brata Mariana, bratow\u0105 El\u017cbiet\u0119 oraz ++ z rodziny\nLenart\u00f3w,<\/p>\n\n\n\n<p>&nbsp;&nbsp;&nbsp;&nbsp;&nbsp;&nbsp;&nbsp;&nbsp;&nbsp;&nbsp;&nbsp;&nbsp;&nbsp;&nbsp;&nbsp; Konarskich, Manieckich,\nSta\u015bkiewicz\u00f3w, Ku\u015bwik\u00f3w, Wronowskich \u2013 modli si\u0119 Kazimierz <\/p>\n\n\n\n<p>&nbsp;&nbsp;&nbsp;&nbsp;&nbsp;&nbsp;&nbsp;&nbsp;&nbsp;&nbsp;&nbsp;&nbsp;&nbsp;&nbsp;&nbsp;&nbsp;&nbsp; z rodzin\u0105<\/p>\n\n\n\n<p><strong>11.oo\n\u2013 1) <\/strong>zaj.<\/p>\n\n\n\n<p><strong>&nbsp;&nbsp;&nbsp;&nbsp;&nbsp;&nbsp;&nbsp;&nbsp;&nbsp;&nbsp;&nbsp; &nbsp;\n2) <\/strong>zaj.\n<\/p>\n\n\n\n<p><strong>12.3o\n\u2013 1) <\/strong>+ El\u017cbiet\u0119 Chabowsk\u0105 \u2013\nPro\u0107 w 3 rocz. \u015bm. \u2013 modli si\u0119 m\u0105\u017c oraz c\u00f3rki z rodzin\u0105<\/p>\n\n\n\n<p><strong>&nbsp;&nbsp;&nbsp;&nbsp;&nbsp;&nbsp;&nbsp;&nbsp;&nbsp;&nbsp;&nbsp; &nbsp;\n2)<\/strong> zaj. P. Jasinowska<\/p>\n\n\n\n<p>&nbsp;&nbsp;&nbsp;&nbsp;&nbsp;&nbsp;&nbsp;&nbsp;&nbsp;&nbsp;&nbsp; &nbsp; <strong>3) <\/strong>w 1 rocz. urodzin Julii G\u00f3rnickiej dzi\u0119kczynna\nz pro\u015bb\u0105 o zdrowie, dary Ducha \u015awi\u0119tego, <\/p>\n\n\n\n<p>&nbsp;&nbsp;&nbsp;&nbsp;&nbsp;&nbsp;&nbsp;&nbsp;&nbsp;&nbsp;&nbsp;&nbsp;&nbsp;&nbsp; &nbsp;&nbsp;&nbsp;Bo\u017ce\nb\u0142ogos\u0142awie\u0144stwo, opiek\u0119 NMP \u2013modl\u0105 si\u0119 dziadkowie<\/p>\n\n\n\n<p><strong>18.oo\n\u2013 &nbsp;1) <\/strong>&nbsp;+ Stanis\u0142aw\u0119 \u017bo\u0142\u0105dziejewsk\u0105 \u2013 gregorianka 10 \u2013\nmodli si\u0119 J\u00f3zef z rodzin\u0105<\/p>\n\n\n\n<p><strong>&nbsp;&nbsp;&nbsp;&nbsp;&nbsp;&nbsp;&nbsp;&nbsp;&nbsp;&nbsp;&nbsp; &nbsp;\n2)<\/strong> zaj. P. Babij<\/p>\n","protected":false},"excerpt":{"rendered":"<p>Sk\u0142adaj\u0105c Ofiar\u0119, kt\u00f3ra nam przypomina niezmierzon\u0105 mi\u0142o\u015b\u0107 Twojego Syna, pokornie prosimy Ci\u0119, Bo\u017ce, przyjmij intencje Twoich wiernych i spraw przez dzia\u0142anie Eucharystii, aby w naszych rodzinach wzrasta\u0142a prawdziwa wiara, \u015bwi\u0119to\u015b\u0107 \u017cycia, braterska mi\u0142o\u015b\u0107 i duch modlitwy. Niech Matka Naj\u015bwi\u0119tsza wyprosi \u0142aski, o kt\u00f3re modlili\u015bmy si\u0119 w tej Mszy \u015bw. dla&#8230; <a class=\"continue-reading-link\" href=\"http:\/\/parafia.scinawa.info\/index.php\/2021\/01\/02\/intencje-mszalne-03-01-10-01-2021\/\">Czytaj dalej <span class=\"meta-nav\">&rarr; <\/span><\/a><\/p>\n","protected":false},"author":2,"featured_media":0,"comment_status":"closed","ping_status":"closed","sticky":false,"template":"","format":"standard","meta":{"footnotes":""},"categories":[39],"tags":[],"class_list":["post-1600","post","type-post","status-publish","format-standard","hentry","category-intencje"],"_links":{"self":[{"href":"http:\/\/parafia.scinawa.info\/index.php\/wp-json\/wp\/v2\/posts\/1600","targetHints":{"allow":["GET"]}}],"collection":[{"href":"http:\/\/parafia.scinawa.info\/index.php\/wp-json\/wp\/v2\/posts"}],"about":[{"href":"http:\/\/parafia.scinawa.info\/index.php\/wp-json\/wp\/v2\/types\/post"}],"author":[{"embeddable":true,"href":"http:\/\/parafia.scinawa.info\/index.php\/wp-json\/wp\/v2\/users\/2"}],"replies":[{"embeddable":true,"href":"http:\/\/parafia.scinawa.info\/index.php\/wp-json\/wp\/v2\/comments?post=1600"}],"version-history":[{"count":1,"href":"http:\/\/parafia.scinawa.info\/index.php\/wp-json\/wp\/v2\/posts\/1600\/revisions"}],"predecessor-version":[{"id":1601,"href":"http:\/\/parafia.scinawa.info\/index.php\/wp-json\/wp\/v2\/posts\/1600\/revisions\/1601"}],"wp:attachment":[{"href":"http:\/\/parafia.scinawa.info\/index.php\/wp-json\/wp\/v2\/media?parent=1600"}],"wp:term":[{"taxonomy":"category","embeddable":true,"href":"http:\/\/parafia.scinawa.info\/index.php\/wp-json\/wp\/v2\/categories?post=1600"},{"taxonomy":"post_tag","embeddable":true,"href":"http:\/\/parafia.scinawa.info\/index.php\/wp-json\/wp\/v2\/tags?post=1600"}],"curies":[{"name":"wp","href":"https:\/\/api.w.org\/{rel}","templated":true}]}}