{"id":1602,"date":"2021-01-02T23:52:41","date_gmt":"2021-01-02T22:52:41","guid":{"rendered":"http:\/\/parafia.scinawa.info\/?p=1602"},"modified":"2021-01-02T23:52:41","modified_gmt":"2021-01-02T22:52:41","slug":"ogloszenia-duszpasterskie-2-niedziela-po-bozym-narodzeniu-03-01-2021","status":"publish","type":"post","link":"http:\/\/parafia.scinawa.info\/index.php\/2021\/01\/02\/ogloszenia-duszpasterskie-2-niedziela-po-bozym-narodzeniu-03-01-2021\/","title":{"rendered":"Og\u0142oszenia duszpasterskie    2 Niedziela po Bo\u017cym Narodzeniu \u2013 03.01. 2021"},"content":{"rendered":"\n<p><strong>1<\/strong><strong>.<\/strong> Dzi\u015b prze\u017cywamy\n<strong>2 Niedziel\u0119 po Bo\u017cym Narodzeniu<\/strong>. &nbsp;Msze\n\u015bw. wed\u0142ug porz\u0105dku niedzielnego. Zmiana tajemnic \u017bywego R\u00f3\u017ca\u0144ca o <strong>10<sup>30<\/sup>.<\/strong> <\/p>\n\n\n\n<p><strong>2<\/strong><strong>.<\/strong>\nMsze \u015bw. w tygodniu&nbsp; o <strong>7<sup>00<\/sup><\/strong>\ni <strong>18<sup>00<\/sup><\/strong>. &nbsp;<\/p>\n\n\n\n<p><strong>3<\/strong><strong>. <\/strong>Codziennie\nspowied\u017a i adoracja Naj\u015bwi\u0119tszego Sakramentu o godz. <strong>17<sup>00<\/sup>.<\/strong><\/p>\n\n\n\n<p><strong>4<\/strong><strong>. W poniedzia\u0142ek o&nbsp; 17<sup>30<\/sup> nabo\u017ce\u0144stwo do Bo\u017cego Mi\u0142osierdzia.\n<\/strong>(Na\nstoliku pod ch\u00f3rem znajduj\u0105 si\u0119 kartki, na kt\u00f3rych mo\u017cna wypisywa\u0107 pro\u015bby i\npodzi\u0119kowania, kt\u00f3re b\u0119dziemy poleca\u0107 Bo\u017cemu Mi\u0142osierdziu).<\/p>\n\n\n\n<p><strong>5.<\/strong><strong> <\/strong>W \u015brod\u0119 Nowenna\ndo NMP Nieustaj\u0105cej Pomocy o godz. <strong>17<sup>30<\/sup><\/strong>.<\/p>\n\n\n\n<p><strong>6.\n<\/strong>W\n\u015brod\u0119 prze\u017cywamy<strong> <em>Uroczysto\u015b\u0107\nObjawienia Pa\u0144skiego (Trzech Kr\u00f3li). Msze \u015bw. wed\u0142ug porz\u0105dku niedzielnego.<\/em>\n<\/strong>W tym dniu \u015bwi\u0119cimy kred\u0119 i kadzid\u0142o, a nasze ofiary przeznaczone s\u0105 na\ncele misyjne Ko\u015bcio\u0142a. Wyj\u0105tkowo nie b\u0119dzie po\u015bwi\u0119cenia wody,\ngdy\u017c jest ona po\u015bwi\u0119cana codziennie podczas Mszy \u015bw. \u201ekol\u0119dowych\u201d w intencji\nrodzin. <\/p>\n\n\n\n<p><strong>7<\/strong><strong>. <\/strong>W przysz\u0142\u0105 niedziel\u0119 b\u0119dziemy prze\u017cywa\u0107 <strong><em>Niedziel\u0119 Chrztu Pa\u0144skiego<\/em><\/strong>\nMsze \u015bw. wed\u0142ug porz\u0105dku niedzielnego.\nNa ka\u017cdej Mszy \u015bw. odnowienie przyrzecze\u0144 chrzcielnych. <\/p>\n\n\n\n<p><strong>8<\/strong><strong>.<\/strong>\n<strong><em>Kancelaria parafialna\nczynna w sobot\u0119 po Mszy \u015bw. wieczornej. <\/em><\/strong><\/p>\n\n\n\n<p><strong>9<\/strong><strong>. <\/strong>Do\nnabycia jest prasa katolicka: \u201eNiedziela\u201d,&nbsp;\n\u201eGo\u015b\u0107 Niedzielny\u201d Ma\u0142y GN i R\u00f3\u017caniec.<\/p>\n\n\n\n<p><strong>10<\/strong><strong>.<\/strong>\nDzi\u0119kuj\u0119 wszystkim, kt\u00f3rzy w tym tygodniu sprz\u0105tali \u015bwi\u0105tyni\u0119 i przygotowali j\u0105\nna nasze spotkanie eucharystyczne.<\/p>\n\n\n\n<p><strong>11<\/strong><strong>.<\/strong>\nSerdeczne B\u00f3g zap\u0142a\u0107 za ofiary sk\u0142adane na remonty w naszej parafii. <\/p>\n\n\n\n<p><strong>12<\/strong><strong>.<\/strong>\nIntencje mszalne, kalendarze parafialne.<\/p>\n\n\n\n<p><strong>13<\/strong><strong>.<\/strong>\n<strong>Drodzy Parafianie!<\/strong>&nbsp; Jak ju\u017c wiemy w tym roku z powodu pandemii\nnie odb\u0119d\u0105 si\u0119 w tradycyjny spos\u00f3b odwiedziny duszpasterskie. Zapraszamy zatem\nwszystkie rodziny do \u201eParafialnego Betlejem\u201d na wsp\u00f3lne spotkanie\nduszpasterskie. Od godziny <strong>17<sup>00<\/sup><\/strong> b\u0119dzie mo\u017cliwo\u015b\u0107 adoracji\nNaj\u015bwi\u0119tszego Sakramentu. Natomiast o godz. <strong>18<sup>00<\/sup><\/strong>&nbsp; b\u0119d\u0105 \u201eMsze \u015bw. kol\u0119dowe\u201d za rodziny z\nposzczeg\u00f3lnych ulic i miejscowo\u015bci naszej parafii wed\u0142ug\nplanu wy\u0142o\u017conego na kartkach u wyj\u015bcia z ko\u015bcio\u0142a&nbsp; lub dost\u0119pnego na stronie internetowej parafii\n<a href=\"http:\/\/www.parafiascinawa.pl\/komunikaty\">www.parafiascinawa.pl\/komunikaty<\/a>\n(<strong><em>od 6 stycznia<\/em><\/strong>). W czasie Mszy \u015bw.&nbsp; zostanie po\u015bwi\u0119cona woda. Nast\u0119pnie\nzabierzecie j\u0105 do Waszych dom\u00f3w, aby w gronie rodzinnym odprawi\u0107 \u201eKol\u0119dow\u0105\nliturgi\u0119 rodzinn\u0105\u201d i po\u015bwi\u0119ci\u0107 swoje mieszkanie. B\u0119dzie mo\u017cna z\u0142o\u017cy\u0107 na\ntac\u0119&nbsp; jak to czynili\u015bmy ka\u017cdego roku\nofiar\u0119 kol\u0119dow\u0105 przeznaczon\u0105 na potrzeby naszej parafii, ubezpieczenie\nko\u015bcio\u0142\u00f3w, utrzymanie instytucji Diecezji Legnickiej takich jak: Wy\u017csze\nSeminarium Duchowne czy Dom Ksi\u0119\u017cy Emeryt\u00f3w czy ofiar\u0119 na remonty. Na koniec naszego\nspotkania ka\u017cda rodzina otrzyma do domu obrazek kol\u0119dowy oraz tekst \u201eObrz\u0119du liturgii\nrodzinnej\u201d. SERDECZNIE ZAPRASZAMY!<\/p>\n\n\n\n<p><em>\u017byczymy mi\u0142ego\ntygodnia i obfitych \u0142ask Bo\u017cych.<\/em><\/p>\n","protected":false},"excerpt":{"rendered":"<p>1. Dzi\u015b prze\u017cywamy 2 Niedziel\u0119 po Bo\u017cym Narodzeniu. &nbsp;Msze \u015bw. wed\u0142ug porz\u0105dku niedzielnego. Zmiana tajemnic \u017bywego R\u00f3\u017ca\u0144ca o 1030. 2. Msze \u015bw. w tygodniu&nbsp; o 700 i 1800. &nbsp; 3. Codziennie spowied\u017a i adoracja Naj\u015bwi\u0119tszego Sakramentu o godz. 1700. 4. W poniedzia\u0142ek o&nbsp; 1730 nabo\u017ce\u0144stwo do Bo\u017cego Mi\u0142osierdzia. (Na stoliku&#8230; <a class=\"continue-reading-link\" href=\"http:\/\/parafia.scinawa.info\/index.php\/2021\/01\/02\/ogloszenia-duszpasterskie-2-niedziela-po-bozym-narodzeniu-03-01-2021\/\">Czytaj dalej <span class=\"meta-nav\">&rarr; <\/span><\/a><\/p>\n","protected":false},"author":2,"featured_media":0,"comment_status":"closed","ping_status":"closed","sticky":false,"template":"","format":"standard","meta":{"footnotes":""},"categories":[40],"tags":[],"class_list":["post-1602","post","type-post","status-publish","format-standard","hentry","category-ogloszenia-duszpasterskie"],"_links":{"self":[{"href":"http:\/\/parafia.scinawa.info\/index.php\/wp-json\/wp\/v2\/posts\/1602","targetHints":{"allow":["GET"]}}],"collection":[{"href":"http:\/\/parafia.scinawa.info\/index.php\/wp-json\/wp\/v2\/posts"}],"about":[{"href":"http:\/\/parafia.scinawa.info\/index.php\/wp-json\/wp\/v2\/types\/post"}],"author":[{"embeddable":true,"href":"http:\/\/parafia.scinawa.info\/index.php\/wp-json\/wp\/v2\/users\/2"}],"replies":[{"embeddable":true,"href":"http:\/\/parafia.scinawa.info\/index.php\/wp-json\/wp\/v2\/comments?post=1602"}],"version-history":[{"count":1,"href":"http:\/\/parafia.scinawa.info\/index.php\/wp-json\/wp\/v2\/posts\/1602\/revisions"}],"predecessor-version":[{"id":1603,"href":"http:\/\/parafia.scinawa.info\/index.php\/wp-json\/wp\/v2\/posts\/1602\/revisions\/1603"}],"wp:attachment":[{"href":"http:\/\/parafia.scinawa.info\/index.php\/wp-json\/wp\/v2\/media?parent=1602"}],"wp:term":[{"taxonomy":"category","embeddable":true,"href":"http:\/\/parafia.scinawa.info\/index.php\/wp-json\/wp\/v2\/categories?post=1602"},{"taxonomy":"post_tag","embeddable":true,"href":"http:\/\/parafia.scinawa.info\/index.php\/wp-json\/wp\/v2\/tags?post=1602"}],"curies":[{"name":"wp","href":"https:\/\/api.w.org\/{rel}","templated":true}]}}