{"id":1625,"date":"2021-02-06T12:15:49","date_gmt":"2021-02-06T11:15:49","guid":{"rendered":"http:\/\/parafia.scinawa.info\/?p=1625"},"modified":"2021-02-06T12:15:49","modified_gmt":"2021-02-06T11:15:49","slug":"intencje-mszalne-07-02-14-02-2021","status":"publish","type":"post","link":"http:\/\/parafia.scinawa.info\/index.php\/2021\/02\/06\/intencje-mszalne-07-02-14-02-2021\/","title":{"rendered":"INTENCJE MSZALNE 07.02. \u2013 14.02. 2021"},"content":{"rendered":"\n<p><strong><em>Sk\u0142adaj\u0105c\nOfiar\u0119, kt\u00f3ra nam przypomina niezmierzon\u0105 mi\u0142o\u015b\u0107 Twojego Syna, pokornie prosimy\nCi\u0119, Bo\u017ce, przyjmij intencje Twoich wiernych i spraw przez dzia\u0142anie\nEucharystii, aby w naszych rodzinach wzrasta\u0142a prawdziwa wiara, \u015bwi\u0119to\u015b\u0107 \u017cycia,\nbraterska mi\u0142o\u015b\u0107 i duch modlitwy. <\/em><\/strong><strong>Niech\nMatka Naj\u015bwi\u0119tsza wyprosi \u0142aski, o kt\u00f3re modlili\u015bmy si\u0119 w tej Mszy \u015bw. dla \u2026\nZa\u015b zmar\u0142ym \u2026 za kt\u00f3rych odprawiali\u015bmy Msz\u0119 \u015bw.: wieczny odpoczynek racz im\nda\u0107 Panie (\u2026); niech odpoczywaj\u0105 w pokoju wiecznym. Amen<\/strong><\/p>\n\n\n\n<p><strong><em>07.02.\n&#8211; NIEDZIELA&nbsp; <\/em><\/strong><em><\/em><\/p>\n\n\n\n<p><strong>&nbsp; 8.oo \u2013 1) <\/strong>+ Ryszarda\n\u017burawskiego w 3 rocz. \u015bm. oraz ++ z rodziny Cyglickich i \u017burawskich <\/p>\n\n\n\n<p>&nbsp;&nbsp;&nbsp;&nbsp;&nbsp;&nbsp;&nbsp;&nbsp;&nbsp;&nbsp;&nbsp;&nbsp;&nbsp;&nbsp;&nbsp;&nbsp;&nbsp; \u2013 modli si\u0119 rodzina<\/p>\n\n\n\n<p><strong>&nbsp;&nbsp;&nbsp;&nbsp;&nbsp;&nbsp;&nbsp;&nbsp;&nbsp;&nbsp;&nbsp; &nbsp;\n2)<\/strong> + Ann\u0119 \u017b\u00f3\u0142tkowsk\u0105 &#8211; 30 dzie\u0144 od pogrzebu \u2013 intencja\nod uczestnik\u00f3w Mszy pogrzebowej<\/p>\n\n\n\n<p><strong>&nbsp;&nbsp;9.3o \u2013 <\/strong>&nbsp;+ Stefana Kiela w 1 rocz. \u015bm. <\/p>\n\n\n\n<p><strong>11.oo\n\u2013 1) <\/strong>w intencji cz\u0142onk\u00f3w Ko\u0142a\nSybirak\u00f3w i ich rodzin dzi\u0119kczynna z pro\u015bb\u0105 o zdrowie, dary <\/p>\n\n\n\n<p>&nbsp;&nbsp;&nbsp;&nbsp;&nbsp;&nbsp;&nbsp;&nbsp;&nbsp;&nbsp;&nbsp;&nbsp;&nbsp;&nbsp;&nbsp;&nbsp;&nbsp; Ducha \u015awi\u0119tego,\nBo\u017ce b\u0142ogos\u0142awie\u0144stwo i opiek\u0119 NMP oraz ++ Sybirak\u00f3w i z ich rodzin<\/p>\n\n\n\n<p>&nbsp;&nbsp;&nbsp;&nbsp;&nbsp;&nbsp;&nbsp;&nbsp;&nbsp;&nbsp;&nbsp;&nbsp;&nbsp;&nbsp;&nbsp; &nbsp;&nbsp;&#8211; modli\nsi\u0119 Ko\u0142o Sybirak\u00f3w w \u015acinawie<\/p>\n\n\n\n<p><strong>&nbsp;&nbsp;&nbsp;&nbsp;&nbsp;&nbsp;&nbsp;&nbsp;&nbsp;&nbsp;&nbsp; &nbsp;\n2) <\/strong>+ Mari\u0119 Szpularz w 6 rocz.\n\u015bm., ++ rodzic\u00f3w: Joann\u0119 i Piotra Jastrz\u0119bskich, Mari\u0119 i J\u00f3zefa<\/p>\n\n\n\n<p>&nbsp;&nbsp;&nbsp;&nbsp;&nbsp;&nbsp;&nbsp;&nbsp;&nbsp;&nbsp;&nbsp;&nbsp;&nbsp;&nbsp;&nbsp;&nbsp;&nbsp; &nbsp;Mizier\u00f3w, brata Jana Jastrz\u0119bskiego oraz\nkuzynk\u0119 Krystyn\u0119 <\/p>\n\n\n\n<p><strong>12.3o\n\u2013 1) <\/strong>w 3 rocz. urodzin Mi\u0142osza\nPietrzaka dzi\u0119kczynna z pro\u015bb\u0105 o zdrowie, dary Ducha <\/p>\n\n\n\n<p>&nbsp;&nbsp;&nbsp;&nbsp;&nbsp;&nbsp;&nbsp;&nbsp;&nbsp;&nbsp;&nbsp;&nbsp;&nbsp;&nbsp;&nbsp;&nbsp; \u015awi\u0119tego, Bo\u017ce\nb\u0142ogos\u0142awie\u0144stwo i opiek\u0119 NMP \u2013 modl\u0105 si\u0119 rodzice, dziadkowie i rodzina <\/p>\n\n\n\n<p><strong>&nbsp;&nbsp;&nbsp;&nbsp;&nbsp;&nbsp;&nbsp;&nbsp;&nbsp;&nbsp;&nbsp; &nbsp;\n2)<\/strong> + Mari\u0119\nSzpularz w 6 rocz. \u015bm., ++ Karolin\u0119 i Antoniego &nbsp;Szpularz\u00f3w oraz ++ z rodziny <\/p>\n\n\n\n<p>&nbsp;&nbsp;&nbsp;&nbsp;&nbsp;&nbsp;&nbsp; &nbsp;&nbsp;&nbsp;&nbsp;&nbsp;&nbsp;&nbsp;&nbsp;&nbsp;&nbsp;Jastrz\u0119bskich \u2013 modli si\u0119 rodzina<\/p>\n\n\n\n<p><strong>18.oo\n\u2013 &nbsp;<\/strong>&nbsp;+\nJanin\u0119 Szurgot \u2013 gregorianka 8<strong>&nbsp; &nbsp;<\/strong>&nbsp;<\/p>\n\n\n\n<p><strong><em>08.02.\n\u2013 PONIEDZIA\u0141EK<\/em><\/strong><\/p>\n\n\n\n<p><strong>&nbsp; &nbsp;&nbsp;7.oo\n\u2013 <\/strong>&nbsp;<\/p>\n\n\n\n<p><strong>18.oo\n\u2013 1) <\/strong>&nbsp;+ Janin\u0119 Szurgot \u2013 gregorianka 9<\/p>\n\n\n\n<p><strong>&nbsp;&nbsp;&nbsp;&nbsp;&nbsp;&nbsp;&nbsp;&nbsp;&nbsp;&nbsp;&nbsp; &nbsp;\n2)<\/strong> + Jana Biniarza &#8211; 30 dzie\u0144 od pogrzebu \u2013 intencja od\nuczestnik\u00f3w Mszy pogrzebowej<\/p>\n\n\n\n<p><strong><em>09.02.\n&#8211; WTOREK<\/em><\/strong><em><\/em><\/p>\n\n\n\n<p><strong>&nbsp; 7.oo \u2013<\/strong><\/p>\n\n\n\n<p><strong>18.oo\n\u2013 <\/strong>&nbsp;+\nJanin\u0119 Szurgot \u2013 gregorianka 10<\/p>\n\n\n\n<p><strong><em>10.02.\n\u2013 \u015aRODA <\/em><\/strong><\/p>\n\n\n\n<p><strong>&nbsp; 7.oo \u2013 1) <\/strong>&nbsp;+\nJanin\u0119 Szurgot \u2013 gregorianka 11<\/p>\n\n\n\n<p><strong>&nbsp;&nbsp;&nbsp;&nbsp;&nbsp;&nbsp;&nbsp;&nbsp;&nbsp;&nbsp;&nbsp; &nbsp;\n2)<\/strong> ++ c\u00f3rk\u0119 Mari\u0119, zi\u0119cia\nWojciecha oraz za dusze w czy\u015b\u0107cu cierpi\u0105ce \u2013 modl\u0105 si\u0119 rodzice<\/p>\n\n\n\n<p><strong>18.oo\n\u2013&nbsp; intencja zbiorowa nowennowa:<\/strong><\/p>\n\n\n\n<p><strong>&nbsp;1)<\/strong> + Kazimierza\nIwanowskiego &#8211; 30 dzie\u0144 od pogrzebu \u2013 intencja od uczestnik\u00f3w Mszy pogrzebowej<\/p>\n\n\n\n<p><strong>&nbsp;2)<\/strong> w intencji Mariusza z\nokazji urodzin dzi\u0119kczynna z pro\u015bb\u0105 o\nzdrowie, dary Ducha \u015awi\u0119tego, Bo\u017ce<\/p>\n\n\n\n<p>&nbsp;&nbsp;&nbsp;&nbsp;&nbsp; &nbsp;b\u0142ogos\u0142awie\u0144stwo i opiek\u0119 NMP<\/p>\n\n\n\n<p><strong>&nbsp;3)<\/strong> w intencji Magdaleny o szcz\u0119\u015bliwe rozwi\u0105zanie i opiek\u0119 NMP<\/p>\n\n\n\n<p><strong>&nbsp;4)<\/strong><\/p>\n\n\n\n<p><strong><em>11.02. \u2013 CZWARTEK <\/em><\/strong><em>&nbsp;<\/em><\/p>\n\n\n\n<p><strong>&nbsp; 7.oo \u2013<\/strong> &nbsp;<\/p>\n\n\n\n<p><strong>18.oo\n\u2013 <\/strong>&nbsp;<strong>1) <\/strong>&nbsp;+\nJanin\u0119 Szurgot \u2013 gregorianka 12<\/p>\n\n\n\n<p><strong>&nbsp;&nbsp;&nbsp;&nbsp;&nbsp;&nbsp;&nbsp;&nbsp;&nbsp;&nbsp;&nbsp; &nbsp;\n2)<\/strong> + Janin\u0119 Owczarek \u2013 modli\nsi\u0119 rodzina Stasiak\u00f3w z \u0141ask<\/p>\n\n\n\n<p><strong><em>12.02. \u2013 PI\u0104TEK<\/em><\/strong><\/p>\n\n\n\n<p><strong>&nbsp; 7.oo \u2013<\/strong> &nbsp;<\/p>\n\n\n\n<p><strong>18.oo\n\u2013 1) <\/strong>&nbsp;+ Janin\u0119 Szurgot \u2013 gregorianka 13<\/p>\n\n\n\n<p><strong>&nbsp;&nbsp;&nbsp;&nbsp;&nbsp;&nbsp;&nbsp;&nbsp;&nbsp;&nbsp;&nbsp; &nbsp;\n2)<\/strong> + Andrzeja Flunta w 1 rocz. \u015bm. \u2013 modl\u0105 si\u0119 rodzice\ni rodzina <\/p>\n\n\n\n<p><strong><em>13.02. \u2013 SOBOTA<\/em><\/strong><\/p>\n\n\n\n<p><strong>&nbsp; 7.oo \u2013<\/strong> + m\u0119\u017ca W\u0142adys\u0142awa\nRadomskiego w 12 rocz. \u015bm. oraz ++ jego rodzic\u00f3w i rodze\u0144stwo <\/p>\n\n\n\n<p>&nbsp;&nbsp;&nbsp;&nbsp;&nbsp;&nbsp;&nbsp;&nbsp;&nbsp;&nbsp;&nbsp;&nbsp;&nbsp;&nbsp;&nbsp;\n\u2013 modli si\u0119 \u017cona z rodzin\u0105<\/p>\n\n\n\n<p><strong>18.oo\n\u2013 1) <\/strong>&nbsp;+ Janin\u0119 Szurgot \u2013 gregorianka 14<\/p>\n\n\n\n<p><strong>&nbsp;&nbsp;&nbsp;&nbsp;&nbsp;&nbsp;&nbsp;&nbsp;&nbsp;&nbsp;&nbsp; &nbsp;\n2)<\/strong> w 24 rocz. urodzin Kamili i w 15 rocz. urodzin\nKingi o \u015bwiat\u0142o Ducha \u015awi\u0119tego, Bo\u017ce<\/p>\n\n\n\n<p>&nbsp;&nbsp;&nbsp;&nbsp;&nbsp;&nbsp;&nbsp;&nbsp;&nbsp;&nbsp;&nbsp;&nbsp;&nbsp;&nbsp;&nbsp;&nbsp;&nbsp;\n&nbsp;b\u0142ogos\u0142awie\u0144stwo, opiek\u0119 NMP i\n\u015bw. Patron\u00f3w \u2013 modl\u0105 si\u0119 rodzice<\/p>\n\n\n\n<p><strong><em>14.02. \u2013 NIEDZIELA&nbsp; <\/em><\/strong><\/p>\n\n\n\n<p><strong>&nbsp; 8.oo \u2013 1) <\/strong>++ Jana Muszy\u0144skiego, Kazimier\u0119, Stanis\u0142awa, Kazimierza, ++ babcie i\ndziadk\u00f3w<strong> <\/strong><\/p>\n\n\n\n<p><strong>&nbsp;&nbsp;&nbsp;&nbsp;&nbsp;&nbsp;&nbsp;&nbsp;&nbsp;&nbsp;&nbsp; &nbsp;\n2)<\/strong> ++ Helen\u0119 Cir\u00f3g i Romana Zygnerskiego&nbsp; Msza zam\u00f3wiona przez dawny Komitet <\/p>\n\n\n\n<p>&nbsp;&nbsp;&nbsp;&nbsp;&nbsp;&nbsp;&nbsp;&nbsp;&nbsp;&nbsp;&nbsp;&nbsp;&nbsp;&nbsp;&nbsp;&nbsp;&nbsp;&nbsp;\nObywatelski \u2013 Solidarno\u015b\u0107 RI<\/p>\n\n\n\n<p><strong>&nbsp; 9.3o \u2013 <\/strong>&nbsp;+ Karolin\u0119 \u0141oz\u0119 w 1 rocz. \u015bm. oraz ++ z\nrodziny \u0141oz\u00f3w, Cie\u015bli\u0144skich, Wr\u00f3blewskich,<\/p>\n\n\n\n<p>&nbsp;&nbsp;&nbsp;&nbsp;&nbsp;&nbsp;&nbsp;&nbsp;&nbsp;&nbsp;&nbsp;&nbsp;&nbsp;&nbsp;\n&nbsp;Brenner\u00f3w, Wojciechowskich \u2013\nmodli si\u0119 rodzina <\/p>\n\n\n\n<p><strong>11.oo\n\u2013 1) <\/strong>w 50 rocz. \u015blubu Ewy i\nStanis\u0142awa Kikowskich dzi\u0119kczynna z pro\u015bb\u0105 o zdrowie, dary<\/p>\n\n\n\n<p>&nbsp;&nbsp;&nbsp;&nbsp;&nbsp;&nbsp;&nbsp;&nbsp;&nbsp;&nbsp;&nbsp;&nbsp;&nbsp;&nbsp;&nbsp; &nbsp;Ducha \u015awi\u0119tego, Bo\u017ce b\u0142ogos\u0142awie\u0144stwo i opiek\u0119\nNMP \u2013 modli si\u0119 Wac\u0142awa Golczyk <\/p>\n\n\n\n<p><strong>&nbsp;&nbsp;&nbsp;&nbsp;&nbsp;&nbsp;&nbsp;&nbsp;&nbsp;&nbsp;&nbsp; &nbsp;\n2)<\/strong> + Filomen\u0119 Trubick\u0105 w 4\nrocz. \u015bm. oraz ++ z rodziny Trubickich, Koz\u0142owskich,<\/p>\n\n\n\n<p>&nbsp;&nbsp;&nbsp;&nbsp;&nbsp;&nbsp;&nbsp;&nbsp;&nbsp;&nbsp;&nbsp;&nbsp;&nbsp;&nbsp;&nbsp;&nbsp;&nbsp; &nbsp;Kulczyckich, Serafin\u00f3w i El\u017cbiet\u0119 Demczak<strong> <\/strong>&nbsp;<\/p>\n\n\n\n<p><strong>12.3o\n\u2013 1) <\/strong>w 19 rocz. urodzin\nMateusza Pytlarza dzi\u0119kczynna z pro\u015bb\u0105 o zdrowie, dary<\/p>\n\n\n\n<p>&nbsp;&nbsp;&nbsp;&nbsp;&nbsp;&nbsp;&nbsp;&nbsp;&nbsp;&nbsp;&nbsp;&nbsp; &nbsp;&nbsp;&nbsp;&nbsp;Ducha \u015awi\u0119tego, Bo\u017ce b\u0142ogos\u0142awie\u0144stwo i opiek\u0119\nNMP \u2013 modli si\u0119 rodzina<\/p>\n\n\n\n<p><strong>&nbsp;&nbsp;&nbsp;&nbsp;&nbsp;&nbsp;&nbsp;&nbsp;&nbsp;&nbsp;&nbsp; &nbsp;\n2)<\/strong> zaj. P. Ho\u0142ubecka<\/p>\n\n\n\n<p><strong>18.oo\n\u2013 &nbsp;<\/strong>+ Janin\u0119 Szurgot \u2013 gregorianka 15 <\/p>\n","protected":false},"excerpt":{"rendered":"<p>Sk\u0142adaj\u0105c Ofiar\u0119, kt\u00f3ra nam przypomina niezmierzon\u0105 mi\u0142o\u015b\u0107 Twojego Syna, pokornie prosimy Ci\u0119, Bo\u017ce, przyjmij intencje Twoich wiernych i spraw przez dzia\u0142anie Eucharystii, aby w naszych rodzinach wzrasta\u0142a prawdziwa wiara, \u015bwi\u0119to\u015b\u0107 \u017cycia, braterska mi\u0142o\u015b\u0107 i duch modlitwy. Niech Matka Naj\u015bwi\u0119tsza wyprosi \u0142aski, o kt\u00f3re modlili\u015bmy si\u0119 w tej Mszy \u015bw. dla&#8230; <a class=\"continue-reading-link\" href=\"http:\/\/parafia.scinawa.info\/index.php\/2021\/02\/06\/intencje-mszalne-07-02-14-02-2021\/\">Czytaj dalej <span class=\"meta-nav\">&rarr; <\/span><\/a><\/p>\n","protected":false},"author":2,"featured_media":0,"comment_status":"closed","ping_status":"closed","sticky":false,"template":"","format":"standard","meta":{"footnotes":""},"categories":[39],"tags":[],"class_list":["post-1625","post","type-post","status-publish","format-standard","hentry","category-intencje"],"_links":{"self":[{"href":"http:\/\/parafia.scinawa.info\/index.php\/wp-json\/wp\/v2\/posts\/1625","targetHints":{"allow":["GET"]}}],"collection":[{"href":"http:\/\/parafia.scinawa.info\/index.php\/wp-json\/wp\/v2\/posts"}],"about":[{"href":"http:\/\/parafia.scinawa.info\/index.php\/wp-json\/wp\/v2\/types\/post"}],"author":[{"embeddable":true,"href":"http:\/\/parafia.scinawa.info\/index.php\/wp-json\/wp\/v2\/users\/2"}],"replies":[{"embeddable":true,"href":"http:\/\/parafia.scinawa.info\/index.php\/wp-json\/wp\/v2\/comments?post=1625"}],"version-history":[{"count":1,"href":"http:\/\/parafia.scinawa.info\/index.php\/wp-json\/wp\/v2\/posts\/1625\/revisions"}],"predecessor-version":[{"id":1626,"href":"http:\/\/parafia.scinawa.info\/index.php\/wp-json\/wp\/v2\/posts\/1625\/revisions\/1626"}],"wp:attachment":[{"href":"http:\/\/parafia.scinawa.info\/index.php\/wp-json\/wp\/v2\/media?parent=1625"}],"wp:term":[{"taxonomy":"category","embeddable":true,"href":"http:\/\/parafia.scinawa.info\/index.php\/wp-json\/wp\/v2\/categories?post=1625"},{"taxonomy":"post_tag","embeddable":true,"href":"http:\/\/parafia.scinawa.info\/index.php\/wp-json\/wp\/v2\/tags?post=1625"}],"curies":[{"name":"wp","href":"https:\/\/api.w.org\/{rel}","templated":true}]}}