{"id":1628,"date":"2021-02-13T14:16:02","date_gmt":"2021-02-13T13:16:02","guid":{"rendered":"http:\/\/parafia.scinawa.info\/?p=1628"},"modified":"2021-02-13T14:16:02","modified_gmt":"2021-02-13T13:16:02","slug":"ogloszenia-duszpasterskie-6-niedziela-zwykla-14-02-2021","status":"publish","type":"post","link":"http:\/\/parafia.scinawa.info\/index.php\/2021\/02\/13\/ogloszenia-duszpasterskie-6-niedziela-zwykla-14-02-2021\/","title":{"rendered":"Og\u0142oszenia duszpasterskie    6 Niedziela zwyk\u0142a \u2013 14.02. 2021"},"content":{"rendered":"\n<p><strong>1<\/strong><strong>.<\/strong> Dzi\u015b prze\u017cywamy\n<strong>6 Niedziel\u0119 zwyk\u0142\u0105.<\/strong> Msze \u015bw. wed\u0142ug porz\u0105dku\nniedzielnego. &nbsp;&nbsp;&nbsp;<\/p>\n\n\n\n<p><strong>2<\/strong><strong>.<\/strong>\nMsze \u015bw. w tygodniu&nbsp; o <strong>7<sup>00<\/sup><\/strong>\ni <strong>18<sup>00<\/sup><\/strong>. &nbsp;<\/p>\n\n\n\n<p><strong>3<\/strong><strong>. <\/strong>Codziennie\nspowied\u017a i adoracja Naj\u015bwi\u0119tszego Sakramentu o godz. <strong>17<sup>00<\/sup>.<\/strong><\/p>\n\n\n\n<p><strong>4<\/strong><strong>. W poniedzia\u0142ek o&nbsp; 17<sup>30<\/sup> nabo\u017ce\u0144stwo do Bo\u017cego Mi\u0142osierdzia.\n<\/strong>(Na\nstoliku pod ch\u00f3rem znajduj\u0105 si\u0119 kartki, na kt\u00f3rych mo\u017cna wypisywa\u0107 pro\u015bby i podzi\u0119kowania,\nkt\u00f3re b\u0119dziemy poleca\u0107 Bo\u017cemu Mi\u0142osierdziu).<\/p>\n\n\n\n<p><strong>5. <\/strong>W\n\u015brod\u0119 Nowenna do NMP Nieustaj\u0105cej Pomocy o godz. <strong>17<sup>30<\/sup><\/strong>.<\/p>\n\n\n\n<p><strong>6<\/strong><strong>.<\/strong>\n<strong><em>17\nlutego &#8211; \u015arod\u0105 Popielcow\u0105 rozpoczynamy Wielki Post. <\/em><\/strong><\/p>\n\n\n\n<p><strong><em>&nbsp;&nbsp;&nbsp;&nbsp; Msze \u015bw. w naszej parafii:&nbsp; <\/em><\/strong>o <strong>8<sup>00<\/sup><\/strong>,<strong>11<sup>00<\/sup><\/strong>\n<strong>16<sup>00 <\/sup><\/strong>i<strong> 18<sup>00<\/sup><\/strong>, w R\u0119szowie o <strong>17<sup>00<\/sup>.<\/strong><strong><em> &nbsp;&nbsp;&nbsp;&nbsp; <\/em><\/strong><\/p>\n\n\n\n<p><strong><em>&nbsp;&nbsp;&nbsp;&nbsp; Na ka\u017cdej Mszy \u015bw. posypanie g\u0142\u00f3w popio\u0142em\nna znak pokuty.<\/em><\/strong><\/p>\n\n\n\n<p><strong>7<\/strong><strong>.<\/strong>\nW \u015brod\u0119 obowi\u0105zuje post \u015bcis\u0142y. Przypominamy, \u017ce katolicy wszelkie zabawy ko\u0144cz\u0105\nwe wtorek do godz. 24.00. W \u015brod\u0119 rozpoczynamy dni modlitw o trze\u017awo\u015b\u0107 narodu i\nducha pokuty.<\/p>\n\n\n\n<p><strong>8<\/strong><strong>.<\/strong>\nW Wielkim Po\u015bcie nabo\u017ce\u0144stwa Drogi Krzy\u017cowej w pi\u0105tki:o <strong>8<sup>30<\/sup> <\/strong>dla doros\u0142ych;<strong> 16<sup>00\n<\/sup>&nbsp;<\/strong>dla dzieci i m\u0142odzie\u017cy<strong>, 17<sup>30<\/sup>\n<\/strong>dla doros\u0142ych, w R\u0119szowie o <strong>17<sup>00<\/sup><\/strong><\/p>\n\n\n\n<p><strong>9<\/strong><strong>.<\/strong>\nGorzkie \u017bale w niedziel\u0119 o godz. <strong>17<sup>15<\/sup>.<\/strong>Za udzia\u0142 w\nnabo\u017ce\u0144stwie Gorzkich \u017bali w Wielkim Po\u015bcie oraz za odprawienie Drogi Krzy\u017cowej\nmo\u017cna uzyska\u0107 odpust zupe\u0142ny pod zwyk\u0142ymi warunkami.<\/p>\n\n\n\n<p><strong>10<\/strong><strong>. <\/strong>W przysz\u0142\u0105 niedziel\u0119 b\u0119dziemy prze\u017cywa\u0107 <strong>1 Niedziel\u0119 Wielkiego Postu.<\/strong> Msze \u015bw. wed\u0142ug\nporz\u0105dku niedzielnego. <strong><em>R\u00f3wnie\u017c <\/em><\/strong><strong><em>w przysz\u0142\u0105 niedziel\u0119<\/em><\/strong><strong><em>\nspotkanie dla rodzic\u00f3w i dzieci Pierwszokomunijnych o godz. 12<sup>30<\/sup> po\u0142\u0105czone\nz po\u015bwi\u0119ceniem i przekazaniem dzieciom ksi\u0105\u017ceczek.<\/em><\/strong><\/p>\n\n\n\n<p><strong>11<\/strong><strong>.<\/strong>\nKancelaria czynna codziennie po Mszy \u015bw. wieczornej z wyj\u0105tkiem niedziel, uroczysto\u015bci\ni \u015bwi\u0105t.<\/p>\n\n\n\n<p><strong>12<\/strong><strong>.<\/strong>\nDo nabycia jest prasa katolicka: Niedziela, Go\u015b\u0107 Niedzielny i R\u00f3\u017caniec. <\/p>\n\n\n\n<p><strong>13<\/strong><strong>.<\/strong>\nDzi\u0119kuj\u0119 wszystkim, kt\u00f3rzy w tym tygodniu sprz\u0105tali \u015bwi\u0105tyni\u0119 i przygotowali j\u0105\nna nasze spotkanie eucharystyczne.<\/p>\n\n\n\n<p><strong>14<\/strong><strong>.<\/strong>\nSerdeczne B\u00f3g zap\u0142a\u0107 za ofiary sk\u0142adane na remonty w naszej parafii. <\/p>\n\n\n\n<p><strong>15<\/strong><strong>.<\/strong>\nIntencje mszalne, obrazki \u2013 pami\u0105tki odprawionej Mszy \u015bw.<em>\u017byczymy mi\u0142ego tygodnia i obfitych \u0142ask Bo\u017cych.<\/em><\/p>\n","protected":false},"excerpt":{"rendered":"<p>1. Dzi\u015b prze\u017cywamy 6 Niedziel\u0119 zwyk\u0142\u0105. Msze \u015bw. wed\u0142ug porz\u0105dku niedzielnego. &nbsp;&nbsp;&nbsp; 2. Msze \u015bw. w tygodniu&nbsp; o 700 i 1800. &nbsp; 3. Codziennie spowied\u017a i adoracja Naj\u015bwi\u0119tszego Sakramentu o godz. 1700. 4. W poniedzia\u0142ek o&nbsp; 1730 nabo\u017ce\u0144stwo do Bo\u017cego Mi\u0142osierdzia. (Na stoliku pod ch\u00f3rem znajduj\u0105 si\u0119 kartki, na kt\u00f3rych&#8230; <a class=\"continue-reading-link\" href=\"http:\/\/parafia.scinawa.info\/index.php\/2021\/02\/13\/ogloszenia-duszpasterskie-6-niedziela-zwykla-14-02-2021\/\">Czytaj dalej <span class=\"meta-nav\">&rarr; <\/span><\/a><\/p>\n","protected":false},"author":2,"featured_media":0,"comment_status":"closed","ping_status":"closed","sticky":false,"template":"","format":"standard","meta":{"footnotes":""},"categories":[40],"tags":[],"class_list":["post-1628","post","type-post","status-publish","format-standard","hentry","category-ogloszenia-duszpasterskie"],"_links":{"self":[{"href":"http:\/\/parafia.scinawa.info\/index.php\/wp-json\/wp\/v2\/posts\/1628","targetHints":{"allow":["GET"]}}],"collection":[{"href":"http:\/\/parafia.scinawa.info\/index.php\/wp-json\/wp\/v2\/posts"}],"about":[{"href":"http:\/\/parafia.scinawa.info\/index.php\/wp-json\/wp\/v2\/types\/post"}],"author":[{"embeddable":true,"href":"http:\/\/parafia.scinawa.info\/index.php\/wp-json\/wp\/v2\/users\/2"}],"replies":[{"embeddable":true,"href":"http:\/\/parafia.scinawa.info\/index.php\/wp-json\/wp\/v2\/comments?post=1628"}],"version-history":[{"count":1,"href":"http:\/\/parafia.scinawa.info\/index.php\/wp-json\/wp\/v2\/posts\/1628\/revisions"}],"predecessor-version":[{"id":1629,"href":"http:\/\/parafia.scinawa.info\/index.php\/wp-json\/wp\/v2\/posts\/1628\/revisions\/1629"}],"wp:attachment":[{"href":"http:\/\/parafia.scinawa.info\/index.php\/wp-json\/wp\/v2\/media?parent=1628"}],"wp:term":[{"taxonomy":"category","embeddable":true,"href":"http:\/\/parafia.scinawa.info\/index.php\/wp-json\/wp\/v2\/categories?post=1628"},{"taxonomy":"post_tag","embeddable":true,"href":"http:\/\/parafia.scinawa.info\/index.php\/wp-json\/wp\/v2\/tags?post=1628"}],"curies":[{"name":"wp","href":"https:\/\/api.w.org\/{rel}","templated":true}]}}