{"id":1632,"date":"2021-02-13T14:19:03","date_gmt":"2021-02-13T13:19:03","guid":{"rendered":"http:\/\/parafia.scinawa.info\/?p=1632"},"modified":"2021-02-13T14:19:03","modified_gmt":"2021-02-13T13:19:03","slug":"list-pasterski-biskupa-legnickiego-na-vi-niedziele-zwykla-14-lutego-2021","status":"publish","type":"post","link":"http:\/\/parafia.scinawa.info\/index.php\/2021\/02\/13\/list-pasterski-biskupa-legnickiego-na-vi-niedziele-zwykla-14-lutego-2021\/","title":{"rendered":"List pasterski Biskupa Legnickiego na VI Niedziel\u0119 zwyk\u0142\u0105 (14 lutego 2021)"},"content":{"rendered":"\n<p><strong>Umi\u0142owani\nDiecezjanie!<\/strong><\/p>\n\n\n\n<p>Czas, w kt\u00f3rym \u017cyjemy i\nprze\u017cywamy wsp\u00f3lnot\u0119 Ko\u015bcio\u0142a, przynosi r\u00f3\u017cnorakie wyzwania oraz do\u015bwiadczenie\nkrucho\u015bci naszego istnienia, ale tak\u017ce zach\u0119ca do ci\u0105gle nowego odczytywania\nnatchnie\u0144 Ducha \u015awi\u0119tego, kt\u00f3ry \u201ewieje tam, gdzie chce, i szum jego s\u0142yszysz,\nlecz nie wiesz, sk\u0105d przychodzi i dok\u0105d pod\u0105\u017ca\u201d (J 3,8)<em>.<\/em><\/p>\n\n\n\n<p><strong>S\u0142owa podzi\u0119kowania<\/strong><\/p>\n\n\n\n<p>Na pocz\u0105tku chc\u0119\nserdecznie podzi\u0119kowa\u0107 wszystkim kap\u0142anom naszej diecezji za wytrwa\u0142\u0105 s\u0142u\u017cb\u0119 we\nwsp\u00f3lnotach parafialnych, a tak\u017ce w tych przestrzeniach \u017cycia kap\u0142a\u0144skiego,\nkt\u00f3re nie s\u0105 dla wszystkich \u0142atwo dostrzegalne. My\u015bl\u0119 tu szczeg\u00f3lnie o s\u0142u\u017cbie\nwobec chorych i umieraj\u0105cych, do kt\u00f3rych kap\u0142ani przychodz\u0105 \u2013 w kontek\u015bcie pandemii\n\u2013 z pos\u0142ug\u0105 sakramentaln\u0105 zar\u00f3wno w ich domach, jak i szpitalach. Dzi\u0119kuj\u0119 Wam,\ndrodzy Ksi\u0119\u017ca, za ka\u017cd\u0105 sprawowan\u0105 przez Was Eucharysti\u0119 i za ka\u017cdy sakrament\nspowiedzi oraz za wszelkie przejawy zainteresowania i troski o innych,\nzw\u0142aszcza w tych okoliczno\u015bciach, kt\u00f3re ograniczaj\u0105 nasz\u0105 dzia\u0142alno\u015b\u0107\nduszpastersk\u0105. Dzi\u0119kuj\u0119 za ka\u017cdy przejaw mi\u0142o\u015bci wobec tych, kt\u00f3rzy zostali\npowierzeni Waszej duchowej opiece.<\/p>\n\n\n\n<p>S\u0142owa mojego\npodzi\u0119kowania i wdzi\u0119czno\u015bci kieruj\u0119 r\u00f3wnie\u017c do Was wszystkich, Bracia i\nSiostry, kt\u00f3rzy wiernie trwacie przy Chrystusie w Jego Ko\u015bciele, s\u0142uchacie Jego\ns\u0142owa i uczestniczycie w sakramentach ze \u015bwiadomo\u015bci\u0105, \u017ce \u201eEucharystia daje\n\u017cycie\u201d. Dzi\u0119kuj\u0119 za ka\u017cdy odruch Waszych serc, w kt\u00f3rych przez te ostatnie\nmiesi\u0105ce mo\u017cna by\u0142o dostrzec ogromne pragnienie Boga, mo\u017cliwo\u015bci prze\u017cywania\nsakrament\u00f3w oraz do\u015bwiadczenia wsp\u00f3lnoty parafialnej.<\/p>\n\n\n\n<p><strong>Okres przygotowania paschalnego<\/strong><\/p>\n\n\n\n<p>W przededniu Wielkiego\nPostu pragn\u0119 zaprosi\u0107 Was wszystkich do jeszcze g\u0142\u0119bszego wnikania w tajemnic\u0119\npaschaln\u0105, w m\u0119k\u0119, \u015bmier\u0107 i zmartwychwstanie Jezusa Chrystusa. Mam nadziej\u0119, \u017ce\nw ka\u017cdej z parafii naszej diecezji b\u0119dzie mo\u017cna stworzy\u0107 ku temu okazj\u0119 podczas\nrekolekcji wielkopostnych. Cho\u0107 b\u0119d\u0105 one prze\u017cywane w pewnych ograniczeniach ze\nwzgl\u0119d\u00f3w sanitarnych, to jednak dadz\u0105 mo\u017cliwo\u015b\u0107 pochylenia si\u0119 nad s\u0142owem Bo\u017cym\ni misterium Jezusa Chrystusa.<\/p>\n\n\n\n<p>Bardzo zach\u0119cam moich\nBraci w kap\u0142a\u0144stwie do podj\u0119cia inicjatywy maj\u0105cej na celu prze\u017cywanie ka\u017cdej\n\u015brody i ka\u017cdego pi\u0105tku w Wielkim Po\u015bcie we wszystkich parafiach jako dni\nca\u0142odziennej adoracji Naj\u015bwi\u0119tszego Sakramentu, tak by ka\u017cdy mia\u0142 mo\u017cliwo\u015b\u0107\nosobistego trwania przed \u017cywym Bogiem. Maj\u0105c na uwadze fakt, \u017ce okoliczno\u015bci\nzwi\u0105zane z pandemi\u0105 uniemo\u017cliwi\u0105 tradycyjne organizowanie spowiedzi\nwielkopostnych wykorzystajmy te dni adoracji na d\u0142u\u017csze godziny naszej modlitwy\noraz pos\u0142ugi w konfesjona\u0142ach, tak aby parafianie mieli mo\u017cliwo\u015b\u0107 przyst\u0105pienia\ndo sakramentu pokuty i pojednania&nbsp;w tym szczeg\u00f3lnym czasie przygotowania\ndo \u015bwi\u0105t paschalnych. Wsp\u00f3lnie pro\u015bmy w te dni, w Godzinie Mi\u0142osierdzia, o\n\u0142aski dla ca\u0142ej diecezji, kl\u0119cz\u0105c przed Chrystusem Eucharystycznym i modl\u0105c si\u0119\nKoronk\u0105 do Bo\u017cego Mi\u0142osierdzia. Prosz\u0119 Was wszystkich, drodzy Bracia i Siostry,\nby te dni by\u0142y r\u00f3wnie\u017c czasem podj\u0119cia dobrowolnego postu w intencji ustania\npandemii oraz znajdowania dobrych rozwi\u0105za\u0144 wszystkich trudnych spraw z ni\u0105\nzwi\u0105zanych, a tak\u017ce w intencji Waszych wsp\u00f3lnot parafialnych.<\/p>\n\n\n\n<p>Bardzo prosz\u0119, m\u00f3dlcie\nsi\u0119 te\u017c w Waszych parafiach za katechumen\u00f3w. Od dw\u00f3ch lat w naszej diecezji\nprzygotowuje si\u0119 do przyj\u0119cia chrztu, bierzmowania i Eucharystii pi\u0119ciu\ndoros\u0142ych kandydat\u00f3w. Okres Wielkiego Postu b\u0119dzie dla nich szczeg\u00f3lnie wa\u017cnym\nczasem poprzedzaj\u0105cym przyj\u0119cie tych sakrament\u00f3w w Wigili\u0119 Paschaln\u0105 w\nlegnickiej katedrze. Zach\u0119cam do duchowego wspierania tych os\u00f3b, a tak\u017ce do\nuczestniczenia wraz z nimi w celebracjach I, III, IV i V niedzieli Wielkiego\nPostu w naszej katedrze. B\u0119d\u0105 one r\u00f3wnie\u017c transmitowane w te dni od godz.\n10.00.<\/p>\n\n\n\n<p><strong>Rok \u015awi\u0119tego J\u00f3zefa, Rok Rodziny, Rok\nEucharystii<\/strong><\/p>\n\n\n\n<p>Papie\u017c Franciszek \u2013 z\nokazji przypadaj\u0105cego jubileuszu 150. rocznicy og\u0142oszenia&nbsp;\u015bw. J\u00f3zefa\nPatronem i Opiekunem Ko\u015bcio\u0142a Powszechnego \u2013 skierowa\u0142 do wszystkich wiernych\nlist apostolski \u201ePatris corde\u201d (\u201eOjcowskim sercem\u201d). Gor\u0105co zach\u0119cam wszystkich\ndo lektury tego listu. Ojciec \u015awi\u0119ty napisa\u0142 w nim, \u017ce Jezus Chrystus,\nprzyjmuj\u0105c ludzkie cia\u0142o, \u201estaje si\u0119 tym, kt\u00f3ry potrzebuje J\u00f3zefa, by by\u0142\nbroniony, chroniony, otoczony opiek\u0105, wychowywany. B\u00f3g ufa temu cz\u0142owiekowi\u201d. W\nroku po\u015bwi\u0119conym \u015bw. J\u00f3zefowi zapraszam Was wszystkich do o\u017cywienia kultu tego \u015awi\u0119tego\noraz do bli\u017cszego poznania Jego osoby. <\/p>\n\n\n\n<p>Szczeg\u00f3ln\u0105 okazj\u0105 ku temu\nw naszej diecezji b\u0119dzie 19. dzie\u0144 ka\u017cdego miesi\u0105ca, poczynaj\u0105c od uroczysto\u015bci\n\u015bw. J\u00f3zefa Oblunie\u0144ca NMP (19 marca), kiedy to w Krzeszowie og\u0142osz\u0119 ko\u015bci\u00f3\u0142\nbracki pw. \u015bw. J\u00f3zefa diecezjalnym sanktuarium, a na zako\u0144czenie tej\nuroczysto\u015bci zawierz\u0119 ca\u0142\u0105 diecezj\u0119 legnick\u0105 or\u0119downictwu \u015bw. J\u00f3zefa. Niech\nszczeg\u00f3ln\u0105 form\u0105 oddawania czci Opiekunowi \u015awi\u0119tej Rodziny stanie si\u0119 Msza\nwotywna o \u015bw. J\u00f3zefie, a po niej nabo\u017ce\u0144stwo Jemu po\u015bwi\u0119cone oraz katecheza\nskierowana do doros\u0142ych. Dniem zawierzenia ka\u017cdej z parafii wstawiennictwu \u015bw.\nJ\u00f3zefa ustanawiam niedziel\u0119, 2 maja, bezpo\u015brednio po wspomnieniu \u015bw. J\u00f3zefa\nRzemie\u015blnika oraz pielgrzymce m\u0119\u017cczyzn do Krzeszowa.<\/p>\n\n\n\n<p>R\u00f3wnie\u017c 19 marca br. rozpoczyna si\u0119 w\nKo\u015bciele powszechnym Rok Rodziny pod has\u0142em \u201eAmoris laetitia\u201d (\u2018Rado\u015b\u0107\nmi\u0142o\u015bci\u201d). B\u0119dzie on okazj\u0105, by spojrze\u0107 na wsp\u00f3lnot\u0119 domowego Ko\u015bcio\u0142a jako\nprzestrze\u0144 rozwoju duchowego i wzajemnego umocnienia ma\u0142\u017conk\u00f3w, a tak\u017ce jako\nmiejsce pe\u0142ne bezpiecze\u0144stwa i mi\u0142o\u015bci wobec dzieci i m\u0142odzie\u017cy; jako pocz\u0105tek\nka\u017cdego powo\u0142ania: ma\u0142\u017ce\u0144skiego, kap\u0142a\u0144skiego, misyjnego, zakonnego czy te\u017c\nzwi\u0105zanego z jak\u0105kolwiek form\u0105 \u017cycia konsekrowanego albo s\u0142u\u017cenia innym.<\/p>\n\n\n\n<p>Zach\u0119cam narzeczonych, ma\u0142\u017conk\u00f3w i\nca\u0142e rodziny oraz wszystkich wiernych do pielgrzymowania do ko\u015bcio\u0142\u00f3w pod\nwezwaniem \u015bw. J\u00f3zefa na terenie naszej diecezji, kt\u00f3re w osobnym dekrecie\nog\u0142osi\u0142em ko\u015bcio\u0142ami jubileuszowymi w roku \u015bw. J\u00f3zefa.<\/p>\n\n\n\n<p>Ju\u017c dzisiaj chcia\u0142bym zaprosi\u0107 Was\nwszystkich do udzia\u0142u w peregrynacji obrazu \u015bw. J\u00f3zefa, kt\u00f3ra rozpocznie si\u0119 1.\nmaja, we wspomnienie \u015bw. J\u00f3zefa Robotnika, a zako\u0144czy w listopadzie br.\nSzczeg\u00f3\u0142owe informacje zostan\u0105 przekazane w najbli\u017cszym czasie. W latach\n2012-2015 obraz ten peregrynowa\u0142 po wszystkich, ponad 200 parafiach naszej\ndiecezji. Mam nadziej\u0119, \u017ce to \u201eJ\u00f3zefowe nawiedzenie\u201d przyczyni si\u0119 do powstania\nnowych wsp\u00f3lnot formacyjnych, takich jak Bractwo \u015bw. J\u00f3zefa, zapocz\u0105tkowane w\nXVII wieku na terenie opactwa krzeszowskiego, czy te\u017c M\u0119\u017cczy\u017ani \u015bw. J\u00f3zefa,\nwsp\u00f3lnota maj\u0105ca na celu odkrywanie m\u0119skiej to\u017csamo\u015bci na przyk\u0142adzie tego\nmilcz\u0105cego, ale skutecznego w pos\u0142usznym dzia\u0142aniu \u015awi\u0119tego.<\/p>\n\n\n\n<p>W tym bogatym w wydarzenia czasie\npojawia si\u0119 jeszcze jedna inicjatywa: Obchody Roku Eucharystii, kt\u00f3re\nrozpoczniemy w uroczysto\u015b\u0107 Naj\u015bwi\u0119tszego Cia\u0142a i Krwi Pa\u0144skiej, 3 czerwca br.\nTe diecezjalne obchody s\u0105 wpisane w og\u00f3lnopolski, trzyletni program\nduszpasterski \u201eEucharystia daje \u017cycie\u201d.<\/p>\n\n\n\n<p><strong>Zako\u0144czenie<\/strong><\/p>\n\n\n\n<p>Wa\u017cne jest, aby\u015bmy na te r\u00f3\u017cne\ninicjatywy podejmowane w diecezji i w poszczeg\u00f3lnych parafiach nie patrzyli w\nten spos\u00f3b, \u017ce s\u0105 to \u015brodki, kt\u00f3re automatycznie zmieni\u0105 okoliczno\u015bci naszego\n\u017cycia, w szczeg\u00f3lno\u015bci sytuacj\u0119 zwi\u0105zan\u0105 z pandemi\u0105, kt\u00f3ra dotkn\u0119\u0142a ca\u0142y \u015bwiat.\nJako wsp\u00f3lnota Ko\u015bcio\u0142a wierzymy, \u017ce odczytuj\u0105c znaki czasu&nbsp;i trzymaj\u0105c\nsi\u0119 wiernie Ewangelii, potrafimy zachowa\u0107 chrze\u015bcija\u0144ski pok\u00f3j w naszym \u017cyciu\nosobistym, rodzinnym i spo\u0142ecznym oraz w\u0142a\u015bciwie odnajdziemy si\u0119 w tej\nsytuacji, kt\u00f3ra wymaga respektowania wszelkich przepis\u00f3w pa\u0144stwowo-sanitarnych.\nPok\u0142adaj\u0105c ufno\u015b\u0107 w Bo\u017cej Opatrzno\u015bci i trwaj\u0105c w wierze, przyjmujemy jako\nswoje s\u0142owa \u015bw. Paw\u0142a: \u201eNic nie zdo\u0142a nas od\u0142\u0105czy\u0107 od mi\u0142o\u015bci Boga, kt\u00f3ra jest\nw Chrystusie Jezusie, Panu naszym (Rz 8,39). Niech takie my\u015blenie pomo\u017ce nam\nprzygotowa\u0107 si\u0119 na dzie\u0144 Paschy oraz na ostateczne spotkanie z naszym Panem.<\/p>\n\n\n\n<p>Ju\u017c za kilka dni, w \u015arod\u0119 Popielcow\u0105\nwejdziemy w kolejny w naszym \u017cyciu Wielki Post. \u017bycz\u0105c wytrwania w tej\nczterdziestodniowej pokucie oraz odwagi w podejmowaniu r\u00f3\u017cnych dzie\u0142 s\u0142u\u017c\u0105cych\notrzymaniu \u0142aski Bo\u017cego przebaczenia,&nbsp; zawierzam Was wszystkich\nor\u0119downictwu Matki Bo\u017cej \u0141askawej oraz \u015bw. J\u00f3zefa, Opiekuna Zbawiciela.<\/p>\n\n\n\n<p>Z serca wszystkim b\u0142ogos\u0142awi\u0119<\/p>\n\n\n\n<p>Wasz Biskup<\/p>\n\n\n\n<p><strong>\u2020 Zbigniew Kiernikowski<\/strong><\/p>\n\n\n\n<p><em>Biskup Legnicki<\/em><\/p>\n\n\n\n<p>Legnica, 10 lutego 2021 roku, we\nwspomnienie \u015bw. Scholastyki, dziewicy<\/p>\n\n\n\n<p><em>ldz. 65\/SBL\/2021&nbsp;<\/em><\/p>\n\n\n\n<p>________________________________________________<\/p>\n\n\n\n<p><strong>ZARZ\u0104DZENIE<\/strong><\/p>\n\n\n\n<p>List pasterski Biskupa Legnickiego\nnale\u017cy odczyta\u0107 w VI Niedziel\u0119 zwyk\u0142\u0105 (14 lutego 2021 roku) we wszystkich\nko\u015bcio\u0142ach i kaplicach na terenie Diecezji Legnickiej.&nbsp;<\/p>\n\n\n\n<p>ks. pra\u0142. Robert Kristman<\/p>\n\n\n\n<p><em>Wikariusz Generalny<\/em><\/p>\n","protected":false},"excerpt":{"rendered":"<p>Umi\u0142owani Diecezjanie! Czas, w kt\u00f3rym \u017cyjemy i prze\u017cywamy wsp\u00f3lnot\u0119 Ko\u015bcio\u0142a, przynosi r\u00f3\u017cnorakie wyzwania oraz do\u015bwiadczenie krucho\u015bci naszego istnienia, ale tak\u017ce zach\u0119ca do ci\u0105gle nowego odczytywania natchnie\u0144 Ducha \u015awi\u0119tego, kt\u00f3ry \u201ewieje tam, gdzie chce, i szum jego s\u0142yszysz, lecz nie wiesz, sk\u0105d przychodzi i dok\u0105d pod\u0105\u017ca\u201d (J 3,8). S\u0142owa podzi\u0119kowania Na&#8230; <a class=\"continue-reading-link\" href=\"http:\/\/parafia.scinawa.info\/index.php\/2021\/02\/13\/list-pasterski-biskupa-legnickiego-na-vi-niedziele-zwykla-14-lutego-2021\/\">Czytaj dalej <span class=\"meta-nav\">&rarr; <\/span><\/a><\/p>\n","protected":false},"author":2,"featured_media":0,"comment_status":"closed","ping_status":"closed","sticky":false,"template":"","format":"standard","meta":{"footnotes":""},"categories":[41],"tags":[],"class_list":["post-1632","post","type-post","status-publish","format-standard","hentry","category-komunikaty-duszpasterskie"],"_links":{"self":[{"href":"http:\/\/parafia.scinawa.info\/index.php\/wp-json\/wp\/v2\/posts\/1632","targetHints":{"allow":["GET"]}}],"collection":[{"href":"http:\/\/parafia.scinawa.info\/index.php\/wp-json\/wp\/v2\/posts"}],"about":[{"href":"http:\/\/parafia.scinawa.info\/index.php\/wp-json\/wp\/v2\/types\/post"}],"author":[{"embeddable":true,"href":"http:\/\/parafia.scinawa.info\/index.php\/wp-json\/wp\/v2\/users\/2"}],"replies":[{"embeddable":true,"href":"http:\/\/parafia.scinawa.info\/index.php\/wp-json\/wp\/v2\/comments?post=1632"}],"version-history":[{"count":1,"href":"http:\/\/parafia.scinawa.info\/index.php\/wp-json\/wp\/v2\/posts\/1632\/revisions"}],"predecessor-version":[{"id":1633,"href":"http:\/\/parafia.scinawa.info\/index.php\/wp-json\/wp\/v2\/posts\/1632\/revisions\/1633"}],"wp:attachment":[{"href":"http:\/\/parafia.scinawa.info\/index.php\/wp-json\/wp\/v2\/media?parent=1632"}],"wp:term":[{"taxonomy":"category","embeddable":true,"href":"http:\/\/parafia.scinawa.info\/index.php\/wp-json\/wp\/v2\/categories?post=1632"},{"taxonomy":"post_tag","embeddable":true,"href":"http:\/\/parafia.scinawa.info\/index.php\/wp-json\/wp\/v2\/tags?post=1632"}],"curies":[{"name":"wp","href":"https:\/\/api.w.org\/{rel}","templated":true}]}}