{"id":1639,"date":"2021-02-27T10:30:45","date_gmt":"2021-02-27T09:30:45","guid":{"rendered":"http:\/\/parafia.scinawa.info\/?p=1639"},"modified":"2021-02-27T10:30:45","modified_gmt":"2021-02-27T09:30:45","slug":"intencje-mszalne-28-02-07-03-2021","status":"publish","type":"post","link":"http:\/\/parafia.scinawa.info\/index.php\/2021\/02\/27\/intencje-mszalne-28-02-07-03-2021\/","title":{"rendered":"INTENCJE MSZALNE 28.02. \u2013 07.03. 2021"},"content":{"rendered":"\n<p><strong><em>Sk\u0142adaj\u0105c\nOfiar\u0119, kt\u00f3ra nam przypomina niezmierzon\u0105 mi\u0142o\u015b\u0107 Twojego Syna, pokornie prosimy\nCi\u0119, Bo\u017ce, przyjmij intencje Twoich wiernych i spraw przez dzia\u0142anie\nEucharystii, aby w naszych rodzinach wzrasta\u0142a prawdziwa wiara, \u015bwi\u0119to\u015b\u0107 \u017cycia,\nbraterska mi\u0142o\u015b\u0107 i duch modlitwy. <\/em><\/strong><strong>Niech\nMatka Naj\u015bwi\u0119tsza wyprosi \u0142aski, o kt\u00f3re modlili\u015bmy si\u0119 w tej Mszy \u015bw. dla \u2026\nZa\u015b zmar\u0142ym \u2026 za kt\u00f3rych odprawiali\u015bmy Msz\u0119 \u015bw.: wieczny odpoczynek racz im\nda\u0107 Panie (\u2026); niech odpoczywaj\u0105 w pokoju wiecznym. Amen<\/strong><\/p>\n\n\n\n<p><strong><em>28.02.\n&#8211; NIEDZIELA&nbsp; <\/em><\/strong><em><\/em><\/p>\n\n\n\n<p><strong>&nbsp;8.oo \u2013 1) <\/strong>++ Bogus\u0142awa i Leszka Koszty\u0142\u00f3w, Juli\u0119 i Antoniego Malawskich oraz ++ z\nrodziny<\/p>\n\n\n\n<p>&nbsp;&nbsp;&nbsp;&nbsp;&nbsp;&nbsp;&nbsp;&nbsp;&nbsp;&nbsp;&nbsp;&nbsp;&nbsp;&nbsp;&nbsp; &nbsp;&nbsp;Koszty\u0142\u00f3w, Malawskich, Kowal\u00f3w i Niewi\u0144skich\n<\/p>\n\n\n\n<p><strong>&nbsp;&nbsp;&nbsp;&nbsp;&nbsp;&nbsp;&nbsp;&nbsp;&nbsp;&nbsp;&nbsp; &nbsp;\n2)<\/strong> + m\u0119\u017ca J\u00f3zefa w 22 rocz.\n\u015bm. i dusze w czy\u015b\u0107cu cierpi\u0105ce <\/p>\n\n\n\n<p><strong>&nbsp;&nbsp;9.3o \u2013 <\/strong>&nbsp;+ Helen\u0119 Przybylsk\u0105 w 25 rocz. \u015bm. \u2013 modli si\u0119\nEl\u017cbieta z rodzin\u0105 <\/p>\n\n\n\n<p><strong>11.oo\n\u2013 1) <\/strong>+ tat\u0119 Piotra Je\u017cyn\u0119 w 6\nrocz. \u015bm. oraz ++ z rodziny Je\u017cyn\u00f3w: Ann\u0119, Mari\u0119, Rozali\u0119, <\/p>\n\n\n\n<p>&nbsp;&nbsp;&nbsp;&nbsp;&nbsp;&nbsp;&nbsp;&nbsp;&nbsp;&nbsp;&nbsp;&nbsp;&nbsp;&nbsp;&nbsp;&nbsp; Zofi\u0119, J\u00f3zefa i\nWac\u0142awa \u2013 modl\u0105 si\u0119 dzieci i wnuki<\/p>\n\n\n\n<p><strong>&nbsp;&nbsp;&nbsp;&nbsp;&nbsp;&nbsp;&nbsp;&nbsp;&nbsp;&nbsp;&nbsp; &nbsp;\n2) <\/strong>+ ks. Pra\u0142ata Stefana\nZawadzkiego w 51 rocz. \u015bm. oraz ++ kap\u0142an\u00f3w pracuj\u0105cych <\/p>\n\n\n\n<p>&nbsp;&nbsp;&nbsp;&nbsp;&nbsp;&nbsp;&nbsp;&nbsp;&nbsp;&nbsp;&nbsp;&nbsp;&nbsp;&nbsp;&nbsp;&nbsp; w tej parafii \u2013\nmodl\u0105 si\u0119 parafianki <\/p>\n\n\n\n<p><strong>12.3o\n\u2013 1) <\/strong>+ Kazimierza Waliszaka w 6\nrocz. \u015bm. \u2013 modli si\u0119 \u017cona Maria z rodzin\u0105<\/p>\n\n\n\n<p><strong>&nbsp;&nbsp;&nbsp;&nbsp;&nbsp;&nbsp;&nbsp;&nbsp;&nbsp;&nbsp;&nbsp; 2)<\/strong> ++ rodzic\u00f3w: Mariann\u0119, Jana, Wilhelma oraz\nsiostr\u0119 Bronis\u0142aw\u0119 \u2013 modli si\u0119 c\u00f3rka z rodzin\u0105<\/p>\n\n\n\n<p><strong>18.oo\n\u2013 1) <\/strong>+ Janin\u0119 Szurgot \u2013\ngregorianka 29 <\/p>\n\n\n\n<p><strong>&nbsp;&nbsp;&nbsp;&nbsp;&nbsp;&nbsp;&nbsp;&nbsp;&nbsp; 2) <\/strong>+ Krystyn\u0119 Bentkowsk\u0105 &#8211; 30 dzie\u0144 od pogrzebu &#8211; intencja od\nuczestnik\u00f3w Mszy pogrzebowej<strong>&nbsp; &nbsp;<\/strong>&nbsp;<\/p>\n\n\n\n<p><strong><em>01.03.\n\u2013 PONIEDZIA\u0141EK<\/em><\/strong><\/p>\n\n\n\n<p><strong>&nbsp; 7.oo \u2013 <\/strong>&nbsp;w 70 rocz. urodzin Bo\u017ceny dzi\u0119kczynna za otrzymane \u0142aski z pro\u015bb\u0105 o\nzdrowie, dary Ducha<\/p>\n\n\n\n<p>&nbsp;&nbsp;&nbsp;&nbsp;&nbsp;&nbsp;&nbsp;&nbsp;&nbsp;&nbsp;&nbsp;&nbsp;&nbsp; \u015awi\u0119tego, Bo\u017ce\nb\u0142ogos\u0142awie\u0144stwo i opiek\u0119 NMP \u2013 modli si\u0119 m\u0105\u017c z dzie\u0107mi<\/p>\n\n\n\n<p><strong>18.oo\n\u2013 1) <\/strong>+ Janin\u0119 Szurgot \u2013\ngregorianka 30 <\/p>\n\n\n\n<p><strong>&nbsp;&nbsp;&nbsp;&nbsp;&nbsp;&nbsp;&nbsp;&nbsp;&nbsp;&nbsp;&nbsp; &nbsp;\n2)<\/strong> ++ Stanis\u0142aw\u0119, Jolant\u0119 i Franciszka z rodziny\nBednarczuk\u00f3w \u2013 modli si\u0119 c\u00f3rka<\/p>\n\n\n\n<p><strong><em>02.03.\n&#8211; WTOREK<\/em><\/strong><em><\/em><\/p>\n\n\n\n<p><strong>&nbsp; 7.oo \u2013<\/strong> + Mieczys\u0142awa Tomaszka w 1 rocz. \u015bm. \u2013 modli si\u0119 rodzina<\/p>\n\n\n\n<p><strong>18.oo\n\u2013 <\/strong>&nbsp;<strong>1) <\/strong>dzi\u0119kczynno &#8211; b\u0142agalna w intencji Heleny z\npro\u015bb\u0105 o ulg\u0119 w cierpieniu \u2013 modli si\u0119 rodzina <\/p>\n\n\n\n<p><strong>&nbsp;&nbsp;&nbsp;&nbsp;&nbsp;&nbsp;&nbsp;&nbsp;&nbsp;&nbsp;&nbsp; &nbsp;\n2)<\/strong> + Zofia Kocha\u0144ska &#8211;&nbsp; gregorianka 1 \u2013 modl\u0105 si\u0119 dzieci<\/p>\n\n\n\n<p><strong><em>03.03.\n\u2013 \u015aRODA <\/em><\/strong><\/p>\n\n\n\n<p><strong>&nbsp; 7.oo \u2013 <\/strong>+ Zofia Kocha\u0144ska &#8211;&nbsp; gregorianka 2 \u2013\nmodl\u0105 si\u0119 dzieci<strong><\/strong><\/p>\n\n\n\n<p><strong>18.oo\n\u2013&nbsp; intencja zbiorowa nowennowa:<\/strong><\/p>\n\n\n\n<p><strong>1)<\/strong>\nw intencji Kazimierza&nbsp; racji urodzin i\nimienin dzi\u0119kczynna za otrzymane \u0142aski\nz pro\u015bb\u0105 o zdrowie, dary Ducha \u015awi\u0119tego, Bo\u017ce b\u0142ogos\u0142awie\u0144stwo, opiek\u0119 NMP i\n\u015bw. Patron\u00f3w &#8211; modli si\u0119 \u017cona z rodzin\u0105<\/p>\n\n\n\n<p><strong>&nbsp;2)<\/strong> + Krystyn\u0119 Bentkowsk\u0105<\/p>\n\n\n\n<p><strong>&nbsp;3)<\/strong><\/p>\n\n\n\n<p><strong>&nbsp;4)<\/strong><\/p>\n\n\n\n<p><strong><em>04.03.\n\u2013 CZWARTEK <\/em><\/strong><em>&nbsp;<\/em><\/p>\n\n\n\n<p><strong>&nbsp;7.oo \u2013<\/strong> <strong>1)<\/strong> w intencji Kazimierza z\nracji imienin o \u0142ask\u0119 zdrowia, opiek\u0119 NMP i dary Ducha \u015awi\u0119tego<\/p>\n\n\n\n<p>&nbsp;&nbsp;&nbsp;&nbsp;&nbsp;&nbsp;&nbsp;&nbsp;&nbsp;&nbsp;&nbsp;&nbsp;&nbsp;&nbsp;&nbsp;&nbsp;&nbsp;&nbsp; &nbsp;\u2013 modli si\u0119 \u017cona<strong>\n<\/strong>&nbsp;<\/p>\n\n\n\n<p><strong>&nbsp;&nbsp;&nbsp;&nbsp;&nbsp;&nbsp;&nbsp;&nbsp;&nbsp;&nbsp;&nbsp; &nbsp;\n2)<\/strong>+ Zofia Kocha\u0144ska &#8211;&nbsp; gregorianka 3 \u2013 modl\u0105 si\u0119 dzieci<strong><\/strong><\/p>\n\n\n\n<p><strong>18.oo\n\u2013 1)<\/strong> ++ Kazimierza P\u0142acht\u0119, braci, siostry, bratowe,\nJ\u00f3zefa i Czes\u0142aw\u0119 &nbsp;&nbsp;<strong>&nbsp;<\/strong>&nbsp;<\/p>\n\n\n\n<p><strong>&nbsp;&nbsp;&nbsp;&nbsp;&nbsp;&nbsp;&nbsp;&nbsp;&nbsp;&nbsp;&nbsp; &nbsp;\n2)<\/strong> + Czes\u0142aw\u0119 Fryg\u0119 &#8211;\n30 dzie\u0144 od pogrzebu &#8211; intencja od uczestnik\u00f3w Mszy pogrzebowej<\/p>\n\n\n\n<p>&nbsp;&nbsp;&nbsp;&nbsp;&nbsp;&nbsp;&nbsp;&nbsp;&nbsp;&nbsp;&nbsp; <strong>&nbsp;&nbsp;3)<\/strong> + Edwarda w 10 rocz. \u015bm. oraz z rodziny\nKole\u015bnik\u00f3w, Szwec\u00f3w i Nied\u017awieckich <\/p>\n\n\n\n<p><strong><em>05.03.\n\u2013 PI\u0104TEK<\/em><\/strong><\/p>\n\n\n\n<p><strong>9.oo\n\u2013<\/strong>\n&nbsp;<strong>1)\n<\/strong>&nbsp;+ Grzegorza i dusze w czy\u015b\u0107cu cierpi\u0105ce<\/p>\n\n\n\n<p><strong>&nbsp;&nbsp;&nbsp;&nbsp;&nbsp;&nbsp;&nbsp;&nbsp;&nbsp;&nbsp;&nbsp; &nbsp;\n2)<\/strong> + Jerzego Szulika w 8\nrocz. \u015bm. oraz ++ rodzic\u00f3w: Bronis\u0142aw\u0119 i Edwarda Czy\u017cowicz\u00f3w,<\/p>\n\n\n\n<p>&nbsp;&nbsp;&nbsp;&nbsp;&nbsp;&nbsp;&nbsp;&nbsp;&nbsp;&nbsp;&nbsp;&nbsp;&nbsp;&nbsp;&nbsp;&nbsp; &nbsp;++ te\u015bci\u00f3w: J\u00f3zef\u0119 i Mariana Szulik\u00f3w \u2013 modli si\u0119\n\u017cona z rodzin\u0105<\/p>\n\n\n\n<p><strong>18.oo\n\u2013 1) <\/strong>+ Zofia Kocha\u0144ska &#8211;&nbsp; gregorianka 4 \u2013 modl\u0105 si\u0119 dzieci\n<\/p>\n\n\n\n<p><strong>&nbsp;&nbsp;&nbsp;&nbsp;&nbsp;&nbsp;&nbsp;&nbsp;&nbsp;&nbsp;&nbsp; &nbsp;\n2)<\/strong> ++ Krystyn\u0119 w 3 rocz. \u015bm.\noraz Jerzego, J\u00f3zef\u0119 i W\u0142adys\u0142awa \u2013 modli si\u0119 rodzina<\/p>\n\n\n\n<p><strong>&nbsp;&nbsp;&nbsp;&nbsp;&nbsp;&nbsp;&nbsp;&nbsp;&nbsp;&nbsp;&nbsp; &nbsp;\n3)<\/strong> ++ Kazimierza z racji imienin i Czes\u0142aw\u0119 z rodziny Puchniak\u00f3w\n\u2013 modl\u0105 si\u0119 dzieci <\/p>\n\n\n\n<p><strong><em>06.03.\n\u2013 SOBOTA<\/em><\/strong><\/p>\n\n\n\n<p><strong>&nbsp;7.oo \u2013<\/strong> <strong>1) <\/strong>+ Bartka Weisa w 1 rocz.\n\u015bm. \u2013 modli si\u0119 rodzina &nbsp;<\/p>\n\n\n\n<p><strong>&nbsp;&nbsp;&nbsp;&nbsp;&nbsp;&nbsp;&nbsp;&nbsp;&nbsp;&nbsp;&nbsp; &nbsp;\n2)<\/strong> intencja wynagradzaj\u0105ca\nNiepokalanemu Sercu NMP<\/p>\n\n\n\n<p><strong>18.oo\n\u2013 1) <\/strong>+ Zofia Kocha\u0144ska &#8211;&nbsp; gregorianka 5 \u2013 modl\u0105 si\u0119 dzieci\n<\/p>\n\n\n\n<p><strong>&nbsp;&nbsp;&nbsp;&nbsp;&nbsp;&nbsp;&nbsp;&nbsp;&nbsp;&nbsp;&nbsp; &nbsp;\n2)<\/strong> ++ Kazimier\u0119 i Micha\u0142a Babij\u00f3w oraz ++ z rodziny\nBabij\u00f3w, Arciszewskich, Chrzanowskich, <\/p>\n\n\n\n<p>&nbsp;&nbsp;&nbsp;&nbsp;&nbsp;&nbsp;&nbsp;&nbsp;&nbsp;&nbsp;&nbsp;&nbsp;&nbsp;&nbsp;&nbsp;&nbsp;&nbsp; Urba\u0144skich oraz dusze w czy\u015b\u0107cu\ncierpi\u0105ce \u2013 modli si\u0119 rodzina <\/p>\n\n\n\n<p><strong><em>07.03.\n\u2013 NIEDZIELA&nbsp; <\/em><\/strong><\/p>\n\n\n\n<p><strong>&nbsp; 8.oo \u2013 1) <\/strong>&nbsp;++ Kazimier\u0119 z racji imienin i J\u00f3zefa,\nW\u0142adys\u0142aw\u0119 i Stanis\u0142awa z rodziny Szymczak\u00f3w<\/p>\n\n\n\n<p>&nbsp;&nbsp;&nbsp;&nbsp;&nbsp;&nbsp;&nbsp;&nbsp;&nbsp;&nbsp;&nbsp;&nbsp;&nbsp;&nbsp;&nbsp;&nbsp;&nbsp; &nbsp;oraz Maryl\u0119 Sta\u0144czyk z domu Szymczak \u2013 modl\u0105 si\u0119\nsynowie z rodzinami<\/p>\n\n\n\n<p><strong>&nbsp;&nbsp;&nbsp;&nbsp;&nbsp;&nbsp;&nbsp;&nbsp;&nbsp;&nbsp;&nbsp; &nbsp;\n2)<\/strong> w 80 rocz. urodzin Micha\u0142a Kowaliszyna dzi\u0119kczynna za otrzymane \u0142aski z pro\u015bb\u0105 <\/p>\n\n\n\n<p>&nbsp;&nbsp;&nbsp;&nbsp;&nbsp;&nbsp;&nbsp;&nbsp;&nbsp;&nbsp;&nbsp;&nbsp;&nbsp;&nbsp;&nbsp;&nbsp; o zdrowie, dary Ducha\n\u015awi\u0119tego, Bo\u017ce b\u0142ogos\u0142awie\u0144stwo, opiek\u0119 NMP \u2013 modli si\u0119 rodzina<\/p>\n\n\n\n<p><strong>&nbsp; 9.3o \u2013 <\/strong>&nbsp;++ Stanis\u0142aw\u0119, Stanis\u0142awa, Bogdana i Sylwestra\nChudzichowskich \u2013 modli si\u0119 rodzina <\/p>\n\n\n\n<p><strong>11.oo\n\u2013 <\/strong>&nbsp;<strong>1)<\/strong> ++ z rodziny Cebul\u00f3w i Sk\u00f3r\u00f3w:\nAniel\u0119 w 30 rocz. \u015bm. i Wojciecha, ++ dziadk\u00f3w z obu <\/p>\n\n\n\n<p>&nbsp;&nbsp;&nbsp;&nbsp;&nbsp;&nbsp;&nbsp;&nbsp;&nbsp;&nbsp;&nbsp;&nbsp;&nbsp;&nbsp;&nbsp;&nbsp;&nbsp;&nbsp; stron: Antoniego, Tofil\u0119,\nWawrzy\u0144ca i Barbar\u0119, ++ braci: Mieczys\u0142awa i Edwarda, <\/p>\n\n\n\n<p>&nbsp;&nbsp;&nbsp;&nbsp;&nbsp;&nbsp;&nbsp;&nbsp;&nbsp;&nbsp;&nbsp;&nbsp;&nbsp;&nbsp;&nbsp;&nbsp;&nbsp;&nbsp; bratow\u0105 Edyt\u0119, Genowef\u0119 i\nGrzegorza Kasperskich, Tadeusza Siwaka i Danut\u0119 Ratk\u0119 <\/p>\n\n\n\n<p>&nbsp;&nbsp;&nbsp;&nbsp;&nbsp;&nbsp;&nbsp;&nbsp;&nbsp;&nbsp;&nbsp;&nbsp;&nbsp;&nbsp;&nbsp;&nbsp;&nbsp;&nbsp; oraz Tomasza Glazera \u2013 modli\nsi\u0119 rodzina<\/p>\n\n\n\n<p><strong>&nbsp;&nbsp;&nbsp;&nbsp;&nbsp;&nbsp;&nbsp;&nbsp;&nbsp; 2) <\/strong>++ Karolin\u0119 &nbsp;w 50 rocz. \u015bm. i Jana\nw 34 rocz. \u015bm. z rodziny Stembalskich \u2013 modli si\u0119 rodzina\n<\/p>\n\n\n\n<p><strong>12.3o\n\u2013 1) <\/strong>+ Leopolda \u015awiercza w 10\nrocz. \u015bm.<\/p>\n\n\n\n<p><strong>&nbsp;&nbsp;&nbsp;&nbsp;&nbsp;&nbsp;&nbsp;&nbsp;&nbsp;&nbsp;&nbsp; &nbsp;\n2)<\/strong> + Tomasza Srebniaka w 13\nrocz. \u015bm. \u2013 modli si\u0119 syn <\/p>\n\n\n\n<p><strong>18.oo\n\u2013 <\/strong>&nbsp;<strong>1) <\/strong>+ Zofia Kocha\u0144ska &#8211;&nbsp;\ngregorianka 6 \u2013 modl\u0105 si\u0119 dzieci <\/p>\n\n\n\n<p>&nbsp;&nbsp; <strong>2)<\/strong> + J\u00f3zefa Banasiaka w 2 rocz. \u015bm. &#8211; modli si\u0119\nrodzina z wnukami<strong>\n<\/strong>&nbsp;<\/p>\n","protected":false},"excerpt":{"rendered":"<p>Sk\u0142adaj\u0105c Ofiar\u0119, kt\u00f3ra nam przypomina niezmierzon\u0105 mi\u0142o\u015b\u0107 Twojego Syna, pokornie prosimy Ci\u0119, Bo\u017ce, przyjmij intencje Twoich wiernych i spraw przez dzia\u0142anie Eucharystii, aby w naszych rodzinach wzrasta\u0142a prawdziwa wiara, \u015bwi\u0119to\u015b\u0107 \u017cycia, braterska mi\u0142o\u015b\u0107 i duch modlitwy. Niech Matka Naj\u015bwi\u0119tsza wyprosi \u0142aski, o kt\u00f3re modlili\u015bmy si\u0119 w tej Mszy \u015bw. dla&#8230; <a class=\"continue-reading-link\" href=\"http:\/\/parafia.scinawa.info\/index.php\/2021\/02\/27\/intencje-mszalne-28-02-07-03-2021\/\">Czytaj dalej <span class=\"meta-nav\">&rarr; <\/span><\/a><\/p>\n","protected":false},"author":2,"featured_media":0,"comment_status":"closed","ping_status":"closed","sticky":false,"template":"","format":"standard","meta":{"footnotes":""},"categories":[39],"tags":[],"class_list":["post-1639","post","type-post","status-publish","format-standard","hentry","category-intencje"],"_links":{"self":[{"href":"http:\/\/parafia.scinawa.info\/index.php\/wp-json\/wp\/v2\/posts\/1639","targetHints":{"allow":["GET"]}}],"collection":[{"href":"http:\/\/parafia.scinawa.info\/index.php\/wp-json\/wp\/v2\/posts"}],"about":[{"href":"http:\/\/parafia.scinawa.info\/index.php\/wp-json\/wp\/v2\/types\/post"}],"author":[{"embeddable":true,"href":"http:\/\/parafia.scinawa.info\/index.php\/wp-json\/wp\/v2\/users\/2"}],"replies":[{"embeddable":true,"href":"http:\/\/parafia.scinawa.info\/index.php\/wp-json\/wp\/v2\/comments?post=1639"}],"version-history":[{"count":1,"href":"http:\/\/parafia.scinawa.info\/index.php\/wp-json\/wp\/v2\/posts\/1639\/revisions"}],"predecessor-version":[{"id":1640,"href":"http:\/\/parafia.scinawa.info\/index.php\/wp-json\/wp\/v2\/posts\/1639\/revisions\/1640"}],"wp:attachment":[{"href":"http:\/\/parafia.scinawa.info\/index.php\/wp-json\/wp\/v2\/media?parent=1639"}],"wp:term":[{"taxonomy":"category","embeddable":true,"href":"http:\/\/parafia.scinawa.info\/index.php\/wp-json\/wp\/v2\/categories?post=1639"},{"taxonomy":"post_tag","embeddable":true,"href":"http:\/\/parafia.scinawa.info\/index.php\/wp-json\/wp\/v2\/tags?post=1639"}],"curies":[{"name":"wp","href":"https:\/\/api.w.org\/{rel}","templated":true}]}}