{"id":1645,"date":"2021-03-06T09:24:14","date_gmt":"2021-03-06T08:24:14","guid":{"rendered":"http:\/\/parafia.scinawa.info\/?p=1645"},"modified":"2021-03-06T09:24:14","modified_gmt":"2021-03-06T08:24:14","slug":"intencje-mszalne-07-03-14-03-2021","status":"publish","type":"post","link":"http:\/\/parafia.scinawa.info\/index.php\/2021\/03\/06\/intencje-mszalne-07-03-14-03-2021\/","title":{"rendered":"INTENCJE MSZALNE 07.03. \u2013 14.03. 2021"},"content":{"rendered":"\n<p><strong><em>Sk\u0142adaj\u0105c\nOfiar\u0119, kt\u00f3ra nam przypomina niezmierzon\u0105 mi\u0142o\u015b\u0107 Twojego Syna, pokornie prosimy\nCi\u0119, Bo\u017ce, przyjmij intencje Twoich wiernych i spraw przez dzia\u0142anie\nEucharystii, aby w naszych rodzinach wzrasta\u0142a prawdziwa wiara, \u015bwi\u0119to\u015b\u0107 \u017cycia,\nbraterska mi\u0142o\u015b\u0107 i duch modlitwy. <\/em><\/strong><strong>Niech\nMatka Naj\u015bwi\u0119tsza wyprosi \u0142aski, o kt\u00f3re modlili\u015bmy si\u0119 w tej Mszy \u015bw. dla \u2026\nZa\u015b zmar\u0142ym \u2026 za kt\u00f3rych odprawiali\u015bmy Msz\u0119 \u015bw.: wieczny odpoczynek racz im\nda\u0107 Panie (\u2026); niech odpoczywaj\u0105 w pokoju wiecznym. Amen<\/strong><\/p>\n\n\n\n<p><strong><em>07.03.\n&#8211; NIEDZIELA&nbsp; <\/em><\/strong><em><\/em><\/p>\n\n\n\n<p><strong>&nbsp;&nbsp;8.oo \u2013\n1) <\/strong>&nbsp;++ Kazimier\u0119 z racji imienin i J\u00f3zefa,\nW\u0142adys\u0142aw\u0119 i Stanis\u0142awa z rodziny Szymczak\u00f3w<\/p>\n\n\n\n<p>&nbsp;&nbsp;&nbsp;&nbsp;&nbsp;&nbsp;&nbsp;&nbsp;&nbsp;&nbsp;&nbsp;&nbsp;&nbsp;&nbsp;&nbsp;&nbsp;&nbsp; &nbsp;oraz Maryl\u0119 Sta\u0144czyk z domu Szymczak \u2013 modl\u0105 si\u0119\nsynowie z rodzinami<\/p>\n\n\n\n<p><strong>&nbsp;&nbsp;&nbsp;&nbsp;&nbsp;&nbsp;&nbsp;&nbsp;&nbsp;&nbsp;&nbsp; &nbsp;\n2)<\/strong> w 80 rocz. urodzin Micha\u0142a Kowaliszyna dzi\u0119kczynna za otrzymane \u0142aski z pro\u015bb\u0105 <\/p>\n\n\n\n<p>&nbsp;&nbsp;&nbsp;&nbsp;&nbsp;&nbsp;&nbsp;&nbsp;&nbsp;&nbsp;&nbsp;&nbsp;&nbsp;&nbsp;&nbsp;&nbsp; o zdrowie, dary Ducha\n\u015awi\u0119tego, Bo\u017ce b\u0142ogos\u0142awie\u0144stwo, opiek\u0119 NMP \u2013 modli si\u0119 rodzina<\/p>\n\n\n\n<p><strong>&nbsp; 9.3o \u2013 1) <\/strong>++ Stanis\u0142aw\u0119, Stanis\u0142awa, Bogdana i\nSylwestra Chudzichowskich \u2013 modli si\u0119 rodzina<\/p>\n\n\n\n<p>&nbsp;&nbsp;&nbsp;&nbsp;&nbsp;&nbsp; &nbsp;&nbsp;&nbsp;&nbsp;&nbsp;&nbsp;<strong>2)<\/strong> w 70 rocz. urodzin Zbigniewa Benia dzi\u0119kczynna za otrzymane \u0142aski z\npro\u015bb\u0105 o zdrowie, <\/p>\n\n\n\n<p>&nbsp;&nbsp;&nbsp;&nbsp;&nbsp;&nbsp;&nbsp;&nbsp;&nbsp;&nbsp;&nbsp;&nbsp;&nbsp;&nbsp; dary Ducha \u015awi\u0119tego,\nBo\u017ce b\u0142ogos\u0142awie\u0144stwo, opiek\u0119 NMP \u2013 modli si\u0119 Mariusz z Dominik\u0105<\/p>\n\n\n\n<p><strong>11.oo\n\u2013 <\/strong>&nbsp;<strong>1)<\/strong> ++ z rodziny Cebul\u00f3w i Sk\u00f3r\u00f3w:\nAniel\u0119 w 30 rocz. \u015bm. i Wojciecha, ++ dziadk\u00f3w z obu <\/p>\n\n\n\n<p>&nbsp;&nbsp;&nbsp;&nbsp;&nbsp;&nbsp;&nbsp;&nbsp;&nbsp;&nbsp;&nbsp;&nbsp;&nbsp;&nbsp;&nbsp;&nbsp;&nbsp;&nbsp; stron: Antoniego, Teofil\u0119,\nWawrzy\u0144ca i Barbar\u0119, ++ braci: Mieczys\u0142awa i Edwarda, <\/p>\n\n\n\n<p>&nbsp;&nbsp;&nbsp;&nbsp;&nbsp;&nbsp;&nbsp;&nbsp;&nbsp;&nbsp;&nbsp;&nbsp;&nbsp;&nbsp;&nbsp;&nbsp;&nbsp;&nbsp; bratow\u0105 Edyt\u0119, Genowef\u0119 i\nGrzegorza Kasperskich, Tadeusza Siwaka i Danut\u0119 Ratk\u0119 <\/p>\n\n\n\n<p>&nbsp;&nbsp;&nbsp;&nbsp;&nbsp;&nbsp;&nbsp;&nbsp;&nbsp;&nbsp;&nbsp;&nbsp;&nbsp;&nbsp;&nbsp;&nbsp; &nbsp;&nbsp;oraz Tomasza Glazera \u2013 modli si\u0119 rodzina<\/p>\n\n\n\n<p><strong>&nbsp;&nbsp;&nbsp;&nbsp;&nbsp;&nbsp;&nbsp;&nbsp;&nbsp; 2) <\/strong>++ Karolin\u0119 &nbsp;w 50 rocz. \u015bm. i Jana\nw 34 rocz. \u015bm. z rodziny Stembalskich \u2013 modli si\u0119 rodzina\n<\/p>\n\n\n\n<p><strong>12.3o\n\u2013 1) <\/strong>+ Leopolda \u015awiercza w 10\nrocz. \u015bm.<\/p>\n\n\n\n<p><strong>&nbsp;&nbsp;&nbsp;&nbsp;&nbsp;&nbsp;&nbsp;&nbsp;&nbsp;&nbsp;&nbsp; &nbsp;\n2)<\/strong> + Tomasza Srebniaka w 13\nrocz. \u015bm. \u2013 modli si\u0119 syn <\/p>\n\n\n\n<p><strong>18.oo\n\u2013 1) <\/strong>+ Zofia Kocha\u0144ska &#8211;&nbsp; gregorianka 6 \u2013 modl\u0105 si\u0119 dzieci <\/p>\n\n\n\n<p>&nbsp;&nbsp; &nbsp;&nbsp;&nbsp;&nbsp;&nbsp;&nbsp;&nbsp;&nbsp;&nbsp;&nbsp;&nbsp;<strong>2)<\/strong> + J\u00f3zefa Banasiaka w 3 rocz. \u015bm. &#8211; modli si\u0119\nrodzina z wnukami<strong>\n&nbsp;<\/strong>&nbsp;<\/p>\n\n\n\n<p><strong><em>08.03.\n\u2013 PONIEDZIA\u0141EK<\/em><\/strong><\/p>\n\n\n\n<p><strong>&nbsp;7.oo \u2013 <\/strong>&nbsp;<strong>1) <\/strong>+ Zofia Kocha\u0144ska &#8211;&nbsp; gregorianka 7 \u2013 modl\u0105 si\u0119 dzieci <\/p>\n\n\n\n<p><strong>&nbsp;&nbsp;&nbsp;&nbsp;&nbsp;&nbsp;&nbsp;&nbsp;&nbsp;&nbsp;&nbsp; &nbsp;\n2)<\/strong> ++ siostr\u0119 Antonin\u0119 w 8\nrocz. \u015bm., jej m\u0119\u017ca Szymona, rodzic\u00f3w: Jadwig\u0119 i Romana <\/p>\n\n\n\n<p>&nbsp;&nbsp;&nbsp;&nbsp;&nbsp;&nbsp;&nbsp;&nbsp;&nbsp;&nbsp;&nbsp;&nbsp;&nbsp;&nbsp;&nbsp;&nbsp;&nbsp; i rodze\u0144stwo z\nrodziny Szrajnert\u00f3w i Ka\u0142\u00f3w \u2013 modli si\u0119 rodzina<\/p>\n\n\n\n<p><strong>18.oo\n\u2013 1) <\/strong>++ Mari\u0119 w 8 rocz. \u015bm.\ni J\u00f3zefa w 26 rocz. \u015bm. z rodziny Semp\u00f3w \u2013 modl\u0105 si\u0119 dzieci<\/p>\n\n\n\n<p><strong>&nbsp;&nbsp;&nbsp;&nbsp;&nbsp;&nbsp;&nbsp;&nbsp;&nbsp;&nbsp;&nbsp; &nbsp;\n2)<\/strong> o zdrowie, Bo\u017ce b\u0142ogos\u0142awie\u0144stwo i opiek\u0119 NMP dla\nHeleny Snelli<\/p>\n\n\n\n<p><strong><em>09.03.\n&#8211; WTOREK<\/em><\/strong><em><\/em><\/p>\n\n\n\n<p><strong>&nbsp; 7.oo \u2013 <\/strong>++ J\u00f3zef\u0119 Dro\u0144, J\u00f3zefa Ciroga i J\u00f3zefa Markiewicza<\/p>\n\n\n\n<p><strong>18.oo\n\u2013 1) <\/strong>+ Zofia Kocha\u0144ska &#8211;&nbsp; gregorianka 8 \u2013 modl\u0105 si\u0119 dzieci\n<\/p>\n\n\n\n<p><strong>&nbsp;&nbsp;&nbsp;&nbsp;&nbsp;&nbsp;&nbsp;&nbsp;&nbsp;&nbsp;&nbsp; &nbsp;\n2)<\/strong> ++ rodzic\u00f3w: Kazimier\u0119 i\nCzes\u0142awa z rodziny D\u0105browicz\u00f3w \u2013 modli si\u0119 c\u00f3rka z rodzin\u0105\n<\/p>\n\n\n\n<p><strong><em>10.03.\n\u2013 \u015aRODA <\/em><\/strong><\/p>\n\n\n\n<p><strong>&nbsp;&nbsp;7.oo \u2013 <\/strong>+ Zofia Kocha\u0144ska &#8211;&nbsp;\ngregorianka 9 \u2013 modl\u0105 si\u0119 dzieci<strong><\/strong><\/p>\n\n\n\n<p><strong>18.oo\n\u2013&nbsp; intencja zbiorowa nowennowa:<\/strong><\/p>\n\n\n\n<p><strong>&nbsp;1)<\/strong> ++ Stefana i Zygmunta \u2013\nmodli si\u0119 Gra\u017cyna z rodzin\u0105<\/p>\n\n\n\n<p><strong>&nbsp;2)<\/strong> + Jacka St\u0119pienia &#8211; 30\ndzie\u0144 od pogrzebu &#8211; intencja od uczestnik\u00f3w Mszy pogrzebowej<\/p>\n\n\n\n<p><strong>&nbsp;3)<\/strong> ++ Antonin\u0119, Czes\u0142awa, Mari\u0119-Helen\u0119 z rodziny Stanis\u0142awskich oraz ++ z\nrodziny Idkowiak\u00f3w<\/p>\n\n\n\n<p><strong>&nbsp;4)<\/strong> o szcz\u0119\u015bliw\u0105 operacj\u0119, Bo\u017ce b\u0142ogos\u0142awie\u0144stwo i opiek\u0119 NMP dla Wiktorka \u2013\nmodli si\u0119 babcia<\/p>\n\n\n\n<p><strong><em>11.03. \u2013 CZWARTEK <\/em><\/strong><em>&nbsp;<\/em><\/p>\n\n\n\n<p><strong>7.oo\n\u2013<\/strong>\n++ z rodziny Anielskich i Kocel\u00f3w oraz Urszul\u0119 Laszczak, Krystyn\u0119 W\u0105sik i\nTeres\u0119 Ku\u017ami\u0144sk\u0105<\/p>\n\n\n\n<p><strong>18.oo\n\u2013 <\/strong>&nbsp;<strong>1) <\/strong>&nbsp;+ Zofia\nKocha\u0144ska &#8211;&nbsp; gregorianka 10 \u2013 modl\u0105 si\u0119 dzieci<\/p>\n\n\n\n<p><strong>&nbsp;&nbsp;&nbsp;&nbsp;&nbsp;&nbsp;&nbsp;&nbsp;&nbsp;&nbsp;&nbsp; &nbsp;\n2)<\/strong> ++ Stefani\u0119 i Wojciecha\nChmielowc\u00f3w i ++ z rodziny \u2013 modli si\u0119 rodzina<\/p>\n\n\n\n<p><strong><em>12.03. \u2013 PI\u0104TEK<\/em><\/strong><\/p>\n\n\n\n<p><strong>&nbsp; &nbsp;9.oo \u2013<\/strong>\n++ rodzic\u00f3w z obu stron: Albin\u0119 i Mariana Judzi\u0144skich, Aleksandr\u0119 i W\u0142adys\u0142awa\nCichut\u00f3w; <\/p>\n\n\n\n<p>&nbsp;&nbsp;&nbsp;&nbsp;&nbsp;&nbsp;&nbsp;&nbsp;&nbsp;&nbsp;&nbsp;&nbsp;&nbsp;&nbsp;&nbsp;&nbsp;\n++ dziadk\u00f3w z obu stron: Mariann\u0119 i Tomasza Zdrad\u00f3w, El\u017cbiet\u0119 i Klemensa\nJudzi\u0144skich<\/p>\n\n\n\n<p>&nbsp;&nbsp;&nbsp;&nbsp;&nbsp;&nbsp;&nbsp;&nbsp;&nbsp;&nbsp; &nbsp;&nbsp;&nbsp;&nbsp;&nbsp;&nbsp;&nbsp;oraz wszystkich ++ z rodziny Judzi\u0144skich,\nZdrad\u00f3w i Cichut\u00f3w <\/p>\n\n\n\n<p><strong>18.oo\n\u2013 1) <\/strong>+ Zofia Kocha\u0144ska &#8211;&nbsp; gregorianka 11 \u2013 modl\u0105 si\u0119 dzieci\n<\/p>\n\n\n\n<p><strong>&nbsp;&nbsp;&nbsp;&nbsp;&nbsp;&nbsp;&nbsp;&nbsp;&nbsp;&nbsp;&nbsp; &nbsp;\n2)<\/strong> + Krzysztofa Michn\u0119 &#8211;\n30 dzie\u0144 od pogrzebu &#8211; intencja od uczestnik\u00f3w Mszy pogrzebowej &nbsp;<\/p>\n\n\n\n<p><strong><em>13.03. \u2013 SOBOTA<\/em><\/strong><\/p>\n\n\n\n<p><strong>&nbsp; &nbsp;&nbsp;7.oo\n\u2013<\/strong>\n+ Zofia Kocha\u0144ska &#8211;&nbsp; gregorianka 12 \u2013 modl\u0105 si\u0119 dzieci<\/p>\n\n\n\n<p><strong>18.oo\n\u2013 1) <\/strong>zaj. P. Ci\u0119\u017cka\n<\/p>\n\n\n\n<p><strong>&nbsp;&nbsp;&nbsp;&nbsp;&nbsp;&nbsp;&nbsp;&nbsp;&nbsp;&nbsp;&nbsp; &nbsp;\n2)<\/strong> + Mari\u0119 Radzik&nbsp;\n&#8211; modl\u0105 si\u0119 dzieci z rodzinami <\/p>\n\n\n\n<p><strong><em>14.03. \u2013 NIEDZIELA&nbsp; <\/em><\/strong><\/p>\n\n\n\n<p><strong>&nbsp;8.oo \u2013 1) <\/strong>+ Kazimierza Jamrozika w 1 rocz. \u015bm. \u2013 modli si\u0119 \u017cona oraz + Tadeusza Mejera\n<\/p>\n\n\n\n<p>&nbsp;&nbsp;&nbsp;&nbsp;&nbsp;&nbsp;&nbsp;&nbsp; &nbsp;&nbsp;&nbsp;&nbsp;&nbsp;&nbsp;&nbsp;&nbsp;w\n26 rocz. \u015bm. \u2013 modli si\u0119 \u017cona z dzie\u0107mi <\/p>\n\n\n\n<p><strong>&nbsp;&nbsp;&nbsp;&nbsp;&nbsp;&nbsp;&nbsp;&nbsp;&nbsp;&nbsp;&nbsp; 2)<\/strong>\n++ rodzic\u00f3w: W\u0142adys\u0142aw\u0119 i Romana Chwistk\u00f3w, Daniel\u0119 i J\u00f3zefa Uchro\u0144skich, brata<\/p>\n\n\n\n<p>&nbsp;&nbsp;&nbsp;&nbsp;&nbsp;&nbsp;&nbsp;&nbsp;&nbsp;&nbsp;&nbsp;&nbsp;&nbsp;&nbsp;\n&nbsp;Marka, siostr\u0119 Mari\u0119, Zbigniewa i\nDawida Filar\u00f3w, szwagra Stanis\u0142awa oraz ++ z rodziny <\/p>\n\n\n\n<p>&nbsp;&nbsp;&nbsp;&nbsp;&nbsp; &nbsp;&nbsp;&nbsp;&nbsp;&nbsp;&nbsp;&nbsp;&nbsp;&nbsp;&nbsp;\u2013 modli si\u0119 rodzina<\/p>\n\n\n\n<p><strong>&nbsp;&nbsp;&nbsp;&nbsp;&nbsp;&nbsp;&nbsp;&nbsp;&nbsp;&nbsp;&nbsp; 3)<\/strong> + Stanis\u0142awa \u017bydka w 2 rocz. \u015bm. \u2013 modli si\u0119\nte\u015bciowa, \u017cona i rodzina<\/p>\n\n\n\n<p><strong>&nbsp; 9.3o \u2013 <\/strong>++ J\u00f3zefa Bogacza, Katarzyn\u0119 Koszty\u0142\u0119 oraz Ann\u0119 i Jana Drobnych \u2013 modli si\u0119\nbrat z \u017con\u0105 &nbsp;<\/p>\n\n\n\n<p><strong>11.oo\n\u2013 1) <\/strong>+ siostr\u0119 Zofi\u0119 Szyma\u0144sk\u0105\nw 22 rocz. \u015bm., ++ rodzic\u00f3w z obu stron: Adel\u0119 i Kazimierza<\/p>\n\n\n\n<p>&nbsp;&nbsp;&nbsp;&nbsp;&nbsp;&nbsp;&nbsp;&nbsp;&nbsp;&nbsp;&nbsp;&nbsp;&nbsp;&nbsp;&nbsp;&nbsp;&nbsp; &nbsp;\u015aliwk\u00f3w oraz Antonin\u0119, J\u00f3zefa i Bogdana\nSzyma\u0144skich \u2013 modli si\u0119 siostra z rodzin\u0105<\/p>\n\n\n\n<p><strong>&nbsp;&nbsp;&nbsp;&nbsp;&nbsp;&nbsp;&nbsp;&nbsp;&nbsp;&nbsp;&nbsp; &nbsp;\n2) <\/strong>++ Franciszka i Franciszk\u0119\n\u2013 modli si\u0119 rodzina <\/p>\n\n\n\n<p><strong>&nbsp; 3)<\/strong> + Zofia Kocha\u0144ska &#8211;&nbsp; gregorianka 13\n\u2013 modl\u0105 si\u0119 dzieci<strong><\/strong><\/p>\n\n\n\n<p><strong>12.3o\n\u2013 1)<\/strong> zaj. P. Kuszyk<strong>\n<\/strong><\/p>\n\n\n\n<p><strong>&nbsp;&nbsp;&nbsp;&nbsp;&nbsp;&nbsp;&nbsp;&nbsp;&nbsp;&nbsp;&nbsp; &nbsp;\n2)<\/strong> + Romana Paw\u0142owskiego \u2013 modli si\u0119 rodzina<\/p>\n\n\n\n<p><strong>18.oo\n\u2013 <\/strong>++ Baltazara i Zofi\u0119 Koz\u0142owskich, El\u017cbiet\u0119 Demczak\noraz ++ z rodziny Koz\u0142owskich,<\/p>\n\n\n\n<p>&nbsp;&nbsp;&nbsp;&nbsp;&nbsp;&nbsp;&nbsp;&nbsp;&nbsp;&nbsp;&nbsp;&nbsp; &nbsp;Trubickich, \u017bybort\u00f3w i Raks\u00f3w\n<\/p>\n","protected":false},"excerpt":{"rendered":"<p>Sk\u0142adaj\u0105c Ofiar\u0119, kt\u00f3ra nam przypomina niezmierzon\u0105 mi\u0142o\u015b\u0107 Twojego Syna, pokornie prosimy Ci\u0119, Bo\u017ce, przyjmij intencje Twoich wiernych i spraw przez dzia\u0142anie Eucharystii, aby w naszych rodzinach wzrasta\u0142a prawdziwa wiara, \u015bwi\u0119to\u015b\u0107 \u017cycia, braterska mi\u0142o\u015b\u0107 i duch modlitwy. Niech Matka Naj\u015bwi\u0119tsza wyprosi \u0142aski, o kt\u00f3re modlili\u015bmy si\u0119 w tej Mszy \u015bw. dla&#8230; <a class=\"continue-reading-link\" href=\"http:\/\/parafia.scinawa.info\/index.php\/2021\/03\/06\/intencje-mszalne-07-03-14-03-2021\/\">Czytaj dalej <span class=\"meta-nav\">&rarr; <\/span><\/a><\/p>\n","protected":false},"author":2,"featured_media":0,"comment_status":"closed","ping_status":"closed","sticky":false,"template":"","format":"standard","meta":{"footnotes":""},"categories":[39],"tags":[],"class_list":["post-1645","post","type-post","status-publish","format-standard","hentry","category-intencje"],"_links":{"self":[{"href":"http:\/\/parafia.scinawa.info\/index.php\/wp-json\/wp\/v2\/posts\/1645","targetHints":{"allow":["GET"]}}],"collection":[{"href":"http:\/\/parafia.scinawa.info\/index.php\/wp-json\/wp\/v2\/posts"}],"about":[{"href":"http:\/\/parafia.scinawa.info\/index.php\/wp-json\/wp\/v2\/types\/post"}],"author":[{"embeddable":true,"href":"http:\/\/parafia.scinawa.info\/index.php\/wp-json\/wp\/v2\/users\/2"}],"replies":[{"embeddable":true,"href":"http:\/\/parafia.scinawa.info\/index.php\/wp-json\/wp\/v2\/comments?post=1645"}],"version-history":[{"count":1,"href":"http:\/\/parafia.scinawa.info\/index.php\/wp-json\/wp\/v2\/posts\/1645\/revisions"}],"predecessor-version":[{"id":1646,"href":"http:\/\/parafia.scinawa.info\/index.php\/wp-json\/wp\/v2\/posts\/1645\/revisions\/1646"}],"wp:attachment":[{"href":"http:\/\/parafia.scinawa.info\/index.php\/wp-json\/wp\/v2\/media?parent=1645"}],"wp:term":[{"taxonomy":"category","embeddable":true,"href":"http:\/\/parafia.scinawa.info\/index.php\/wp-json\/wp\/v2\/categories?post=1645"},{"taxonomy":"post_tag","embeddable":true,"href":"http:\/\/parafia.scinawa.info\/index.php\/wp-json\/wp\/v2\/tags?post=1645"}],"curies":[{"name":"wp","href":"https:\/\/api.w.org\/{rel}","templated":true}]}}