{"id":1653,"date":"2021-03-13T14:58:54","date_gmt":"2021-03-13T13:58:54","guid":{"rendered":"http:\/\/parafia.scinawa.info\/?p=1653"},"modified":"2021-03-13T14:58:54","modified_gmt":"2021-03-13T13:58:54","slug":"intencje-mszalne-14-03-21-03-2021","status":"publish","type":"post","link":"http:\/\/parafia.scinawa.info\/index.php\/2021\/03\/13\/intencje-mszalne-14-03-21-03-2021\/","title":{"rendered":"INTENCJE MSZALNE 14.03. \u2013 21.03. 2021"},"content":{"rendered":"\n<p><strong><em>Sk\u0142adaj\u0105c\nOfiar\u0119, kt\u00f3ra nam przypomina niezmierzon\u0105 mi\u0142o\u015b\u0107 Twojego Syna, pokornie prosimy\nCi\u0119, Bo\u017ce, przyjmij intencje Twoich wiernych i spraw przez dzia\u0142anie\nEucharystii, aby w naszych rodzinach wzrasta\u0142a prawdziwa wiara, \u015bwi\u0119to\u015b\u0107 \u017cycia,\nbraterska mi\u0142o\u015b\u0107 i duch modlitwy. <\/em><\/strong><strong>Niech\nMatka Naj\u015bwi\u0119tsza wyprosi \u0142aski, o kt\u00f3re modlili\u015bmy si\u0119 w tej Mszy \u015bw. dla \u2026\nZa\u015b zmar\u0142ym \u2026 za kt\u00f3rych odprawiali\u015bmy Msz\u0119 \u015bw.: wieczny odpoczynek racz im\nda\u0107 Panie (\u2026); niech odpoczywaj\u0105 w pokoju wiecznym. Amen<\/strong><\/p>\n\n\n\n<p><strong><em>14.03.\n&#8211; NIEDZIELA&nbsp; <\/em><\/strong><em><\/em><\/p>\n\n\n\n<p><strong>&nbsp; 8.oo \u2013 1) <\/strong>+ Kazimierza Jamrozika w 1 rocz. \u015bm. \u2013 modli si\u0119 \u017cona oraz + Tadeusza Mejera\n<\/p>\n\n\n\n<p>&nbsp;&nbsp;&nbsp;&nbsp;&nbsp;&nbsp;&nbsp;&nbsp; &nbsp;&nbsp;&nbsp;&nbsp;&nbsp;&nbsp;&nbsp;&nbsp;w\n26 rocz. \u015bm. \u2013 modli si\u0119 \u017cona z dzie\u0107mi <\/p>\n\n\n\n<p><strong>&nbsp;&nbsp;&nbsp;&nbsp;&nbsp;&nbsp;&nbsp;&nbsp;&nbsp;&nbsp;&nbsp; 2)<\/strong>\n++ rodzic\u00f3w: W\u0142adys\u0142aw\u0119 i Romana Chwistk\u00f3w, Daniel\u0119 i J\u00f3zefa Uchro\u0144skich, brata<\/p>\n\n\n\n<p>&nbsp;&nbsp;&nbsp;&nbsp;&nbsp;&nbsp;&nbsp;&nbsp;&nbsp;&nbsp;&nbsp;&nbsp;&nbsp;&nbsp; &nbsp;Marka, siostr\u0119 Mari\u0119, Zbigniewa i Dawida\nFilar\u00f3w, szwagra Stanis\u0142awa oraz ++ z rodziny <\/p>\n\n\n\n<p>&nbsp;&nbsp;&nbsp;&nbsp;&nbsp; &nbsp;&nbsp;&nbsp;&nbsp;&nbsp;&nbsp;&nbsp;&nbsp;&nbsp;&nbsp;\u2013 modli si\u0119 rodzina<\/p>\n\n\n\n<p><strong>&nbsp;&nbsp;&nbsp;&nbsp;&nbsp;&nbsp;&nbsp;&nbsp;&nbsp;&nbsp;&nbsp; 3)<\/strong> + Stanis\u0142awa \u017bydka w 2 rocz. \u015bm. \u2013 modli si\u0119\nte\u015bciowa, \u017cona i rodzina<\/p>\n\n\n\n<p><strong>&nbsp; 9.3o \u2013 <\/strong>++ J\u00f3zefa Bogacza, Katarzyn\u0119 Koszty\u0142\u0119 oraz Ann\u0119 i Jana Drobnych \u2013 modli si\u0119\nbrat z \u017con\u0105 &nbsp;<\/p>\n\n\n\n<p><strong>11.oo\n\u2013 1) <\/strong>+ siostr\u0119 Zofi\u0119 Szyma\u0144sk\u0105\nw 22 rocz. \u015bm., ++ rodzic\u00f3w z obu stron: Adel\u0119 i Kazimierza<\/p>\n\n\n\n<p>&nbsp;&nbsp;&nbsp;&nbsp;&nbsp;&nbsp;&nbsp;&nbsp;&nbsp;&nbsp;&nbsp;&nbsp;&nbsp;&nbsp;&nbsp;&nbsp;&nbsp; &nbsp;\u015aliwk\u00f3w oraz Antonin\u0119, J\u00f3zefa i Bogdana\nSzyma\u0144skich \u2013 modli si\u0119 siostra z rodzin\u0105<\/p>\n\n\n\n<p><strong>&nbsp;&nbsp;&nbsp;&nbsp;&nbsp;&nbsp;&nbsp;&nbsp;&nbsp;&nbsp;&nbsp; &nbsp;\n2) <\/strong>++ Franciszka i Franciszk\u0119\n\u2013 modli si\u0119 rodzina <\/p>\n\n\n\n<p><strong>&nbsp;\n3)<\/strong> + Zofia Kocha\u0144ska &#8211;&nbsp; gregorianka 13 \u2013 modl\u0105 si\u0119 dzieci<strong><\/strong><\/p>\n\n\n\n<p><strong>12.3o\n\u2013 1)<\/strong> zaj. P. Kuszyk<strong>\n<\/strong><\/p>\n\n\n\n<p><strong>&nbsp;&nbsp;&nbsp;&nbsp;&nbsp;&nbsp;&nbsp;&nbsp;&nbsp;&nbsp;&nbsp; &nbsp;\n2)<\/strong> + Romana Paw\u0142owskiego \u2013 modli si\u0119 rodzina<\/p>\n\n\n\n<p><strong>18.oo\n\u2013 <\/strong>++ Baltazara i Zofi\u0119 Koz\u0142owskich, El\u017cbiet\u0119 Demczak\noraz ++ z rodziny Koz\u0142owskich,<\/p>\n\n\n\n<p>&nbsp;&nbsp;&nbsp;&nbsp;&nbsp;&nbsp;&nbsp;&nbsp;&nbsp;&nbsp;&nbsp;&nbsp; &nbsp;Trubickich, \u017bybort\u00f3w i Raks\u00f3w<strong> &nbsp;<\/strong>&nbsp;<\/p>\n\n\n\n<p><strong><em>15.03.\n\u2013 PONIEDZIA\u0141EK<\/em><\/strong><\/p>\n\n\n\n<p><strong>&nbsp;7.oo \u2013 <\/strong>&nbsp;<strong>1<\/strong><strong>)\n<\/strong>+ J\u00f3zefa Sielewicza, ++ Jana i Iren\u0119\nGodzin\u00f3w oraz ++ rodzic\u00f3w z obu stron \u2013 modli si\u0119<\/p>\n\n\n\n<p>&nbsp;&nbsp;&nbsp;&nbsp;&nbsp;&nbsp;&nbsp;&nbsp;&nbsp;&nbsp;&nbsp;&nbsp;&nbsp;&nbsp;&nbsp;&nbsp;&nbsp;&nbsp; &nbsp;Tadeusz z rodzin\u0105\n<\/p>\n\n\n\n<p><strong>&nbsp;&nbsp;&nbsp;&nbsp;&nbsp;&nbsp;&nbsp;&nbsp;&nbsp;&nbsp;&nbsp; &nbsp;\n2)<\/strong> w 51 rocz. urodzin Jana i\nw 16 rocz. urodzin Maksymiliana <a>dzi\u0119kczynna za otrzymane\n\u0142aski <\/a><\/p>\n\n\n\n<p>&nbsp;&nbsp;&nbsp;&nbsp;&nbsp;&nbsp;&nbsp;&nbsp;&nbsp;&nbsp;&nbsp;&nbsp;&nbsp;&nbsp;&nbsp;&nbsp;&nbsp;\nz pro\u015bb\u0105 o zdrowie, dary Ducha \u015awi\u0119tego, Bo\u017ce b\u0142ogos\u0142awie\u0144stwo, opiek\u0119\nNMP<\/p>\n\n\n\n<p><strong>18.oo\n\u2013 1) <\/strong>+ Zofia Kocha\u0144ska &#8211;&nbsp; gregorianka 14 \u2013 modl\u0105 si\u0119 dzieci\n<\/p>\n\n\n\n<p><strong>&nbsp;&nbsp;&nbsp;&nbsp;&nbsp;&nbsp;&nbsp;&nbsp;&nbsp;&nbsp;&nbsp; &nbsp;\n2)<\/strong> + Ludwik\u0119 Szmigielsk\u0105 z racji ziemskich imienin \u2013\nmodli si\u0119 rodzina<\/p>\n\n\n\n<p><strong><em>16.03.\n&#8211; WTOREK<\/em><\/strong><em><\/em><\/p>\n\n\n\n<p><strong>&nbsp; 7.oo \u2013 <\/strong>+ Zofia Kocha\u0144ska &#8211;&nbsp; gregorianka 15\n\u2013 modl\u0105 si\u0119 dzieci<\/p>\n\n\n\n<p><strong>18.oo\n\u2013 1) <\/strong>+ Halin\u0119 Przew\u0142ock\u0105 &#8211;\n30 dzie\u0144 od pogrzebu &#8211; intencja od uczestnik\u00f3w Mszy pogrzebowej <\/p>\n\n\n\n<p><strong>&nbsp;&nbsp;&nbsp;&nbsp;&nbsp;&nbsp;&nbsp; 2)<\/strong> ++ Boles\u0142awa\nMarcin\u00f3w w 10 rocz. \u015bm., Edwarda Paszkowiaka, ++ rodzic\u00f3w i dziadk\u00f3w z obu<\/p>\n\n\n\n<p>&nbsp;&nbsp;&nbsp;&nbsp;&nbsp;&nbsp;&nbsp; &nbsp;stron, siostry: Iren\u0119 i Genowef\u0119, chrze\u015bnic\u0119\nJolant\u0119 oraz brata Renis\u0142awa \u2013 modli si\u0119 rodzina<\/p>\n\n\n\n<p><strong><em>17.03.\n\u2013 \u015aRODA <\/em><\/strong><\/p>\n\n\n\n<p><strong>&nbsp; 7.oo \u2013 <\/strong>+ Zofia Kocha\u0144ska &#8211;&nbsp; gregorianka 16\n\u2013 modl\u0105 si\u0119 dzieci&#8212;&#8211;<strong><\/strong><\/p>\n\n\n\n<p><strong>18.oo\n\u2013&nbsp; intencja zbiorowa nowennowa:<\/strong><\/p>\n\n\n\n<p><strong>&nbsp;1)<\/strong> ++ rodzic\u00f3w: Helen\u0119 w\n3 rocz. \u015bm. i Jana oraz brata Zygmunta z rodziny St\u0119pieni\u00f3w \u2013 modl\u0105 si\u0119<\/p>\n\n\n\n<p>&nbsp;&nbsp;&nbsp;&nbsp;&nbsp; &nbsp;c\u00f3rki i siostry z rodzinami<\/p>\n\n\n\n<p><strong>&nbsp;2)<\/strong> ++ Franciszk\u0119,\nMicha\u0142a, Stanis\u0142awa, Jana i J\u00f3zefa z rodziny Bilewicz\u00f3w<\/p>\n\n\n\n<p><strong>&nbsp;3)<\/strong> ++ rodzic\u00f3w: Mari\u0119 i Stanis\u0142awa, J\u00f3zefa Kulpi\u0144skich, Mieczys\u0142awa,\nApoloni\u0119, J\u00f3zefa, Zbigniewa<\/p>\n\n\n\n<p>&nbsp;&nbsp;&nbsp;&nbsp; &nbsp;Pirog\u00f3w \u2013 modli si\u0119 c\u00f3rka i \u017cona z dzie\u0107mi<\/p>\n\n\n\n<p><strong><em>18.03.\n\u2013 CZWARTEK <\/em><\/strong><em>&nbsp;<\/em><\/p>\n\n\n\n<p><strong>&nbsp; 7.oo \u2013<\/strong> &nbsp;<\/p>\n\n\n\n<p><strong>18.oo\n\u2013 1) <\/strong>+ Zofia Kocha\u0144ska &#8211;&nbsp; gregorianka 17 \u2013 modl\u0105 si\u0119 dzieci\n<\/p>\n\n\n\n<p><strong>&nbsp;&nbsp;&nbsp;&nbsp;&nbsp;&nbsp;&nbsp;&nbsp;&nbsp;&nbsp;&nbsp; &nbsp;\n2)<\/strong> ++ rodzic\u00f3w: Eugeni\u0119 i Franciszka\nz rodziny Woch\u00f3w \u2013 modl\u0105 si\u0119 dzieci z rodzinami<\/p>\n\n\n\n<p><strong><em>19.03.\n\u2013 PI\u0104TEK<\/em><\/strong><\/p>\n\n\n\n<p><strong>&nbsp; &nbsp;&nbsp;9.oo\n\u2013<\/strong>\n+ Zofia Kocha\u0144ska &#8211;&nbsp; gregorianka 18 \u2013 modl\u0105 si\u0119 dzieci <\/p>\n\n\n\n<p><strong>18.oo\n\u2013 1) <\/strong>++ m\u0119\u017ca J\u00f3zefa Golczyka, te\u015bciow\u0105\nJ\u00f3zef\u0119 i dziadka J\u00f3zefa Golczyka \u2013 modl\u0105 si\u0119 \u017cona,<\/p>\n\n\n\n<p>&nbsp;&nbsp;&nbsp;&nbsp;&nbsp;&nbsp;&nbsp;&nbsp;&nbsp;&nbsp;&nbsp;&nbsp;&nbsp;&nbsp;&nbsp;&nbsp;&nbsp; dzieci i wnuki &nbsp;<\/p>\n\n\n\n<p><strong>&nbsp;&nbsp;&nbsp;&nbsp;&nbsp;&nbsp;&nbsp;&nbsp;&nbsp;&nbsp;&nbsp; &nbsp;\n2)<\/strong> + J\u00f3zef\u0119 Dro\u0144 w dniu ziemskich imienin \u2013 modli si\u0119\nm\u0105\u017c z rodzin\u0105 <\/p>\n\n\n\n<p><strong><em>20.03.\n\u2013 SOBOTA<\/em><\/strong><\/p>\n\n\n\n<p><strong>&nbsp; &nbsp;&nbsp;7.oo\n\u2013<\/strong>\n+ Zofia Kocha\u0144ska &#8211;&nbsp; gregorianka 19 \u2013 modl\u0105 si\u0119 dzieci<\/p>\n\n\n\n<p><strong>18.oo\n\u2013 1) <\/strong>++ Stanis\u0142awa, Stanis\u0142aw\u0119,\nJana i Karolin\u0119 z rodziny Draczy\u0144skich \u2013 modli si\u0119 rodzina\n<\/p>\n\n\n\n<p><strong>&nbsp;&nbsp;&nbsp;&nbsp;&nbsp;&nbsp;&nbsp;&nbsp;&nbsp;&nbsp;&nbsp; &nbsp;\n2)<\/strong> ++ Stanis\u0142aw\u0119 i Franciszka Jakubowicz\u00f3w \u2013 modl\u0105 si\u0119\nc\u00f3rki, zi\u0119ciowie, wnuki i prawnuki <\/p>\n\n\n\n<p><strong><em>21.03.\n\u2013 NIEDZIELA&nbsp; <\/em><\/strong><\/p>\n\n\n\n<p><strong>&nbsp; 8.oo \u2013 1) <\/strong>++ J\u00f3zefa i Kazimier\u0119 Szymczak\u00f3w z racji ich ziemskich imienin, Maryl\u0119 Sta\u0144czyk\nz domu<\/p>\n\n\n\n<p>&nbsp;&nbsp;&nbsp;&nbsp;&nbsp;&nbsp;&nbsp;&nbsp;&nbsp;&nbsp;&nbsp;&nbsp;&nbsp;&nbsp;&nbsp;&nbsp; &nbsp;Szymczak, Weronik\u0119 i Stanis\u0142awa Jakubowicz\u00f3w \u2013\nmodl\u0105 si\u0119 synowie z rodzin\u0105 <\/p>\n\n\n\n<p><strong>&nbsp;&nbsp;&nbsp;&nbsp;&nbsp;&nbsp;&nbsp;&nbsp;&nbsp;&nbsp;&nbsp; &nbsp;\n2)<\/strong> + m\u0119\u017ca J\u00f3zefa Mazurkiewicza w dniu ziemskich\nimienin \u2013 modli si\u0119 \u017cona z rodzin\u0105<\/p>\n\n\n\n<p><strong>&nbsp; 9.3o \u2013 <\/strong>&nbsp;+ J\u00f3zefa Rudyka z racji ziemskich imienin oraz\n++ z rodziny Liszewskich i Rudyk\u00f3w <\/p>\n\n\n\n<p><strong>11.oo\n\u2013 1) <\/strong>+ J\u00f3zefa Filarowskiego z\nracji ziemskich imienin, Rozali\u0119 i Micha\u0142a Filarowskich, <\/p>\n\n\n\n<p>&nbsp;&nbsp;&nbsp;&nbsp;&nbsp;&nbsp;&nbsp;&nbsp;&nbsp;&nbsp;&nbsp;&nbsp;&nbsp;&nbsp;&nbsp;&nbsp;&nbsp;&nbsp; Genowef\u0119 i\nRomana Adamczyk\u00f3w \u2013 modli si\u0119 rodzina<\/p>\n\n\n\n<p><strong>&nbsp;&nbsp;&nbsp;&nbsp;&nbsp;&nbsp;&nbsp;&nbsp;&nbsp;&nbsp;&nbsp; &nbsp;\n2) <\/strong>+ Alfreda Skoczylasa w 8\nrocz. \u015bm. oraz wszystkich ++ z rodziny Skoczylas\u00f3w,<\/p>\n\n\n\n<p>&nbsp;&nbsp;&nbsp;&nbsp;&nbsp;&nbsp;&nbsp;&nbsp;&nbsp;&nbsp;&nbsp;&nbsp;&nbsp;&nbsp;&nbsp;&nbsp;&nbsp; &nbsp;Hawrylczak\u00f3w i Zygmunt\u00f3w \u2013 modli si\u0119 rodzina<\/p>\n\n\n\n<p>&nbsp;&nbsp;&nbsp;&nbsp;&nbsp;&nbsp;&nbsp;&nbsp;&nbsp;&nbsp;&nbsp; &nbsp;<strong>&nbsp;3)<\/strong> ++ rodzic\u00f3w: Mari\u0119 i Tomasza Baran\u00f3w \u2013 modli si\u0119 rodzina\n<\/p>\n\n\n\n<p><strong>12.3o\n\u2013 1) <\/strong>w 14 rocz. urodzin Kacpra\ndzi\u0119kczynna za otrzymane \u0142aski z pro\u015bb\u0105 o zdrowie,\ndary <\/p>\n\n\n\n<p>&nbsp;&nbsp;&nbsp;&nbsp;&nbsp;&nbsp;&nbsp;&nbsp;&nbsp;&nbsp;&nbsp;&nbsp; &nbsp;&nbsp;&nbsp;&nbsp;Ducha \u015awi\u0119tego, Bo\u017ce b\u0142ogos\u0142awie\u0144stwo,\nopiek\u0119 NMP i \u015bw. Patron\u00f3w \u2013 modli si\u0119 rodzina<\/p>\n\n\n\n<p><strong>&nbsp;&nbsp;&nbsp;&nbsp;&nbsp;&nbsp;&nbsp;&nbsp;&nbsp;&nbsp;&nbsp; &nbsp;\n2)<\/strong> + J\u00f3zefa z okazji ziemskich\nimienin \u2013 modli si\u0119 c\u00f3rka z rodzin\u0105 &nbsp;<\/p>\n\n\n\n<p><strong>18.oo\n\u2013 1) <\/strong>+ Zofia Kocha\u0144ska &#8211;&nbsp; gregorianka 20 \u2013 modl\u0105 si\u0119 dzieci\n<\/p>\n\n\n\n<p><strong>&nbsp;&nbsp;&nbsp;&nbsp;&nbsp;&nbsp;&nbsp;&nbsp;&nbsp;&nbsp;&nbsp; &nbsp;\n2)<\/strong> + J\u00f3zefa Lisa \u2013 modli si\u0119 \u017cona z rodzin\u0105<\/p>\n","protected":false},"excerpt":{"rendered":"<p>Sk\u0142adaj\u0105c Ofiar\u0119, kt\u00f3ra nam przypomina niezmierzon\u0105 mi\u0142o\u015b\u0107 Twojego Syna, pokornie prosimy Ci\u0119, Bo\u017ce, przyjmij intencje Twoich wiernych i spraw przez dzia\u0142anie Eucharystii, aby w naszych rodzinach wzrasta\u0142a prawdziwa wiara, \u015bwi\u0119to\u015b\u0107 \u017cycia, braterska mi\u0142o\u015b\u0107 i duch modlitwy. Niech Matka Naj\u015bwi\u0119tsza wyprosi \u0142aski, o kt\u00f3re modlili\u015bmy si\u0119 w tej Mszy \u015bw. dla&#8230; <a class=\"continue-reading-link\" href=\"http:\/\/parafia.scinawa.info\/index.php\/2021\/03\/13\/intencje-mszalne-14-03-21-03-2021\/\">Czytaj dalej <span class=\"meta-nav\">&rarr; <\/span><\/a><\/p>\n","protected":false},"author":2,"featured_media":0,"comment_status":"closed","ping_status":"closed","sticky":false,"template":"","format":"standard","meta":{"footnotes":""},"categories":[39],"tags":[],"class_list":["post-1653","post","type-post","status-publish","format-standard","hentry","category-intencje"],"_links":{"self":[{"href":"http:\/\/parafia.scinawa.info\/index.php\/wp-json\/wp\/v2\/posts\/1653","targetHints":{"allow":["GET"]}}],"collection":[{"href":"http:\/\/parafia.scinawa.info\/index.php\/wp-json\/wp\/v2\/posts"}],"about":[{"href":"http:\/\/parafia.scinawa.info\/index.php\/wp-json\/wp\/v2\/types\/post"}],"author":[{"embeddable":true,"href":"http:\/\/parafia.scinawa.info\/index.php\/wp-json\/wp\/v2\/users\/2"}],"replies":[{"embeddable":true,"href":"http:\/\/parafia.scinawa.info\/index.php\/wp-json\/wp\/v2\/comments?post=1653"}],"version-history":[{"count":1,"href":"http:\/\/parafia.scinawa.info\/index.php\/wp-json\/wp\/v2\/posts\/1653\/revisions"}],"predecessor-version":[{"id":1654,"href":"http:\/\/parafia.scinawa.info\/index.php\/wp-json\/wp\/v2\/posts\/1653\/revisions\/1654"}],"wp:attachment":[{"href":"http:\/\/parafia.scinawa.info\/index.php\/wp-json\/wp\/v2\/media?parent=1653"}],"wp:term":[{"taxonomy":"category","embeddable":true,"href":"http:\/\/parafia.scinawa.info\/index.php\/wp-json\/wp\/v2\/categories?post=1653"},{"taxonomy":"post_tag","embeddable":true,"href":"http:\/\/parafia.scinawa.info\/index.php\/wp-json\/wp\/v2\/tags?post=1653"}],"curies":[{"name":"wp","href":"https:\/\/api.w.org\/{rel}","templated":true}]}}