{"id":1655,"date":"2021-03-13T15:02:59","date_gmt":"2021-03-13T14:02:59","guid":{"rendered":"http:\/\/parafia.scinawa.info\/?p=1655"},"modified":"2021-03-13T15:02:59","modified_gmt":"2021-03-13T14:02:59","slug":"ogloszenia-duszpasterskie-4-niedziela-wielkiego-postu-14-03-2021","status":"publish","type":"post","link":"http:\/\/parafia.scinawa.info\/index.php\/2021\/03\/13\/ogloszenia-duszpasterskie-4-niedziela-wielkiego-postu-14-03-2021\/","title":{"rendered":"Og\u0142oszenia duszpasterskie    4 Niedziela Wielkiego Postu \u2013 14.03. 2021"},"content":{"rendered":"\n<p><strong>1<\/strong><strong>.<\/strong>\nDzi\u015b prze\u017cywamy <strong>4 Niedziel\u0119 Wielkiego Postu<\/strong><strong>.<\/strong>\nMsze \u015bw. wed\u0142ug porz\u0105dku niedzielnego. <\/p>\n\n\n\n<p><strong>2<\/strong><strong>.<\/strong>\nMsze \u015bw. w tygodniu&nbsp; o <strong>7<sup>00<\/sup><\/strong>\ni <strong>18<sup>00<\/sup><\/strong>.&nbsp; <\/p>\n\n\n\n<p><strong>3<\/strong><strong>. <\/strong>Codziennie\nspowied\u017a i adoracja Naj\u015bwi\u0119tszego Sakramentu o godz. <strong>17<sup>00<\/sup>.<\/strong><\/p>\n\n\n\n<p><strong>4<\/strong><strong>. W poniedzia\u0142ek o&nbsp; 17<sup>30<\/sup> nabo\u017ce\u0144stwo do Bo\u017cego\nMi\u0142osierdzia. <\/strong>(Na stoliku pod ch\u00f3rem znajduj\u0105 si\u0119\nkartki, na kt\u00f3rych mo\u017cna wypisywa\u0107 pro\u015bby i podzi\u0119kowania, kt\u00f3re b\u0119dziemy\npoleca\u0107 Bo\u017cemu Mi\u0142osierdziu).<\/p>\n\n\n\n<p><strong>5.<\/strong><strong> <\/strong>W\n\u015brod\u0119 Nowenna do NMP Nieustaj\u0105cej Pomocy o godz. <strong>17<sup>30<\/sup><\/strong>. Do czwartku trwa<strong><em> nowenna do \u015bw. J\u00f3zefa przed\nuroczysto\u015bci\u0105 19 marca.<\/em><\/strong><\/p>\n\n\n\n<p><strong>6.<\/strong> W pi\u0105tek uroczysto\u015b\u0107 \u015bw. J\u00f3zefa, oblubie\u0144ca NMP,\npatrona Diecezji i WSD w Legnicy. Msze o <strong>9<sup>00<\/sup><\/strong> i<strong> 18<sup>00<\/sup>.<\/strong>\n<\/p>\n\n\n\n<p><strong>7<\/strong><strong>.<\/strong>\nW Wielkim Po\u015bcie nabo\u017ce\u0144stwa Drogi Krzy\u017cowej w pi\u0105tki:o <strong>8<sup>30<\/sup> <\/strong>dla doros\u0142ych ( Msza\no <strong>9<sup>00<\/sup><\/strong>);<strong> 16<sup>00 <\/sup>&nbsp;<\/strong>dla dzieci<strong>, 17<sup>30<\/sup> <\/strong>dla\ndoros\u0142ych i m\u0142odzie\u017cy, w R\u0119szowie o <strong>17<sup>00<\/sup><\/strong><\/p>\n\n\n\n<p><strong>8<\/strong><strong>.<\/strong>\nGorzkie \u017bale w niedziel\u0119 o godz. <strong>17<sup>15<\/sup>.<\/strong>Za udzia\u0142 w\nnabo\u017ce\u0144stwie Gorzkich \u017bali w Wielkim Po\u015bcie oraz za odprawienie Drogi Krzy\u017cowej\nmo\u017cna uzyska\u0107 odpust zupe\u0142ny pod zwyk\u0142ymi warunkami.<\/p>\n\n\n\n<p><strong>9<\/strong><strong>. <\/strong>W przysz\u0142\u0105 niedziel\u0119 b\u0119dziemy prze\u017cywa\u0107 <strong>5 Niedziel\u0119 Wielkiego Postu.<\/strong> Msze \u015bw. wed\u0142ug porz\u0105dku\nniedzielnego. <\/p>\n\n\n\n<p><strong>10<\/strong><strong>.<\/strong>\nKancelaria czynna codziennie po Mszy \u015bw. wieczornej z wyj\u0105tkiem niedziel,\nuroczysto\u015bci i \u015bwi\u0105t.<\/p>\n\n\n\n<p><strong>11<\/strong><strong>.<\/strong>\nDo nabycia jest prasa katolicka: Niedziela, Go\u015b\u0107 Niedzielny i R\u00f3\u017caniec. <\/p>\n\n\n\n<p><strong>12<\/strong><strong>.<\/strong>\nRekolekcje wielkopostne w naszej parafii b\u0119d\u0105 przed niedziel\u0105 Palmow\u0105.<\/p>\n\n\n\n<p><strong>13<\/strong><strong>.<\/strong>\nDzi\u0119kuj\u0119 wszystkim, kt\u00f3rzy w tym tygodniu sprz\u0105tali \u015bwi\u0105tyni\u0119 i przygotowali j\u0105\nna nasze spotkanie eucharystyczne.<\/p>\n\n\n\n<p><strong>14<\/strong><strong>.<\/strong>\nSerdeczne B\u00f3g zap\u0142a\u0107 za ofiary sk\u0142adane na remonty w naszej parafii. <\/p>\n\n\n\n<p><strong>15<\/strong><strong>.<\/strong>\nIntencje mszalne, <strong><em>skarbonki \u2013 ja\u0142mu\u017cna wielkopostna<\/em><\/strong>, kartki \u015bwi\u0105teczne, \u015bwiece\n&#8211; paschaliki po 6 z\u0142 ma\u0142e i du\u017ce po 16 z\u0142. obrazki \u2013 pami\u0105tki odprawionej Mszy\n\u015bw., program rekolekcji i \u015bwi\u0105t<\/p>\n\n\n\n<p><strong>16<\/strong><strong>. <\/strong>Tradycj\u0105\nlat minionych od I Niedzieli Wielkiego Postu sk\u0142adamy ofiary na kwiaty do Bo\u017cego\nGrobu do skarbony pod ambon\u0105.<\/p>\n\n\n\n<p><strong>17<\/strong><strong>.<\/strong>\n21 marca <strong><em>spotkanie dla rodzic\u00f3w i dzieci Pierwszokomunijnych o godz. 12<sup>30<\/sup>\npo\u0142\u0105czone z po\u015bwi\u0119ceniem i przekazaniem dzieciom medalik\u00f3w.<\/em><\/strong><\/p>\n\n\n\n<p><em>\u017byczymy\nmi\u0142ego tygodnia i obfitych \u0142ask Bo\u017cych.<\/em><\/p>\n","protected":false},"excerpt":{"rendered":"<p>1. Dzi\u015b prze\u017cywamy 4 Niedziel\u0119 Wielkiego Postu. Msze \u015bw. wed\u0142ug porz\u0105dku niedzielnego. 2. Msze \u015bw. w tygodniu&nbsp; o 700 i 1800.&nbsp; 3. Codziennie spowied\u017a i adoracja Naj\u015bwi\u0119tszego Sakramentu o godz. 1700. 4. W poniedzia\u0142ek o&nbsp; 1730 nabo\u017ce\u0144stwo do Bo\u017cego Mi\u0142osierdzia. (Na stoliku pod ch\u00f3rem znajduj\u0105 si\u0119 kartki, na kt\u00f3rych mo\u017cna&#8230; <a class=\"continue-reading-link\" href=\"http:\/\/parafia.scinawa.info\/index.php\/2021\/03\/13\/ogloszenia-duszpasterskie-4-niedziela-wielkiego-postu-14-03-2021\/\">Czytaj dalej <span class=\"meta-nav\">&rarr; <\/span><\/a><\/p>\n","protected":false},"author":2,"featured_media":0,"comment_status":"closed","ping_status":"closed","sticky":false,"template":"","format":"standard","meta":{"footnotes":""},"categories":[40],"tags":[],"class_list":["post-1655","post","type-post","status-publish","format-standard","hentry","category-ogloszenia-duszpasterskie"],"_links":{"self":[{"href":"http:\/\/parafia.scinawa.info\/index.php\/wp-json\/wp\/v2\/posts\/1655","targetHints":{"allow":["GET"]}}],"collection":[{"href":"http:\/\/parafia.scinawa.info\/index.php\/wp-json\/wp\/v2\/posts"}],"about":[{"href":"http:\/\/parafia.scinawa.info\/index.php\/wp-json\/wp\/v2\/types\/post"}],"author":[{"embeddable":true,"href":"http:\/\/parafia.scinawa.info\/index.php\/wp-json\/wp\/v2\/users\/2"}],"replies":[{"embeddable":true,"href":"http:\/\/parafia.scinawa.info\/index.php\/wp-json\/wp\/v2\/comments?post=1655"}],"version-history":[{"count":1,"href":"http:\/\/parafia.scinawa.info\/index.php\/wp-json\/wp\/v2\/posts\/1655\/revisions"}],"predecessor-version":[{"id":1656,"href":"http:\/\/parafia.scinawa.info\/index.php\/wp-json\/wp\/v2\/posts\/1655\/revisions\/1656"}],"wp:attachment":[{"href":"http:\/\/parafia.scinawa.info\/index.php\/wp-json\/wp\/v2\/media?parent=1655"}],"wp:term":[{"taxonomy":"category","embeddable":true,"href":"http:\/\/parafia.scinawa.info\/index.php\/wp-json\/wp\/v2\/categories?post=1655"},{"taxonomy":"post_tag","embeddable":true,"href":"http:\/\/parafia.scinawa.info\/index.php\/wp-json\/wp\/v2\/tags?post=1655"}],"curies":[{"name":"wp","href":"https:\/\/api.w.org\/{rel}","templated":true}]}}