{"id":1659,"date":"2021-03-20T13:42:20","date_gmt":"2021-03-20T12:42:20","guid":{"rendered":"http:\/\/parafia.scinawa.info\/?p=1659"},"modified":"2021-03-20T13:42:20","modified_gmt":"2021-03-20T12:42:20","slug":"ogloszenia-duszpasterskie-5-niedziela-wielkiego-postu-21-03-2021","status":"publish","type":"post","link":"http:\/\/parafia.scinawa.info\/index.php\/2021\/03\/20\/ogloszenia-duszpasterskie-5-niedziela-wielkiego-postu-21-03-2021\/","title":{"rendered":"Og\u0142oszenia duszpasterskie    5 Niedziela Wielkiego Postu \u2013 21.03. 2021"},"content":{"rendered":"\n<p><strong>1<\/strong><strong>.<\/strong>\nDzi\u015b prze\u017cywamy <strong>5 Niedziel\u0119 Wielkiego Postu<\/strong><strong>.<\/strong>\nMsze \u015bw. wed\u0142ug porz\u0105dku niedzielnego. Dzisiaj <strong><em>spotkanie\ndla rodzic\u00f3w i dzieci Pierwszokomunijnych o godz. 12<sup>30<\/sup> po\u0142\u0105czone z\npo\u015bwi\u0119ceniem i przekazaniem dzieciom medalik\u00f3w.<\/em><\/strong><\/p>\n\n\n\n<p><strong>2<\/strong><strong>.<\/strong>\nMsze \u015bw. do \u015brody w\u0142\u0105cznie o <strong>7<sup>00<\/sup><\/strong> i <strong>18<sup>00<\/sup><\/strong>, <strong><em>a\nod czwartku rekolekcje wielkopostne i nabo\u017ce\u0144stwa drogi Krzy\u017cowej wg planu!!!<\/em><\/strong><\/p>\n\n\n\n<p><strong>3<\/strong><strong>. <\/strong>Codziennie\nspowied\u017a i adoracja Naj\u015bwi\u0119tszego Sakramentu o godz. <strong>17<sup>00<\/sup>.<\/strong><\/p>\n\n\n\n<p><strong>4<\/strong><strong>. W poniedzia\u0142ek o&nbsp; 17<sup>30<\/sup> nabo\u017ce\u0144stwo do Bo\u017cego\nMi\u0142osierdzia. <\/strong>(Na stoliku pod ch\u00f3rem znajduj\u0105 si\u0119\nkartki, na kt\u00f3rych mo\u017cna wypisywa\u0107 pro\u015bby i podzi\u0119kowania, kt\u00f3re b\u0119dziemy\npoleca\u0107 Bo\u017cemu Mi\u0142osierdziu).<\/p>\n\n\n\n<p><strong>5.<\/strong><strong> <\/strong>W\n\u015brod\u0119 Nowenna do NMP Nieustaj\u0105cej Pomocy o godz. <strong>17<sup>30<\/sup><\/strong>.<\/p>\n\n\n\n<p><strong>6.<\/strong> W czwartek uroczysto\u015b\u0107 Zwiastowania Pa\u0144skiego.<strong><\/strong><\/p>\n\n\n\n<p><strong>7<\/strong><strong>. <\/strong>W przysz\u0142\u0105 niedziel\u0119 b\u0119dziemy prze\u017cywa\u0107 <strong>6 Niedziel\u0119 Wielkiego Postu<\/strong>\nczyli Niedziel\u0119 Palmow\u0105. Msze \u015bw. wed\u0142ug porz\u0105dku\nniedzielnego. &nbsp;W czasie ka\u017cdej Mszy \u015bw.\npo\u015bwi\u0119cenie palm. &nbsp;<\/p>\n\n\n\n<p><strong>8<\/strong><strong>.<\/strong>\nGorzkie \u017bale w niedziel\u0119 o godz. <strong>17<sup>15<\/sup>.<\/strong>Za udzia\u0142 w\nnabo\u017ce\u0144stwie Gorzkich \u017bali w Wielkim Po\u015bcie oraz za odprawienie Drogi Krzy\u017cowej\nmo\u017cna uzyska\u0107 odpust zupe\u0142ny pod zwyk\u0142ymi warunkami.<\/p>\n\n\n\n<p><strong>9<\/strong><strong>.<\/strong>\nKancelaria czynna codziennie po Mszy \u015bw. wieczornej z wyj\u0105tkiem niedziel,\nuroczysto\u015bci i \u015bwi\u0105t.<\/p>\n\n\n\n<p><strong>10<\/strong><strong>.<\/strong>\nDo nabycia jest prasa katolicka: Niedziela, Go\u015b\u0107 Niedzielny i R\u00f3\u017caniec. <\/p>\n\n\n\n<p><strong>11<\/strong><strong>.<\/strong>\nDzi\u0119kuj\u0119 wszystkim, kt\u00f3rzy w tym tygodniu sprz\u0105tali \u015bwi\u0105tyni\u0119 i przygotowali j\u0105\nna nasze spotkanie eucharystyczne.<\/p>\n\n\n\n<p><strong>12<\/strong><strong>.<\/strong>\nSerdeczne B\u00f3g zap\u0142a\u0107 za ofiary sk\u0142adane na remonty w naszej parafii. <\/p>\n\n\n\n<p><strong>13<\/strong><strong>.<\/strong>\nIntencje mszalne, <strong><em>skarbonki \u2013 ja\u0142mu\u017cna wielkopostna<\/em><\/strong>, kartki \u015bwi\u0105teczne, \u015bwiece\n&#8211; paschaliki po 6 z\u0142 ma\u0142e i du\u017ce po 16 z\u0142. obrazki \u2013 pami\u0105tki odprawionej Mszy\n\u015bw., program rekolekcji i \u015bwi\u0105t<\/p>\n\n\n\n<p><strong>14<\/strong><strong>. <\/strong>Tradycj\u0105\nlat minionych od I Niedzieli Wielkiego Postu sk\u0142adamy ofiary na kwiaty do Bo\u017cego\nGrobu do skarbony pod ambon\u0105.<em>\u017byczymy mi\u0142ego tygodnia i obfitych \u0142ask Bo\u017cych.<\/em><\/p>\n","protected":false},"excerpt":{"rendered":"<p>1. Dzi\u015b prze\u017cywamy 5 Niedziel\u0119 Wielkiego Postu. Msze \u015bw. wed\u0142ug porz\u0105dku niedzielnego. Dzisiaj spotkanie dla rodzic\u00f3w i dzieci Pierwszokomunijnych o godz. 1230 po\u0142\u0105czone z po\u015bwi\u0119ceniem i przekazaniem dzieciom medalik\u00f3w. 2. Msze \u015bw. do \u015brody w\u0142\u0105cznie o 700 i 1800, a od czwartku rekolekcje wielkopostne i nabo\u017ce\u0144stwa drogi Krzy\u017cowej wg planu!!!&#8230; <a class=\"continue-reading-link\" href=\"http:\/\/parafia.scinawa.info\/index.php\/2021\/03\/20\/ogloszenia-duszpasterskie-5-niedziela-wielkiego-postu-21-03-2021\/\">Czytaj dalej <span class=\"meta-nav\">&rarr; <\/span><\/a><\/p>\n","protected":false},"author":2,"featured_media":0,"comment_status":"closed","ping_status":"closed","sticky":false,"template":"","format":"standard","meta":{"footnotes":""},"categories":[40],"tags":[],"class_list":["post-1659","post","type-post","status-publish","format-standard","hentry","category-ogloszenia-duszpasterskie"],"_links":{"self":[{"href":"http:\/\/parafia.scinawa.info\/index.php\/wp-json\/wp\/v2\/posts\/1659","targetHints":{"allow":["GET"]}}],"collection":[{"href":"http:\/\/parafia.scinawa.info\/index.php\/wp-json\/wp\/v2\/posts"}],"about":[{"href":"http:\/\/parafia.scinawa.info\/index.php\/wp-json\/wp\/v2\/types\/post"}],"author":[{"embeddable":true,"href":"http:\/\/parafia.scinawa.info\/index.php\/wp-json\/wp\/v2\/users\/2"}],"replies":[{"embeddable":true,"href":"http:\/\/parafia.scinawa.info\/index.php\/wp-json\/wp\/v2\/comments?post=1659"}],"version-history":[{"count":1,"href":"http:\/\/parafia.scinawa.info\/index.php\/wp-json\/wp\/v2\/posts\/1659\/revisions"}],"predecessor-version":[{"id":1660,"href":"http:\/\/parafia.scinawa.info\/index.php\/wp-json\/wp\/v2\/posts\/1659\/revisions\/1660"}],"wp:attachment":[{"href":"http:\/\/parafia.scinawa.info\/index.php\/wp-json\/wp\/v2\/media?parent=1659"}],"wp:term":[{"taxonomy":"category","embeddable":true,"href":"http:\/\/parafia.scinawa.info\/index.php\/wp-json\/wp\/v2\/categories?post=1659"},{"taxonomy":"post_tag","embeddable":true,"href":"http:\/\/parafia.scinawa.info\/index.php\/wp-json\/wp\/v2\/tags?post=1659"}],"curies":[{"name":"wp","href":"https:\/\/api.w.org\/{rel}","templated":true}]}}