{"id":1663,"date":"2021-03-20T13:45:26","date_gmt":"2021-03-20T12:45:26","guid":{"rendered":"http:\/\/parafia.scinawa.info\/?p=1663"},"modified":"2021-03-20T13:45:26","modified_gmt":"2021-03-20T12:45:26","slug":"program-rekolekcji-wielkopostnych-2021","status":"publish","type":"post","link":"http:\/\/parafia.scinawa.info\/index.php\/2021\/03\/20\/program-rekolekcji-wielkopostnych-2021\/","title":{"rendered":"PROGRAM REKOLEKCJI WIELKOPOSTNYCH 2021"},"content":{"rendered":"\n<p><strong><em>25.03. &#8211; Czwartek<\/em><\/strong><\/p>\n\n\n\n<p>&#8211; 8.00 &#8211; Msza \u015bw. i nauka og\u00f3lna<\/p>\n\n\n\n<p>&#8211; 11.00 &#8211; Msza \u015bw. i nauka og\u00f3lna <\/p>\n\n\n\n<p>&#8211; 16.00 &#8211; Msza \u015bw. i nauka dla dzieci<\/p>\n\n\n\n<p>&#8211; 17.00 &#8211; &nbsp;<strong>R\u0119sz\u00f3w<\/strong> &#8211; Msza \u015bw. i nauka<\/p>\n\n\n\n<p>&#8211; 18.00 &#8211; Msza \u015bw. i nauka og\u00f3lna<\/p>\n\n\n\n<p><strong><em>26.03. &#8211; Pi\u0105tek<\/em><\/strong><\/p>\n\n\n\n<p>&#8211; &nbsp;8.00 &#8211; Msza \u015bw. i nauka og\u00f3lna\n( po Mszy \u015bw. Droga Krzy\u017cowa)<\/p>\n\n\n\n<p>&#8211; 10.30 \u2013 Droga Krzy\u017cowa<\/p>\n\n\n\n<p>&#8211; 11.00 &#8211; Msza \u015bw. i nauka og\u00f3lna <\/p>\n\n\n\n<p>&#8211; 15.30 \u2013 Droga Krzy\u017cowa dla dzieci<\/p>\n\n\n\n<p>&#8211; 16.00 &#8211; Msza \u015bw. i nauka dla dzieci<\/p>\n\n\n\n<p>&#8211; 16.30 &#8211; &nbsp;<strong>R\u0119sz\u00f3w<\/strong> &#8211; Spowied\u017a \u015bw.<\/p>\n\n\n\n<p>&#8211; 17.00 &#8211; &nbsp;<strong>R\u0119sz\u00f3w<\/strong> &#8211; Msza \u015bw. i nauka<\/p>\n\n\n\n<p>&nbsp;&nbsp;&nbsp;&nbsp;&nbsp;&nbsp;&nbsp;&nbsp;&nbsp; &#8211; &nbsp;<strong>R\u0119sz\u00f3w<\/strong>\n\u2013 Droga Krzy\u017cowa po Mszy<\/p>\n\n\n\n<p>&#8211; 17.30 \u2013 Droga krzy\u017cowa dla doros\u0142ych<\/p>\n\n\n\n<p>&#8211; 18.00 &#8211; Msza \u015bw. i nauka og\u00f3lna<\/p>\n\n\n\n<p><strong><em>27.03. &#8211; Sobota &#8211; Dzie\u0144 Spowiedzi \u015bw. <\/em><\/strong><\/p>\n\n\n\n<p>&#8211; <strong><em>8.00 &#8211; Spowied\u017a \u015bw.<\/em><\/strong><\/p>\n\n\n\n<p>&#8211; 9.00 &#8211; Msza \u015bw. i zako\u0144czenie rekolekcji<\/p>\n\n\n\n<p><strong><em>&#8211; 10.00 &#8211; Spowied\u017a \u015bw.<\/em><\/strong><\/p>\n\n\n\n<p>&#8211; 11.00 &#8211; Msza \u015bw. i zako\u0144czenie rekolekcji <\/p>\n\n\n\n<p><strong><em>&#8211; 15.00 &#8211; Spowied\u017a \u015bw.<\/em><\/strong><\/p>\n\n\n\n<p>&#8211; 16.00 &#8211; Msza \u015bw. i zako\u0144czenie rekolekcji<\/p>\n\n\n\n<p><strong><em>&#8211; 17.00 &#8211; Spowied\u017a \u015bw.<\/em><\/strong><\/p>\n\n\n\n<p>&#8211; 18.00 &#8211; Msza \u015bw. i zako\u0144czenie rekolekcji <\/p>\n\n\n\n<p><strong>Ofiary na tac\u0119 w sobot\u0119\nsk\u0142adamy dla Ksi\u0119dza Rekolekcjonisty<\/strong><\/p>\n","protected":false},"excerpt":{"rendered":"<p>25.03. &#8211; Czwartek &#8211; 8.00 &#8211; Msza \u015bw. i nauka og\u00f3lna &#8211; 11.00 &#8211; Msza \u015bw. i nauka og\u00f3lna &#8211; 16.00 &#8211; Msza \u015bw. i nauka dla dzieci &#8211; 17.00 &#8211; &nbsp;R\u0119sz\u00f3w &#8211; Msza \u015bw. i nauka &#8211; 18.00 &#8211; Msza \u015bw. i nauka og\u00f3lna 26.03. &#8211; Pi\u0105tek &#8211; &nbsp;8.00&#8230; <a class=\"continue-reading-link\" href=\"http:\/\/parafia.scinawa.info\/index.php\/2021\/03\/20\/program-rekolekcji-wielkopostnych-2021\/\">Czytaj dalej <span class=\"meta-nav\">&rarr; <\/span><\/a><\/p>\n","protected":false},"author":2,"featured_media":0,"comment_status":"closed","ping_status":"closed","sticky":false,"template":"","format":"standard","meta":{"footnotes":""},"categories":[40],"tags":[],"class_list":["post-1663","post","type-post","status-publish","format-standard","hentry","category-ogloszenia-duszpasterskie"],"_links":{"self":[{"href":"http:\/\/parafia.scinawa.info\/index.php\/wp-json\/wp\/v2\/posts\/1663","targetHints":{"allow":["GET"]}}],"collection":[{"href":"http:\/\/parafia.scinawa.info\/index.php\/wp-json\/wp\/v2\/posts"}],"about":[{"href":"http:\/\/parafia.scinawa.info\/index.php\/wp-json\/wp\/v2\/types\/post"}],"author":[{"embeddable":true,"href":"http:\/\/parafia.scinawa.info\/index.php\/wp-json\/wp\/v2\/users\/2"}],"replies":[{"embeddable":true,"href":"http:\/\/parafia.scinawa.info\/index.php\/wp-json\/wp\/v2\/comments?post=1663"}],"version-history":[{"count":1,"href":"http:\/\/parafia.scinawa.info\/index.php\/wp-json\/wp\/v2\/posts\/1663\/revisions"}],"predecessor-version":[{"id":1664,"href":"http:\/\/parafia.scinawa.info\/index.php\/wp-json\/wp\/v2\/posts\/1663\/revisions\/1664"}],"wp:attachment":[{"href":"http:\/\/parafia.scinawa.info\/index.php\/wp-json\/wp\/v2\/media?parent=1663"}],"wp:term":[{"taxonomy":"category","embeddable":true,"href":"http:\/\/parafia.scinawa.info\/index.php\/wp-json\/wp\/v2\/categories?post=1663"},{"taxonomy":"post_tag","embeddable":true,"href":"http:\/\/parafia.scinawa.info\/index.php\/wp-json\/wp\/v2\/tags?post=1663"}],"curies":[{"name":"wp","href":"https:\/\/api.w.org\/{rel}","templated":true}]}}