{"id":1688,"date":"2021-04-10T11:37:49","date_gmt":"2021-04-10T09:37:49","guid":{"rendered":"http:\/\/parafia.scinawa.info\/?p=1688"},"modified":"2021-04-10T11:39:53","modified_gmt":"2021-04-10T09:39:53","slug":"ogloszenia-duszpasterskie-2-niedziela-wielkanocna-11-04-2021","status":"publish","type":"post","link":"http:\/\/parafia.scinawa.info\/index.php\/2021\/04\/10\/ogloszenia-duszpasterskie-2-niedziela-wielkanocna-11-04-2021\/","title":{"rendered":"Og\u0142oszenia duszpasterskie    2 Niedziela Wielkanocna \u2013 11.04. 2021"},"content":{"rendered":"\n<p><strong>1.<\/strong>\nDzi\u015b prze\u017cywamy 2 Niedziel\u0119 Wielkanocn\u0105, czyli Niedziel\u0119 Bo\u017cego Mi\u0142osierdzia.\nMsze \u015bw. wed\u0142ug porz\u0105dku niedzielnego. Zmiana tajemnic \u017bywego R\u00f3\u017ca\u0144ca o <strong>10<sup>30<\/sup>.<\/strong><\/p>\n\n\n\n<p><strong>2<\/strong><strong>.<\/strong>Uroczyste Nabo\u017ce\u0144stwo do Bo\u017cego Mi\u0142osierdzia o\ngodz. <strong>15<sup>00<\/sup><\/strong>. <strong><em>Niedziel\u0105 Mi\u0142osierdzia<\/em><\/strong>\nrozpoczynamy Tydzie\u0144 Mi\u0142osierdzia. <\/p>\n\n\n\n<p><strong><em>Dar odpustu: Odpust zupe\u0142ny<\/em><\/strong> na zwyk\u0142ych warunkach za\nudzia\u0142 w jakimkolwiek ko\u015bciele lub kaplicy w pobo\u017cnych praktykach ku czci\nBo\u017cego Mi\u0142osierdzia albo przynajmniej odm\u00f3wienie przed N. Sakramentem\n(wystawionym lub w tabernakulum) \u201eOjcze nasz\u201d i &#8222;Wierz\u0119&#8221; z dodaniem\npobo\u017cnego wezwania do Pana Jezusa Mi\u0142osiernego (np. \u201eJezu Mi\u0142osierny, ufam\nTobie\u201d), zob.\nWO s. 89-94 (PA tab. n. 116\/01\/I z 2002 r.). Przypominamy, \u017ce na <strong><em>terytorium\nPolski jest codzienna mo\u017cliwo\u015b\u0107 uzyskania odpustu zupe\u0142nego<\/em><\/strong> za pobo\u017cne odm\u00f3wienie\nkoronki do Bo\u017cego Mi\u0142osierdzia w ko\u015bciele lub kaplicy przed N. Sakramentem\n(wystawionym lub w tabernakulum), zob. WO nad. odp. zup. dla Polski, prot. n.\n4\/02\/I, s. 100.<strong><em><\/em><\/strong><\/p>\n\n\n\n<p><strong>3<\/strong><strong>.<\/strong>\nMsze \u015bw. w tygodniu&nbsp; o <strong>7<sup>00<\/sup><\/strong>\ni <strong>18<sup>00<\/sup><\/strong>.&nbsp; <\/p>\n\n\n\n<p><strong>4<\/strong><strong>. <\/strong>Codziennie\nspowied\u017a i adoracja Naj\u015bwi\u0119tszego Sakramentu o godz. <strong>17<sup>00<\/sup>.<\/strong><\/p>\n\n\n\n<p><strong>5<\/strong><strong>. W poniedzia\u0142ek o&nbsp; 17<sup>30<\/sup> nabo\u017ce\u0144stwo do Bo\u017cego\nMi\u0142osierdzia. <\/strong>(Na stoliku pod ch\u00f3rem znajduj\u0105 si\u0119\nkartki, na kt\u00f3rych mo\u017cna wypisywa\u0107 pro\u015bby i podzi\u0119kowania, kt\u00f3re b\u0119dziemy\npoleca\u0107 Bo\u017cemu Mi\u0142osierdziu).<\/p>\n\n\n\n<p><strong>6.<\/strong><strong> <\/strong>W\n\u015brod\u0119 Nowenna do NMP Nieustaj\u0105cej Pomocy o godz. <strong>17<sup>30<\/sup><\/strong>.<\/p>\n\n\n\n<p><strong>7<\/strong><strong>. <\/strong>W przysz\u0142\u0105 niedziel\u0119 obchodzimy 3 Niedziel\u0119\nWielkanocn\u0105 i zarazem rozpoczniemy Tydzie\u0144 Biblijny<strong>. <\/strong>Msze \u015bw. wed\u0142ug porz\u0105dku niedzielnego. <strong><\/strong><\/p>\n\n\n\n<p><strong>8<\/strong><strong>.<\/strong>\nKancelaria czynna codziennie po Mszy \u015bw. wieczornej z wyj\u0105tkiem niedziel i\n\u015bwi\u0105t.<\/p>\n\n\n\n<p><strong>9<\/strong><strong>.<\/strong>\nDo nabycia jest prasa katolicka: Niedziela, Go\u015b\u0107 Niedzielny i R\u00f3\u017caniec. <\/p>\n\n\n\n<p><strong>10<\/strong><strong>.<\/strong>\nDzi\u0119kuj\u0119 wszystkim, kt\u00f3rzy w tym tygodniu sprz\u0105tali \u015bwi\u0105tyni\u0119 i przygotowali j\u0105\nna nasze spotkanie eucharystyczne.<\/p>\n\n\n\n<p><strong>11<\/strong><strong>.<\/strong>\nSerdeczne B\u00f3g zap\u0142a\u0107 za ofiary sk\u0142adane na remonty w naszej parafii. <\/p>\n\n\n\n<p><strong>12<\/strong><strong>.<\/strong>\nIntencje mszalne, kalendarze parafialne.<\/p>\n\n\n\n<p><strong>13.<\/strong>\n<strong><em>Od\n1 kwietnia 2021 roku w imieniu Parafii <\/em><\/strong><strong><em>cmentarzem<\/em><\/strong><strong><em>\nzarz\u0105dza<\/em><\/strong><\/p>\n\n\n\n<p><strong><em>&nbsp;&nbsp;&nbsp;&nbsp;&nbsp;&nbsp;&nbsp;&nbsp;&nbsp;&nbsp;&nbsp;&nbsp;&nbsp;&nbsp;&nbsp;&nbsp; Firma <\/em><\/strong><strong><em>EDEN \u2013 US\u0141UGI\nPOGRZEBOWE<\/em><\/strong><strong><em> <\/em><\/strong><strong><em><\/em><\/strong><\/p>\n\n\n\n<p><strong><em>\u00a0\u00a0\u00a0\u00a0\u00a0\u00a0\u00a0\u00a0\u00a0\u00a0\u00a0\u00a0\u00a0\u00a0\u00a0\u00a0\u00a0\u00a0\u00a0\u00a0\u00a0\u00a0\u00a0 z siedzib\u0105 przy ul. Szkolnej 2 w \u015acinawie <\/em><\/strong><em>                                  <\/em><\/p>\n\n\n\n<p>                   <em>\u017byczymy mi\u0142ego tygodnia i obfitych \u0142ask Bo\u017cych.<\/em><\/p>\n","protected":false},"excerpt":{"rendered":"<p>1. Dzi\u015b prze\u017cywamy 2 Niedziel\u0119 Wielkanocn\u0105, czyli Niedziel\u0119 Bo\u017cego Mi\u0142osierdzia. Msze \u015bw. wed\u0142ug porz\u0105dku niedzielnego. Zmiana tajemnic \u017bywego R\u00f3\u017ca\u0144ca o 1030. 2.Uroczyste Nabo\u017ce\u0144stwo do Bo\u017cego Mi\u0142osierdzia o godz. 1500. Niedziel\u0105 Mi\u0142osierdzia rozpoczynamy Tydzie\u0144 Mi\u0142osierdzia. Dar odpustu: Odpust zupe\u0142ny na zwyk\u0142ych warunkach za udzia\u0142 w jakimkolwiek ko\u015bciele lub kaplicy w pobo\u017cnych&#8230; <a class=\"continue-reading-link\" href=\"http:\/\/parafia.scinawa.info\/index.php\/2021\/04\/10\/ogloszenia-duszpasterskie-2-niedziela-wielkanocna-11-04-2021\/\">Czytaj dalej <span class=\"meta-nav\">&rarr; <\/span><\/a><\/p>\n","protected":false},"author":2,"featured_media":0,"comment_status":"closed","ping_status":"closed","sticky":false,"template":"","format":"standard","meta":{"footnotes":""},"categories":[40],"tags":[],"class_list":["post-1688","post","type-post","status-publish","format-standard","hentry","category-ogloszenia-duszpasterskie"],"_links":{"self":[{"href":"http:\/\/parafia.scinawa.info\/index.php\/wp-json\/wp\/v2\/posts\/1688","targetHints":{"allow":["GET"]}}],"collection":[{"href":"http:\/\/parafia.scinawa.info\/index.php\/wp-json\/wp\/v2\/posts"}],"about":[{"href":"http:\/\/parafia.scinawa.info\/index.php\/wp-json\/wp\/v2\/types\/post"}],"author":[{"embeddable":true,"href":"http:\/\/parafia.scinawa.info\/index.php\/wp-json\/wp\/v2\/users\/2"}],"replies":[{"embeddable":true,"href":"http:\/\/parafia.scinawa.info\/index.php\/wp-json\/wp\/v2\/comments?post=1688"}],"version-history":[{"count":3,"href":"http:\/\/parafia.scinawa.info\/index.php\/wp-json\/wp\/v2\/posts\/1688\/revisions"}],"predecessor-version":[{"id":1691,"href":"http:\/\/parafia.scinawa.info\/index.php\/wp-json\/wp\/v2\/posts\/1688\/revisions\/1691"}],"wp:attachment":[{"href":"http:\/\/parafia.scinawa.info\/index.php\/wp-json\/wp\/v2\/media?parent=1688"}],"wp:term":[{"taxonomy":"category","embeddable":true,"href":"http:\/\/parafia.scinawa.info\/index.php\/wp-json\/wp\/v2\/categories?post=1688"},{"taxonomy":"post_tag","embeddable":true,"href":"http:\/\/parafia.scinawa.info\/index.php\/wp-json\/wp\/v2\/tags?post=1688"}],"curies":[{"name":"wp","href":"https:\/\/api.w.org\/{rel}","templated":true}]}}