{"id":1693,"date":"2021-04-17T12:18:15","date_gmt":"2021-04-17T10:18:15","guid":{"rendered":"http:\/\/parafia.scinawa.info\/?p=1693"},"modified":"2021-04-17T12:18:15","modified_gmt":"2021-04-17T10:18:15","slug":"ogloszenia-duszpasterskie-3-niedziela-wielkanocna-18-04-2021","status":"publish","type":"post","link":"http:\/\/parafia.scinawa.info\/index.php\/2021\/04\/17\/ogloszenia-duszpasterskie-3-niedziela-wielkanocna-18-04-2021\/","title":{"rendered":"Og\u0142oszenia duszpasterskie    3 Niedziela Wielkanocna \u2013 18.04. 2021"},"content":{"rendered":"\n<p><strong>1.<\/strong>\nDzi\u015b prze\u017cywamy 3 Niedziel\u0119 Wielkanocn\u0105 i zarazem rozpoczniemy Tydzie\u0144 Biblijny<strong>. <\/strong>Msze \u015bw.\nwed\u0142ug porz\u0105dku niedzielnego.<strong><\/strong><\/p>\n\n\n\n<p><strong>2<\/strong><strong>.<\/strong>\nMsze \u015bw. w tygodniu&nbsp; o <strong>7<sup>00<\/sup><\/strong>\ni <strong>18<sup>00<\/sup><\/strong>.&nbsp; <\/p>\n\n\n\n<p><strong>3<\/strong><strong>. <\/strong>Codziennie\nspowied\u017a i adoracja Naj\u015bwi\u0119tszego Sakramentu o godz. <strong>17<sup>00<\/sup>.<\/strong><\/p>\n\n\n\n<p><strong>4<\/strong><strong>. W poniedzia\u0142ek o&nbsp; 17<sup>30<\/sup> nabo\u017ce\u0144stwo do Bo\u017cego\nMi\u0142osierdzia. <\/strong>(Na stoliku pod ch\u00f3rem znajduj\u0105 si\u0119\nkartki, na kt\u00f3rych mo\u017cna wypisywa\u0107 pro\u015bby i podzi\u0119kowania, kt\u00f3re b\u0119dziemy\npoleca\u0107 Bo\u017cemu Mi\u0142osierdziu).<strong><\/strong><\/p>\n\n\n\n<p><strong>5.<\/strong><strong> <\/strong>W\n\u015brod\u0119 Nowenna do NMP Nieustaj\u0105cej Pomocy o godz. <strong>17<sup>30<\/sup><\/strong>.<\/p>\n\n\n\n<p><strong>6.<\/strong><strong> <\/strong>W pi\u0105tek uroczysto\u015b\u0107 <strong><em>\u015aw.\nWojciecha, biskupa i m\u0119czennika<\/em><\/strong>, g\u0142\u00f3wnego patrona Polski<\/p>\n\n\n\n<p><strong>7<\/strong><strong>. <\/strong>W przysz\u0142\u0105 niedziel\u0119 obchodzimy 4 Niedziel\u0119\nWielkanocn\u0105 i zarazem rozpoczniemy Tydzie\u0144 modlitw o\npowo\u0142ania do s\u0142u\u017cby Bo\u017cej w Ko\u015bciele<strong>.<\/strong><strong><em> <\/em><\/strong>Msze \u015bw. wed\u0142ug porz\u0105dku niedzielnego. <strong><\/strong><\/p>\n\n\n\n<p><strong>8<\/strong><strong>.<\/strong>\nKancelaria czynna codziennie po Mszy \u015bw. wieczornej z wyj\u0105tkiem niedziel,\nuroczysto\u015bci i \u015bwi\u0105t.<\/p>\n\n\n\n<p><strong>9<\/strong><strong>.<\/strong>\nDo nabycia jest prasa katolicka: Niedziela, Go\u015b\u0107 Niedzielny i R\u00f3\u017caniec. <\/p>\n\n\n\n<p><strong>10<\/strong><strong>.<\/strong>\nDzi\u0119kuj\u0119 wszystkim, kt\u00f3rzy w tym tygodniu sprz\u0105tali \u015bwi\u0105tyni\u0119 i przygotowali j\u0105\nna nasze spotkanie eucharystyczne.<\/p>\n\n\n\n<p><strong>11<\/strong><strong>.<\/strong>\nSerdeczne B\u00f3g zap\u0142a\u0107 za ofiary sk\u0142adane na remonty w naszej parafii. <\/p>\n\n\n\n<p><strong>12<\/strong><strong>.<\/strong>\nIntencje mszalne, kalendarze parafialne.<\/p>\n\n\n\n<p><strong><em>Przypominamy, \u017ce od 1 kwietnia 2021 roku<\/em><\/strong><\/p>\n\n\n\n<p><strong><em>w imieniu Parafii cmentarzem\nzarz\u0105dza<\/em><\/strong><strong><em><\/em><\/strong><\/p>\n\n\n\n<p><strong><em>Firma <\/em><\/strong><strong><em>EDEN \u2013 US\u0141UGI\nPOGRZEBOWE<\/em><\/strong><strong><em><\/em><\/strong><\/p>\n\n\n\n<p><strong><em>z siedzib\u0105 przy ul. Szkolnej 2 w\n\u015acinawie<\/em><\/strong><\/p>\n\n\n\n<p><em>\u017byczymy mi\u0142ego\ntygodnia i obfitych \u0142ask Bo\u017cych.<\/em><\/p>\n","protected":false},"excerpt":{"rendered":"<p>1. Dzi\u015b prze\u017cywamy 3 Niedziel\u0119 Wielkanocn\u0105 i zarazem rozpoczniemy Tydzie\u0144 Biblijny. Msze \u015bw. wed\u0142ug porz\u0105dku niedzielnego. 2. Msze \u015bw. w tygodniu&nbsp; o 700 i 1800.&nbsp; 3. Codziennie spowied\u017a i adoracja Naj\u015bwi\u0119tszego Sakramentu o godz. 1700. 4. W poniedzia\u0142ek o&nbsp; 1730 nabo\u017ce\u0144stwo do Bo\u017cego Mi\u0142osierdzia. (Na stoliku pod ch\u00f3rem znajduj\u0105 si\u0119&#8230; <a class=\"continue-reading-link\" href=\"http:\/\/parafia.scinawa.info\/index.php\/2021\/04\/17\/ogloszenia-duszpasterskie-3-niedziela-wielkanocna-18-04-2021\/\">Czytaj dalej <span class=\"meta-nav\">&rarr; <\/span><\/a><\/p>\n","protected":false},"author":2,"featured_media":0,"comment_status":"closed","ping_status":"closed","sticky":false,"template":"","format":"standard","meta":{"footnotes":""},"categories":[40],"tags":[],"class_list":["post-1693","post","type-post","status-publish","format-standard","hentry","category-ogloszenia-duszpasterskie"],"_links":{"self":[{"href":"http:\/\/parafia.scinawa.info\/index.php\/wp-json\/wp\/v2\/posts\/1693","targetHints":{"allow":["GET"]}}],"collection":[{"href":"http:\/\/parafia.scinawa.info\/index.php\/wp-json\/wp\/v2\/posts"}],"about":[{"href":"http:\/\/parafia.scinawa.info\/index.php\/wp-json\/wp\/v2\/types\/post"}],"author":[{"embeddable":true,"href":"http:\/\/parafia.scinawa.info\/index.php\/wp-json\/wp\/v2\/users\/2"}],"replies":[{"embeddable":true,"href":"http:\/\/parafia.scinawa.info\/index.php\/wp-json\/wp\/v2\/comments?post=1693"}],"version-history":[{"count":1,"href":"http:\/\/parafia.scinawa.info\/index.php\/wp-json\/wp\/v2\/posts\/1693\/revisions"}],"predecessor-version":[{"id":1694,"href":"http:\/\/parafia.scinawa.info\/index.php\/wp-json\/wp\/v2\/posts\/1693\/revisions\/1694"}],"wp:attachment":[{"href":"http:\/\/parafia.scinawa.info\/index.php\/wp-json\/wp\/v2\/media?parent=1693"}],"wp:term":[{"taxonomy":"category","embeddable":true,"href":"http:\/\/parafia.scinawa.info\/index.php\/wp-json\/wp\/v2\/categories?post=1693"},{"taxonomy":"post_tag","embeddable":true,"href":"http:\/\/parafia.scinawa.info\/index.php\/wp-json\/wp\/v2\/tags?post=1693"}],"curies":[{"name":"wp","href":"https:\/\/api.w.org\/{rel}","templated":true}]}}