{"id":1702,"date":"2021-05-01T10:54:01","date_gmt":"2021-05-01T08:54:01","guid":{"rendered":"http:\/\/parafia.scinawa.info\/?p=1702"},"modified":"2021-05-01T10:54:01","modified_gmt":"2021-05-01T08:54:01","slug":"intencje-mszalne-02-05-09-05-2021","status":"publish","type":"post","link":"http:\/\/parafia.scinawa.info\/index.php\/2021\/05\/01\/intencje-mszalne-02-05-09-05-2021\/","title":{"rendered":"INTENCJE MSZALNE 02.05. \u2013 09.05. 2021"},"content":{"rendered":"\n<p><strong><em>Sk\u0142adaj\u0105c\nOfiar\u0119, kt\u00f3ra nam przypomina niezmierzon\u0105 mi\u0142o\u015b\u0107 Twojego Syna, pokornie prosimy\nCi\u0119, Bo\u017ce, przyjmij intencje Twoich wiernych i spraw przez dzia\u0142anie\nEucharystii, aby w naszych rodzinach wzrasta\u0142a prawdziwa wiara, \u015bwi\u0119to\u015b\u0107 \u017cycia,\nbraterska mi\u0142o\u015b\u0107 i duch modlitwy. <\/em><\/strong><strong>Niech\nMatka Naj\u015bwi\u0119tsza wyprosi \u0142aski, o kt\u00f3re modlili\u015bmy si\u0119 w tej Mszy \u015bw. dla \u2026\nZa\u015b zmar\u0142ym \u2026 za kt\u00f3rych odprawiali\u015bmy Msz\u0119 \u015bw.: wieczny odpoczynek racz im\nda\u0107 Panie (\u2026); niech odpoczywaj\u0105 w pokoju wiecznym. Amen<\/strong><\/p>\n\n\n\n<p><strong><em>02.05.\n&#8211; NIEDZIELA&nbsp; <\/em><\/strong><em><\/em><\/p>\n\n\n\n<p><strong>&nbsp; 8.oo \u2013 1) <\/strong>++ rodzic\u00f3w, siostry: Zofi\u0119, Helen\u0119 i Stefani\u0119, braci: Franciszka,\nStanis\u0142awa i Piotra <\/p>\n\n\n\n<p>&nbsp;&nbsp;&nbsp;&nbsp;&nbsp;&nbsp;&nbsp;&nbsp;&nbsp;&nbsp;&nbsp;&nbsp;&nbsp;&nbsp;&nbsp;&nbsp; &nbsp;oraz chrze\u015bniaka Ryszarda\n\u2013 modli si\u0119 Janina<\/p>\n\n\n\n<p><strong>&nbsp;&nbsp;&nbsp;&nbsp;&nbsp;&nbsp;&nbsp;&nbsp;&nbsp;&nbsp;&nbsp; &nbsp;\n2)<\/strong> + Teres\u0119 Ma\u0142eck\u0105 \u2013 gregorianka 1<\/p>\n\n\n\n<p><strong>&nbsp; 9.3o \u2013 <\/strong>&nbsp;&nbsp;+ Piotra\nMinkin\u0119 w 3 rocz. \u015bm. \u2013 modl\u0105 si\u0119 te\u015bciowie<\/p>\n\n\n\n<p><strong>11.oo\n\u2013 1) <em>+ Zofi\u0119 Mielcarek \u2013 gregorianka\n28<\/em><\/strong><\/p>\n\n\n\n<p><strong>&nbsp;&nbsp;&nbsp;&nbsp;&nbsp;&nbsp;&nbsp;&nbsp;&nbsp;&nbsp;&nbsp; &nbsp;\n2) <\/strong>w intencji parafii o potrzebne \u0142aski, dzieci I\nKomunijnych, m\u0142odzie\u017cy przygotowuj\u0105cej si\u0119 <\/p>\n\n\n\n<p>&nbsp;&nbsp;&nbsp;&nbsp;&nbsp;&nbsp;&nbsp;&nbsp;&nbsp;&nbsp;&nbsp;&nbsp;&nbsp;&nbsp;&nbsp; &nbsp;&nbsp;do bierzmowania oraz o nowe powo\u0142ania\nkap\u0142a\u0144skie i zakonne z naszej parafii &nbsp;<\/p>\n\n\n\n<p>&nbsp;&nbsp;&nbsp;&nbsp; &nbsp;&nbsp;&nbsp;&nbsp;&nbsp;&nbsp;&nbsp;&nbsp;&nbsp;&nbsp;&nbsp;&nbsp;&nbsp;\u2013 modli si\u0119 \u017bywy R\u00f3\u017caniec<\/p>\n\n\n\n<p><strong>12.3o\n\u2013 1) <\/strong>+ Mariana Kopacza w 9\nrocz. \u015bm. oraz ++ rodzic\u00f3w: Stanis\u0142awa i Mari\u0119, <\/p>\n\n\n\n<p>&nbsp;&nbsp;&nbsp;&nbsp;&nbsp;&nbsp;&nbsp;&nbsp;&nbsp;&nbsp;&nbsp;&nbsp;&nbsp; &nbsp;&nbsp;&nbsp;&nbsp;siostry:\nMari\u0119 i Krystyn\u0119 \u2013 modli si\u0119 siostra z rodzin\u0105<\/p>\n\n\n\n<p><strong>&nbsp;&nbsp;&nbsp;&nbsp;&nbsp;&nbsp;&nbsp;&nbsp;&nbsp;&nbsp;&nbsp; &nbsp;\n2)<\/strong> ++ W\u0142adys\u0142aw\u0119 w 3 rocz. \u015bm. i Jana Skuriat\u00f3w \u2013\nmodl\u0105 si\u0119 synowie z rodzinami<\/p>\n\n\n\n<p><strong>18.oo\n\u2013 &nbsp;<\/strong>++ z rodziny Sakowskich: Natali\u0119, J\u00f3zefa, Jadwig\u0119 i Bogus\u0142awa oraz\nJerzego<strong> &nbsp;<\/strong><\/p>\n\n\n\n<p><strong><em>03.05.\n\u2013 PONIEDZIA\u0141EK<\/em><\/strong><\/p>\n\n\n\n<p><strong>&nbsp; &nbsp;&nbsp;8.oo\n\u2013 1) <em>+ Zofi\u0119 Mielcarek \u2013 gregorianka\n29<\/em><\/strong><\/p>\n\n\n\n<p><strong>&nbsp;&nbsp;&nbsp;&nbsp;&nbsp;&nbsp;&nbsp;&nbsp;&nbsp;&nbsp;&nbsp; &nbsp;\n2)<\/strong> + Teres\u0119 Ma\u0142eck\u0105 \u2013 gregorianka 2<\/p>\n\n\n\n<p><strong>&nbsp; 9.3o \u2013 <\/strong>++ Kazimier\u0119 i Micha\u0142a Babij\u00f3w oraz ++ z rodziny Babij\u00f3w, Arciszewskich,\nMarynowicz\u00f3w, <\/p>\n\n\n\n<p>&nbsp;&nbsp;&nbsp;&nbsp;&nbsp;&nbsp;&nbsp;&nbsp;&nbsp;&nbsp;&nbsp;&nbsp;&nbsp; &nbsp;Baran\u00f3w i Malisz\u00f3w<\/p>\n\n\n\n<p><strong>11.oo\n\u2013 1) <em>w intencji Ojczyzny<\/em><\/strong><\/p>\n\n\n\n<p><strong>&nbsp;&nbsp;&nbsp;&nbsp;&nbsp;&nbsp;&nbsp;&nbsp;&nbsp;&nbsp;&nbsp; &nbsp;\n2) <\/strong>+ Alfreda Koz\u0142owskiego w 8\nrocz. \u015bm. <\/p>\n\n\n\n<p><strong>12.3o\n\u2013 1) <\/strong>++ rodzic\u00f3w: Janin\u0119 w 6\nrocz. \u015bm. i Antoniego Lulk\u00f3w \u2013 modli si\u0119 syn z rodzin\u0105<\/p>\n\n\n\n<p><strong>&nbsp;&nbsp;&nbsp;&nbsp;&nbsp;&nbsp; 2)<\/strong> + Czes\u0142awa\nMoli\u0144skiego \u2013 30 dzie\u0144 od pogrzebu \u2013 intencja od uczestnik\u00f3w Mszy pogrzebowej<\/p>\n\n\n\n<p><strong>18.oo\n\u2013<\/strong>\n+ Krystyn\u0119 Bentkowsk\u0105<\/p>\n\n\n\n<p><strong><em>04.05.\n&#8211; WTOREK<\/em><\/strong><em><\/em><\/p>\n\n\n\n<p><strong>&nbsp; 7.oo \u2013<\/strong> + Helen\u0119 Wiatrowsk\u0105 \u2013 modli si\u0119 siostrzenica Barbara z rodzin\u0105<\/p>\n\n\n\n<p><strong>18.oo\n\u2013 1) <em>+ Zofi\u0119 Mielcarek \u2013 gregorianka\n30<\/em><\/strong><\/p>\n\n\n\n<p><strong>&nbsp;&nbsp;&nbsp;&nbsp;&nbsp;&nbsp;&nbsp;&nbsp;&nbsp;&nbsp;&nbsp; &nbsp;\n2)<\/strong> + Teres\u0119 Ma\u0142eck\u0105 \u2013 gregorianka 3<\/p>\n\n\n\n<p>&nbsp;&nbsp;&nbsp;&nbsp;&nbsp;&nbsp;&nbsp;&nbsp;&nbsp;&nbsp;&nbsp; <strong>&nbsp; 3)<\/strong> + Ann\u0119\noraz ++ jej rodzic\u00f3w: Katarzyn\u0119 i Miko\u0142aja \u2013 modli si\u0119 rodzina<\/p>\n\n\n\n<p><strong><em>05.05.\n\u2013 \u015aRODA <\/em><\/strong><\/p>\n\n\n\n<p><strong>&nbsp; 7.oo \u2013 <\/strong>+ Teres\u0119 Ma\u0142eck\u0105\n\u2013 gregorianka 4<\/p>\n\n\n\n<p><strong>18.oo\n\u2013&nbsp; intencja zbiorowa nowennowa:<\/strong><\/p>\n\n\n\n<p><strong>&nbsp;1)<\/strong> + Patryka Mularczyka &#8211;\n30 dzie\u0144 od pogrzebu \u2013 intencja od uczestnik\u00f3w Mszy pogrzebowej<\/p>\n\n\n\n<p><strong>&nbsp;2)<\/strong> + Ann\u0119 Anio\u0142czyk &#8211; 30\ndzie\u0144 od pogrzebu \u2013 intencja od uczestnik\u00f3w Mszy pogrzebowej<\/p>\n\n\n\n<p><strong>&nbsp;3)<\/strong> o zdrowie, Bo\u017ce b\u0142ogos\u0142awie\u0144stwo i opiek\u0119 NMP dla Ma\u0142gorzaty<\/p>\n\n\n\n<p><strong>&nbsp;4)<\/strong> ++ rodzic\u00f3w chrzestnych: Juli\u0119 Zielonk\u0119 i Mariana Arciszewskiego<\/p>\n\n\n\n<p><strong><em>06.05. \u2013 CZWARTEK <\/em><\/strong><em>&nbsp;<\/em><\/p>\n\n\n\n<p><strong>&nbsp; 7.oo \u2013<\/strong> &nbsp;+ Teres\u0119 Ma\u0142eck\u0105 \u2013 gregorianka 5<\/p>\n\n\n\n<p><strong>18.oo\n\u2013 <\/strong>&nbsp;<strong>1) <\/strong>+ Alfreda Koz\u0142owskiego w 8 rocz. \u015bm. <\/p>\n\n\n\n<p><strong>&nbsp;&nbsp;&nbsp;&nbsp;&nbsp;&nbsp;&nbsp;&nbsp;&nbsp;&nbsp;&nbsp; 2)<\/strong> + Zofi\u0119 Krzy\u017canowsk\u0105 &#8211; 30 dzie\u0144 od pogrzebu \u2013 intencja\nod uczestnik\u00f3w Mszy pogrzebowej<\/p>\n\n\n\n<p><strong><em>07.05. \u2013 PI\u0104TEK<\/em><\/strong><\/p>\n\n\n\n<p><strong>&nbsp; &nbsp;&nbsp;7.oo\n\u2013<\/strong>\n&nbsp;+ Grzegorza oraz dusze w czy\u015b\u0107cu\ncierpi\u0105ce<\/p>\n\n\n\n<p><strong>18.oo\n\u2013 1) <\/strong>+ Teres\u0119 Ma\u0142eck\u0105 \u2013 gregorianka 6 <\/p>\n\n\n\n<p><strong>&nbsp;&nbsp;&nbsp;&nbsp;&nbsp;&nbsp;&nbsp;&nbsp;&nbsp;&nbsp;&nbsp; &nbsp;\n2)<\/strong> ++ Mari\u0119, Ludwik\u0119, Micha\u0142a, Jana i Franciszka \u2013 modli\nsi\u0119 rodzina <\/p>\n\n\n\n<p><strong><em>08.05. \u2013 SOBOTA<\/em><\/strong><\/p>\n\n\n\n<p><strong>&nbsp; &nbsp;&nbsp;7.oo\n\u2013<\/strong>\n+ Teres\u0119 Ma\u0142eck\u0105 \u2013 gregorianka 7<\/p>\n\n\n\n<p><strong>18.oo\n\u2013 1) <\/strong>w 63 rocz. urodzin i w\ndniu imienin Stanis\u0142awa dzi\u0119kczynna za otrzymane \u0142aski z pro\u015bb\u0105 <\/p>\n\n\n\n<p>&nbsp;&nbsp;&nbsp;&nbsp;&nbsp;&nbsp;&nbsp;&nbsp;&nbsp;&nbsp;&nbsp;&nbsp;&nbsp;&nbsp;&nbsp;&nbsp;&nbsp;&nbsp; o zdrowie, dary Ducha\n\u015awi\u0119tego, Bo\u017ce b\u0142ogos\u0142awie\u0144stwo, opiek\u0119 NMP Fatimskiej <\/p>\n\n\n\n<p>&nbsp;&nbsp;&nbsp;&nbsp;&nbsp;&nbsp;&nbsp;&nbsp;&nbsp;&nbsp;&nbsp;&nbsp;&nbsp;&nbsp;&nbsp;&nbsp;&nbsp;&nbsp;&nbsp; \u2013 modli si\u0119\n\u017cona z synami <\/p>\n\n\n\n<p><strong>&nbsp;&nbsp;&nbsp;&nbsp;&nbsp;&nbsp;&nbsp;&nbsp;&nbsp;&nbsp;&nbsp; &nbsp;\n2)<\/strong> &nbsp;+ Jadwig\u0119\nCiele\u0144 &#8211; 30 dzie\u0144 od pogrzebu \u2013 intencja od uczestnik\u00f3w Mszy pogrzebowej <\/p>\n\n\n\n<p><strong><em>09.05. \u2013 NIEDZIELA&nbsp; <\/em><\/strong><\/p>\n\n\n\n<p><strong>&nbsp; 8.oo \u2013 1) <\/strong>+ m\u0119\u017ca J\u00f3zefa Witasiaka w 6 rocz. \u015bm. \u2013 modli si\u0119 \u017cona z rodzin\u0105\n<\/p>\n\n\n\n<p><strong>&nbsp;&nbsp;&nbsp;&nbsp;&nbsp;&nbsp;&nbsp;&nbsp;&nbsp;&nbsp;&nbsp; &nbsp;\n2)<\/strong> + Teres\u0119 Ma\u0142eck\u0105 \u2013 gregorianka 8<\/p>\n\n\n\n<p><strong>&nbsp; 9.3o \u2013 <\/strong>&nbsp;zaj. P. Formusiewicz <\/p>\n\n\n\n<p><strong>11.oo\n\u2013 1) <\/strong>+ m\u0119\u017ca Piotra w 3 rocz.\n\u015bm.<\/p>\n\n\n\n<p><strong>&nbsp;&nbsp;&nbsp;&nbsp;&nbsp;&nbsp;&nbsp;&nbsp;&nbsp;&nbsp;&nbsp; &nbsp;\n2) <\/strong>++ Mari\u0119, J\u00f3zefa i Romana\nWarcho\u0142\u00f3w<strong><\/strong><\/p>\n\n\n\n<p><strong>&nbsp;&nbsp;&nbsp;&nbsp;&nbsp;&nbsp;&nbsp;&nbsp;&nbsp;&nbsp;&nbsp;&nbsp; 3)<\/strong> w 45 rocz. urodzin i w 20 rocz. \u015blubu Anny i\nKrystiana Ka\u0144skich oraz 13 rocz. urodzin <\/p>\n\n\n\n<p>&nbsp;&nbsp;&nbsp;&nbsp;&nbsp;&nbsp;&nbsp;&nbsp;&nbsp;&nbsp;&nbsp;&nbsp;&nbsp;&nbsp;&nbsp;&nbsp; Marcina i 18 rocz.\nurodzin Jana Ka\u0144skich dzi\u0119kczynna za otrzymane \u0142aski z pro\u015bb\u0105 <\/p>\n\n\n\n<p>&nbsp;&nbsp;&nbsp;&nbsp;&nbsp;&nbsp;&nbsp;&nbsp;&nbsp;&nbsp;&nbsp;&nbsp;&nbsp;&nbsp;&nbsp;&nbsp; o zdrowie, dary Ducha \u015awi\u0119tego,\nBo\u017ce b\u0142ogos\u0142awie\u0144stwo, opiek\u0119 NMP <strong>&nbsp;<\/strong><\/p>\n\n\n\n<p><strong>12.3o\n\u2013 1) <\/strong>+ Ludwik\u0119 Szmigielsk\u0105 \u2013\nmodli si\u0119 m\u0105\u017c z rodzin\u0105<\/p>\n\n\n\n<p><strong>&nbsp;&nbsp;&nbsp;&nbsp;&nbsp;&nbsp;&nbsp;&nbsp;&nbsp;&nbsp;&nbsp; &nbsp;\n2)<\/strong> + Jadwig\u0119 Szpularz &#8211; 30 dzie\u0144 od pogrzebu \u2013\nintencja od uczestnik\u00f3w Mszy pogrzebowej<\/p>\n\n\n\n<p><strong>18.oo\n\u2013 &nbsp;<\/strong>++ Waleri\u0119 i J\u00f3zefa Klucznych \u2013 modli si\u0119 siostrzenica z rodzin\u0105\n<\/p>\n","protected":false},"excerpt":{"rendered":"<p>Sk\u0142adaj\u0105c Ofiar\u0119, kt\u00f3ra nam przypomina niezmierzon\u0105 mi\u0142o\u015b\u0107 Twojego Syna, pokornie prosimy Ci\u0119, Bo\u017ce, przyjmij intencje Twoich wiernych i spraw przez dzia\u0142anie Eucharystii, aby w naszych rodzinach wzrasta\u0142a prawdziwa wiara, \u015bwi\u0119to\u015b\u0107 \u017cycia, braterska mi\u0142o\u015b\u0107 i duch modlitwy. Niech Matka Naj\u015bwi\u0119tsza wyprosi \u0142aski, o kt\u00f3re modlili\u015bmy si\u0119 w tej Mszy \u015bw. dla&#8230; <a class=\"continue-reading-link\" href=\"http:\/\/parafia.scinawa.info\/index.php\/2021\/05\/01\/intencje-mszalne-02-05-09-05-2021\/\">Czytaj dalej <span class=\"meta-nav\">&rarr; <\/span><\/a><\/p>\n","protected":false},"author":2,"featured_media":0,"comment_status":"closed","ping_status":"closed","sticky":false,"template":"","format":"standard","meta":{"footnotes":""},"categories":[39],"tags":[],"class_list":["post-1702","post","type-post","status-publish","format-standard","hentry","category-intencje"],"_links":{"self":[{"href":"http:\/\/parafia.scinawa.info\/index.php\/wp-json\/wp\/v2\/posts\/1702","targetHints":{"allow":["GET"]}}],"collection":[{"href":"http:\/\/parafia.scinawa.info\/index.php\/wp-json\/wp\/v2\/posts"}],"about":[{"href":"http:\/\/parafia.scinawa.info\/index.php\/wp-json\/wp\/v2\/types\/post"}],"author":[{"embeddable":true,"href":"http:\/\/parafia.scinawa.info\/index.php\/wp-json\/wp\/v2\/users\/2"}],"replies":[{"embeddable":true,"href":"http:\/\/parafia.scinawa.info\/index.php\/wp-json\/wp\/v2\/comments?post=1702"}],"version-history":[{"count":1,"href":"http:\/\/parafia.scinawa.info\/index.php\/wp-json\/wp\/v2\/posts\/1702\/revisions"}],"predecessor-version":[{"id":1703,"href":"http:\/\/parafia.scinawa.info\/index.php\/wp-json\/wp\/v2\/posts\/1702\/revisions\/1703"}],"wp:attachment":[{"href":"http:\/\/parafia.scinawa.info\/index.php\/wp-json\/wp\/v2\/media?parent=1702"}],"wp:term":[{"taxonomy":"category","embeddable":true,"href":"http:\/\/parafia.scinawa.info\/index.php\/wp-json\/wp\/v2\/categories?post=1702"},{"taxonomy":"post_tag","embeddable":true,"href":"http:\/\/parafia.scinawa.info\/index.php\/wp-json\/wp\/v2\/tags?post=1702"}],"curies":[{"name":"wp","href":"https:\/\/api.w.org\/{rel}","templated":true}]}}