{"id":1704,"date":"2021-05-01T11:02:42","date_gmt":"2021-05-01T09:02:42","guid":{"rendered":"http:\/\/parafia.scinawa.info\/?p=1704"},"modified":"2021-05-01T11:02:42","modified_gmt":"2021-05-01T09:02:42","slug":"ogloszenia-duszpasterskie-5-niedziela-wielkanocna-02-05-2021","status":"publish","type":"post","link":"http:\/\/parafia.scinawa.info\/index.php\/2021\/05\/01\/ogloszenia-duszpasterskie-5-niedziela-wielkanocna-02-05-2021\/","title":{"rendered":"Og\u0142oszenia duszpasterskie    5 Niedziela Wielkanocna \u2013 02.05. 2021"},"content":{"rendered":"\n<p><strong>1.<\/strong>\nDzi\u015b prze\u017cywamy <strong>5 Niedziel\u0119 Wielkanocn\u0105<\/strong><strong>.<\/strong><strong><em>\n<\/em><\/strong>Msze \u015bw.\nwed\u0142ug porz\u0105dku niedzielnego. Zmiana tajemnic \u017bywego\nR\u00f3\u017ca\u0144ca o <strong>10<sup>30<\/sup>.<\/strong><\/p>\n\n\n\n<p><strong>2<\/strong><strong>.<\/strong>\nMsze \u015bw. w tygodniu&nbsp; o <strong>7<sup>00<\/sup><\/strong>\ni <strong>18<sup>00<\/sup><\/strong>.<\/p>\n\n\n\n<p><strong>3<\/strong><strong>. <\/strong>Codziennie\nspowied\u017a i adoracja Naj\u015bwi\u0119tszego Sakramentu o godz. <strong>17<sup>00<\/sup>, <\/strong>a nabo\u017ce\u0144stwa\nmajowe o <strong>17<sup>30<\/sup>.<\/strong><\/p>\n\n\n\n<p><strong>4<\/strong><strong>. W poniedzia\u0142ek o&nbsp; 17<sup>30<\/sup> nabo\u017ce\u0144stwo do Bo\u017cego\nMi\u0142osierdzia. <\/strong>(Na stoliku pod ch\u00f3rem znajduj\u0105 si\u0119\nkartki, na kt\u00f3rych mo\u017cna wypisywa\u0107 pro\u015bby i podzi\u0119kowania, kt\u00f3re b\u0119dziemy poleca\u0107\nBo\u017cemu Mi\u0142osierdziu).<strong><\/strong><\/p>\n\n\n\n<p><strong>5.<\/strong><strong> <\/strong>W\n\u015brod\u0119 Nowenna do NMP Nieustaj\u0105cej Pomocy o godz. <strong>17<sup>30<\/sup><\/strong>.<\/p>\n\n\n\n<p><strong>6.<\/strong><strong> <\/strong>W tym tygodniu obchodzimy:<strong><\/strong><\/p>\n\n\n\n<p>&#8211; <strong>w\nponiedzia\u0142ek<\/strong> \u2013 <strong><em>uroczysto\u015b\u0107\nNMP Kr\u00f3lowej Polski i 230 Rocznica uchwalenia Konstytucji 3 maja<\/em><\/strong><strong>. Msze \u015bw. w naszej\nparafii wg porz\u0105dku niedzielnego. Uroczysta Msza \u015bw. w intencji Ojczyzny\no godz. 11<sup>00<\/sup><\/strong>.<\/p>\n\n\n\n<p>&#8211;\n<strong>we wtorek<\/strong> \u2013 wspomnienie\n\u015bw. Floriana, m\u0119czennika<\/p>\n\n\n\n<p>&#8211; <strong>w\nczwartek<\/strong> \u2013 \u015bwi\u0119to\n\u015bw. Aposto\u0142\u00f3w Filipa i Jakuba<\/p>\n\n\n\n<p>&#8211; <strong>w\nsobot\u0119<\/strong><strong>\n&#8211; <\/strong>uroczysto\u015b\u0107 \u015aw. Stanis\u0142awa, biskupa i\nm\u0119czennika, g\u0142\u00f3wnego patrona Polski<\/p>\n\n\n\n<p><strong>7.<\/strong>\nW tym tygodniu obchodzimy I czwartek i I pi\u0105tek miesi\u0105ca.<\/p>\n\n\n\n<p><strong>8<\/strong><strong>.<\/strong>\n<strong><em>Odwiedziny\nchorych w I pi\u0105tek miesi\u0105ca od godz. 8.30.<\/em><\/strong><\/p>\n\n\n\n<p><strong>9<\/strong><strong>. <\/strong>W przysz\u0142\u0105 niedziel\u0119 obchodzimy <strong><em>6 Niedziel\u0119\nWielkanocn\u0105<\/em><\/strong><strong>.<\/strong><strong><em> <\/em><\/strong>Msze \u015bw. wed\u0142ug porz\u0105dku niedzielnego.\n<\/p>\n\n\n\n<p><strong>10<\/strong><strong>.<\/strong>\nKancelaria czynna codziennie po Mszy \u015bw. wieczornej z wyj\u0105tkiem niedziel,\nuroczysto\u015bci i \u015bwi\u0105t.<\/p>\n\n\n\n<p><strong>11<\/strong><strong>.<\/strong>\nDo nabycia jest prasa katolicka: Niedziela, Go\u015b\u0107 Niedzielny i R\u00f3\u017caniec. <\/p>\n\n\n\n<p><strong>12<\/strong><strong>.<\/strong>\nDzi\u0119kuj\u0119 wszystkim, kt\u00f3rzy w tym tygodniu sprz\u0105tali \u015bwi\u0105tyni\u0119 i przygotowali j\u0105\nna nasze spotkanie eucharystyczne.<\/p>\n\n\n\n<p><strong>13<\/strong><strong>.<\/strong>\nSerdeczne B\u00f3g zap\u0142a\u0107 za ofiary sk\u0142adane na remonty w naszej parafii. <\/p>\n\n\n\n<p><strong>14<\/strong><strong>.<\/strong>\nIntencje mszalne, kalendarze parafialne.<\/p>\n\n\n\n<p><strong>15.<\/strong>\n<strong><em>Pr\u00f3by\ndzieci<\/em><\/strong> przygotowuj\u0105cych si\u0119 do Pierwszej Komunii \u015bw.:<\/p>\n\n\n\n<p><strong><em>&#8211;\n<\/em><\/strong>we wtorek i w \u015brod\u0119<strong><em> \u2013 klasy 3a i 3d <\/em><\/strong>o godz. 15.45.<strong><em><\/em><\/strong><\/p>\n\n\n\n<p><strong><em>&nbsp;&#8211; <\/em><\/strong>w czwartek i w pi\u0105tek<strong><em>\n\u2013 klasy 3b i 3c <\/em><\/strong>o godz. 15.45.<\/p>\n\n\n\n<p><strong><em>Natomiast\n8 maja, w sobot\u0119 zapraszamy rodzic\u00f3w dzieci pierwszo-komunijnych do sprz\u0105tania\nko\u015bcio\u0142a od godz.8.30. <\/em><\/strong>( Zabieramy ze sob\u0105 sprz\u0119t do sprz\u0105tania \u2013\nwiadro, szczotka, \u015bcierka itd.)<strong><em><\/em><\/strong><\/p>\n\n\n\n<p><em>\u017byczymy mi\u0142ego\ntygodnia i obfitych \u0142ask Bo\u017cych.<\/em><\/p>\n","protected":false},"excerpt":{"rendered":"<p>1. Dzi\u015b prze\u017cywamy 5 Niedziel\u0119 Wielkanocn\u0105. Msze \u015bw. wed\u0142ug porz\u0105dku niedzielnego. Zmiana tajemnic \u017bywego R\u00f3\u017ca\u0144ca o 1030. 2. Msze \u015bw. w tygodniu&nbsp; o 700 i 1800. 3. Codziennie spowied\u017a i adoracja Naj\u015bwi\u0119tszego Sakramentu o godz. 1700, a nabo\u017ce\u0144stwa majowe o 1730. 4. W poniedzia\u0142ek o&nbsp; 1730 nabo\u017ce\u0144stwo do Bo\u017cego Mi\u0142osierdzia&#8230;. <a class=\"continue-reading-link\" href=\"http:\/\/parafia.scinawa.info\/index.php\/2021\/05\/01\/ogloszenia-duszpasterskie-5-niedziela-wielkanocna-02-05-2021\/\">Czytaj dalej <span class=\"meta-nav\">&rarr; <\/span><\/a><\/p>\n","protected":false},"author":2,"featured_media":0,"comment_status":"closed","ping_status":"closed","sticky":false,"template":"","format":"standard","meta":{"footnotes":""},"categories":[40],"tags":[],"class_list":["post-1704","post","type-post","status-publish","format-standard","hentry","category-ogloszenia-duszpasterskie"],"_links":{"self":[{"href":"http:\/\/parafia.scinawa.info\/index.php\/wp-json\/wp\/v2\/posts\/1704","targetHints":{"allow":["GET"]}}],"collection":[{"href":"http:\/\/parafia.scinawa.info\/index.php\/wp-json\/wp\/v2\/posts"}],"about":[{"href":"http:\/\/parafia.scinawa.info\/index.php\/wp-json\/wp\/v2\/types\/post"}],"author":[{"embeddable":true,"href":"http:\/\/parafia.scinawa.info\/index.php\/wp-json\/wp\/v2\/users\/2"}],"replies":[{"embeddable":true,"href":"http:\/\/parafia.scinawa.info\/index.php\/wp-json\/wp\/v2\/comments?post=1704"}],"version-history":[{"count":1,"href":"http:\/\/parafia.scinawa.info\/index.php\/wp-json\/wp\/v2\/posts\/1704\/revisions"}],"predecessor-version":[{"id":1705,"href":"http:\/\/parafia.scinawa.info\/index.php\/wp-json\/wp\/v2\/posts\/1704\/revisions\/1705"}],"wp:attachment":[{"href":"http:\/\/parafia.scinawa.info\/index.php\/wp-json\/wp\/v2\/media?parent=1704"}],"wp:term":[{"taxonomy":"category","embeddable":true,"href":"http:\/\/parafia.scinawa.info\/index.php\/wp-json\/wp\/v2\/categories?post=1704"},{"taxonomy":"post_tag","embeddable":true,"href":"http:\/\/parafia.scinawa.info\/index.php\/wp-json\/wp\/v2\/tags?post=1704"}],"curies":[{"name":"wp","href":"https:\/\/api.w.org\/{rel}","templated":true}]}}