{"id":1713,"date":"2021-05-08T10:36:41","date_gmt":"2021-05-08T08:36:41","guid":{"rendered":"http:\/\/parafia.scinawa.info\/?p=1713"},"modified":"2021-05-08T10:48:30","modified_gmt":"2021-05-08T08:48:30","slug":"ogloszenia-duszpasterskie-6-niedziela-wielkanocna-09-05-2021","status":"publish","type":"post","link":"http:\/\/parafia.scinawa.info\/index.php\/2021\/05\/08\/ogloszenia-duszpasterskie-6-niedziela-wielkanocna-09-05-2021\/","title":{"rendered":"Og\u0142oszenia duszpasterskie    6 Niedziela Wielkanocna \u2013 09.05. 2021"},"content":{"rendered":"\n<p><strong>1.<\/strong>\nDzi\u015b prze\u017cywamy <strong>6 Niedziel\u0119 Wielkanocn\u0105<\/strong><strong>.<\/strong><strong><em>\n<\/em><\/strong>Msze \u015bw.\nwed\u0142ug porz\u0105dku niedzielnego. <\/p>\n\n\n\n<p><strong>2<\/strong><strong>.<\/strong>\nMsze \u015bw. w tygodniu&nbsp; o <strong>7<sup>00<\/sup><\/strong>\ni <strong>18<sup>00<\/sup><\/strong>.<\/p>\n\n\n\n<p><strong>3<\/strong><strong>. <\/strong>Codziennie\nspowied\u017a i adoracja Naj\u015bwi\u0119tszego Sakramentu o godz. <strong>17<sup>00<\/sup>, <\/strong>a nabo\u017ce\u0144stwa\nmajowe o <strong>17<sup>30<\/sup>.<\/strong><\/p>\n\n\n\n<p><strong>4<\/strong><strong>. W poniedzia\u0142ek o&nbsp; 17<sup>30<\/sup> nabo\u017ce\u0144stwo do Bo\u017cego\nMi\u0142osierdzia. <\/strong>(Na stoliku pod ch\u00f3rem znajduj\u0105 si\u0119\nkartki, na kt\u00f3rych mo\u017cna wypisywa\u0107 pro\u015bby i podzi\u0119kowania, kt\u00f3re b\u0119dziemy poleca\u0107\nBo\u017cemu Mi\u0142osierdziu).<strong><\/strong><\/p>\n\n\n\n<p><strong>5.<\/strong><strong> <\/strong>W\n\u015brod\u0119 Nowenna do NMP Nieustaj\u0105cej Pomocy o godz. <strong>17<sup>30<\/sup><\/strong>.<\/p>\n\n\n\n<p><strong>6.<\/strong><strong> <\/strong>W tym tygodniu obchodzimy:<strong><\/strong><\/p>\n\n\n\n<p>&#8211;\n<strong>w czwartek<\/strong> \u2013 wspomnienie dowolne NMP Fatimskiej. Tradycyjnie\n13 maja<strong> po Mszy wieczornej nabo\u017ce\u0144stwo\nfatimskie.<\/strong><\/p>\n\n\n\n<p>&#8211; <strong>w\npi\u0105tek<\/strong> \u2013 \u015bwi\u0119to\n\u015bw. Macieja Aposto\u0142a<\/p>\n\n\n\n<p><strong>7<\/strong><strong>. <\/strong>W przysz\u0142\u0105 niedziel\u0119 obchodzimy <strong><em>Uroczysto\u015b\u0107\nWniebowst\u0105pienia Pa\u0144skiego<\/em><\/strong><strong>.<\/strong><strong><em> <\/em><\/strong><em>Porz\u0105dek <\/em>Mszy \u015bw. &nbsp;z racji I Komunii \u015bw. w\ndw\u00f3ch turach jest nast\u0119puj\u0105cy: <\/p>\n\n\n\n<p class=\"has-medium-font-size\"><strong>&#8211;\ndla wszystkich &#8211; 8<sup>00<\/sup><\/strong>, <strong>16<sup>30<\/sup><\/strong>\ni <strong>18<sup>00<\/sup>, R\u0119sz\u00f3w &#8211; 9<sup>30<\/sup><\/strong><\/p>\n\n\n\n<p class=\"has-medium-font-size\"><strong>&#8211; tylko dla rodzin dzieci I komunijnych: <\/strong><\/p>\n\n\n\n<p class=\"has-medium-font-size\"><strong>                                                                                                        10<sup>00<\/sup> \u2013 I tura I Komunii \u015bw., <\/strong>  <\/p>\n\n\n\n<p class=\"has-medium-font-size\">                                                                                                                                                                                                                                 <strong>12<sup>00<\/sup><\/strong> <strong>\u2013 II tura I Komunii \u015bw.,<\/strong> <strong>&nbsp;<\/strong>&nbsp;<\/p>\n\n\n\n<p><strong>8.<\/strong>\n<strong><em>Pr\u00f3by\ndzieci<\/em><\/strong> przygotowuj\u0105cych si\u0119 do Pierwszej Komunii \u015bw.:<\/p>\n\n\n\n<p><strong><em>&#8211;\n<\/em><\/strong>we wtorek i w \u015brod\u0119<strong><em>\n\u2013 klasy 3a i 3d <\/em><\/strong>o godz. <strong>15<sup>45<\/sup><\/strong><strong><em><\/em><\/strong><\/p>\n\n\n\n<p><strong><em>&nbsp;&#8211; <\/em><\/strong>w czwartek i w pi\u0105tek<strong><em>\n\u2013 klasy 3b i 3c <\/em><\/strong>o godz. <strong>15<sup>45<\/sup><\/strong><\/p>\n\n\n\n<p><strong><em>Spowied\u017a\ndzieci do I Komunii &nbsp;w sobot\u0119 <\/em><\/strong><\/p>\n\n\n\n<p><strong>&#8211;\n9<sup>00<\/sup> \u2013 I tura <\/strong><\/p>\n\n\n\n<p><strong>&#8211;\n9<sup>30<\/sup> \u2013 II tura<\/strong><strong><em><\/em><\/strong><\/p>\n\n\n\n<p><strong>9<\/strong><strong>.<\/strong>\nKancelaria czynna codziennie po Mszy \u015bw. wieczornej z wyj\u0105tkiem niedziel,\nuroczysto\u015bci i \u015bwi\u0105t.<\/p>\n\n\n\n<p><strong>10<\/strong><strong>.<\/strong>\nDo nabycia jest prasa katolicka: Niedziela, Go\u015b\u0107 Niedzielny i R\u00f3\u017caniec. <\/p>\n\n\n\n<p><strong>11<\/strong><strong>.<\/strong>\nDzi\u0119kuj\u0119 wszystkim, kt\u00f3rzy w tym tygodniu sprz\u0105tali \u015bwi\u0105tyni\u0119 i przygotowali j\u0105\nna nasze spotkanie eucharystyczne.<\/p>\n\n\n\n<p><strong>12<\/strong><strong>.<\/strong>\nSerdeczne B\u00f3g zap\u0142a\u0107 za ofiary sk\u0142adane na remonty w naszej parafii. <\/p>\n\n\n\n<p><strong>13<\/strong><strong>.<\/strong>\nIntencje mszalne, kalendarze parafialne.<\/p>\n\n\n\n<p><em>\u017byczymy mi\u0142ego\ntygodnia i obfitych \u0142ask Bo\u017cych.<\/em><\/p>\n","protected":false},"excerpt":{"rendered":"<p>1. Dzi\u015b prze\u017cywamy 6 Niedziel\u0119 Wielkanocn\u0105. Msze \u015bw. wed\u0142ug porz\u0105dku niedzielnego. 2. Msze \u015bw. w tygodniu&nbsp; o 700 i 1800. 3. Codziennie spowied\u017a i adoracja Naj\u015bwi\u0119tszego Sakramentu o godz. 1700, a nabo\u017ce\u0144stwa majowe o 1730. 4. W poniedzia\u0142ek o&nbsp; 1730 nabo\u017ce\u0144stwo do Bo\u017cego Mi\u0142osierdzia. (Na stoliku pod ch\u00f3rem znajduj\u0105 si\u0119&#8230; <a class=\"continue-reading-link\" href=\"http:\/\/parafia.scinawa.info\/index.php\/2021\/05\/08\/ogloszenia-duszpasterskie-6-niedziela-wielkanocna-09-05-2021\/\">Czytaj dalej <span class=\"meta-nav\">&rarr; <\/span><\/a><\/p>\n","protected":false},"author":2,"featured_media":0,"comment_status":"closed","ping_status":"closed","sticky":false,"template":"","format":"standard","meta":{"footnotes":""},"categories":[40],"tags":[],"class_list":["post-1713","post","type-post","status-publish","format-standard","hentry","category-ogloszenia-duszpasterskie"],"_links":{"self":[{"href":"http:\/\/parafia.scinawa.info\/index.php\/wp-json\/wp\/v2\/posts\/1713","targetHints":{"allow":["GET"]}}],"collection":[{"href":"http:\/\/parafia.scinawa.info\/index.php\/wp-json\/wp\/v2\/posts"}],"about":[{"href":"http:\/\/parafia.scinawa.info\/index.php\/wp-json\/wp\/v2\/types\/post"}],"author":[{"embeddable":true,"href":"http:\/\/parafia.scinawa.info\/index.php\/wp-json\/wp\/v2\/users\/2"}],"replies":[{"embeddable":true,"href":"http:\/\/parafia.scinawa.info\/index.php\/wp-json\/wp\/v2\/comments?post=1713"}],"version-history":[{"count":9,"href":"http:\/\/parafia.scinawa.info\/index.php\/wp-json\/wp\/v2\/posts\/1713\/revisions"}],"predecessor-version":[{"id":1722,"href":"http:\/\/parafia.scinawa.info\/index.php\/wp-json\/wp\/v2\/posts\/1713\/revisions\/1722"}],"wp:attachment":[{"href":"http:\/\/parafia.scinawa.info\/index.php\/wp-json\/wp\/v2\/media?parent=1713"}],"wp:term":[{"taxonomy":"category","embeddable":true,"href":"http:\/\/parafia.scinawa.info\/index.php\/wp-json\/wp\/v2\/categories?post=1713"},{"taxonomy":"post_tag","embeddable":true,"href":"http:\/\/parafia.scinawa.info\/index.php\/wp-json\/wp\/v2\/tags?post=1713"}],"curies":[{"name":"wp","href":"https:\/\/api.w.org\/{rel}","templated":true}]}}