{"id":1724,"date":"2021-05-15T11:57:40","date_gmt":"2021-05-15T09:57:40","guid":{"rendered":"http:\/\/parafia.scinawa.info\/?p=1724"},"modified":"2021-05-15T11:57:40","modified_gmt":"2021-05-15T09:57:40","slug":"intencje-mszalne-16-05-23-05-2021","status":"publish","type":"post","link":"http:\/\/parafia.scinawa.info\/index.php\/2021\/05\/15\/intencje-mszalne-16-05-23-05-2021\/","title":{"rendered":"INTENCJE MSZALNE 16.05. \u2013 23.05. 2021"},"content":{"rendered":"\n<p><strong><em>Sk\u0142adaj\u0105c\nOfiar\u0119, kt\u00f3ra nam przypomina niezmierzon\u0105 mi\u0142o\u015b\u0107 Twojego Syna, pokornie prosimy\nCi\u0119, Bo\u017ce, przyjmij intencje Twoich wiernych i spraw przez dzia\u0142anie\nEucharystii, aby w naszych rodzinach wzrasta\u0142a prawdziwa wiara, \u015bwi\u0119to\u015b\u0107 \u017cycia,\nbraterska mi\u0142o\u015b\u0107 i duch modlitwy. <\/em><\/strong><strong>Niech\nMatka Naj\u015bwi\u0119tsza wyprosi \u0142aski, o kt\u00f3re modlili\u015bmy si\u0119 w tej Mszy \u015bw. dla \u2026\nZa\u015b zmar\u0142ym \u2026 za kt\u00f3rych odprawiali\u015bmy Msz\u0119 \u015bw.: wieczny odpoczynek racz im\nda\u0107 Panie (\u2026); niech odpoczywaj\u0105 w pokoju wiecznym. Amen<\/strong><\/p>\n\n\n\n<p><strong><em>16.05.\n&#8211; NIEDZIELA&nbsp; <\/em><\/strong><em><\/em><\/p>\n\n\n\n<p><strong>&nbsp; 8.oo \u2013 1) <\/strong>+ Teres\u0119 Ma\u0142eck\u0105\n\u2013 gregorianka 15 <\/p>\n\n\n\n<p><strong>&nbsp;&nbsp;&nbsp;&nbsp;&nbsp;&nbsp;&nbsp;&nbsp;&nbsp;&nbsp;&nbsp; &nbsp;\n2)<\/strong> ++ Waldemara i Juliana St\u0119pni\u00f3w \u2013 modli si\u0119 rodzina<\/p>\n\n\n\n<p>&nbsp;&nbsp;&nbsp;&nbsp;&nbsp;&nbsp;&nbsp;&nbsp;&nbsp;&nbsp;&nbsp; <strong>&nbsp; 3)<\/strong> ++\nrodzic\u00f3w: Zofi\u0119 i Jana Ca\u0142ych, dziadk\u00f3w: Rozali\u0119 i Franciszka Ca\u0142ych <\/p>\n\n\n\n<p>&nbsp;&nbsp;&nbsp;&nbsp;&nbsp;&nbsp;&nbsp;&nbsp;&nbsp;&nbsp;&nbsp;&nbsp;&nbsp;&nbsp;&nbsp;&nbsp;&nbsp; oraz Mari\u0119 i Franciszka\nKrawczyszyn\u00f3w \u2013 modli si\u0119 rodzina<\/p>\n\n\n\n<p><strong>10.oo\n\u2013 I Komunia \u015bw. &#8211; w intencji dzieci pierwszokomunijnych i ich rodzin <\/strong><\/p>\n\n\n\n<p><strong>12.oo\n\u2013 I Komunia \u015bw. &#8211; w intencji dzieci pierwszokomunijnych i ich rodzin <\/strong>&nbsp;<\/p>\n\n\n\n<p><strong>16.3o\n\u2013 1) <\/strong>w intencji Zuzi, Zosi i Poli oraz ich rodzic\u00f3w dzi\u0119kczynna za otrzymane \u0142aski z pro\u015bb\u0105<\/p>\n\n\n\n<p>&nbsp;&nbsp;&nbsp;&nbsp;&nbsp; o zdrowie, dary Ducha \u015awi\u0119tego,\nBo\u017ce b\u0142ogos\u0142awie\u0144stwo, opiek\u0119 NMP \u2013 modli si\u0119 babcia i mama<\/p>\n\n\n\n<p><strong>&nbsp;&nbsp;&nbsp;&nbsp;&nbsp;&nbsp;&nbsp;&nbsp;&nbsp;&nbsp;&nbsp; &nbsp;\n2)<\/strong> + Andrzeja Holdenmajera \u2013\nmodli si\u0119 El\u017cbieta z rodzin\u0105<\/p>\n\n\n\n<p><strong>18.oo\n\u2013 1) <\/strong>+ m\u0119\u017ca Stefana w 13 rocz. \u015bm, ++ rodzic\u00f3w, te\u015bci\u00f3w, brata\nHenryka, ++ z rodziny Dec\u00f3w,<\/p>\n\n\n\n<p>&nbsp;&nbsp;&nbsp;&nbsp;&nbsp;&nbsp;&nbsp;&nbsp;&nbsp;&nbsp;&nbsp;&nbsp;&nbsp;&nbsp;&nbsp; &nbsp;Horaczewskich, ++ Leokadi\u0119 i Jerzego oraz ++ dziadk\u00f3w\n\u2013 modli si\u0119 Krystyna z rodzin\u0105 <\/p>\n\n\n\n<p><strong>&nbsp;&nbsp;&nbsp;&nbsp;&nbsp;&nbsp;&nbsp;&nbsp;&nbsp;&nbsp;&nbsp; &nbsp;\n2) <\/strong>w 15 rocz. urodzin Julii dzi\u0119kczynna\nza otrzymane \u0142aski z pro\u015bb\u0105 o zdrowie, dary Ducha<\/p>\n\n\n\n<p>&nbsp;&nbsp;&nbsp;&nbsp;&nbsp;&nbsp;&nbsp;&nbsp;&nbsp;&nbsp;&nbsp;&nbsp;&nbsp;&nbsp;&nbsp;&nbsp; &nbsp;\u015awi\u0119tego, Bo\u017ce b\u0142ogos\u0142awie\u0144stwo, opiek\u0119 NMP \u2013\nmodli si\u0119 rodzina<strong>&nbsp; &nbsp;<\/strong>&nbsp;<\/p>\n\n\n\n<p><strong><em>17.05.\n\u2013 PONIEDZIA\u0141EK<\/em><\/strong><\/p>\n\n\n\n<p><strong>&nbsp; &nbsp;&nbsp;7.oo\n\u2013 <\/strong>&nbsp;w intencji wnuk\u00f3w z pro\u015bb\u0105 o zdrowie, Bo\u017ce b\u0142ogos\u0142awie\u0144stwo\ni opiek\u0119 NMP <\/p>\n\n\n\n<p>&nbsp;&nbsp;&nbsp;&nbsp;&nbsp;&nbsp;&nbsp;&nbsp;&nbsp;&nbsp;&nbsp;&nbsp; &nbsp;&nbsp;&nbsp;&nbsp;\u2013 modl\u0105 si\u0119 dziadkowie<\/p>\n\n\n\n<p><strong>18.oo\n\u2013 1) <\/strong>++ Juli\u0119 w 4 rocz. \u015bm.,\nm\u0119\u017ca Juliana, rodzic\u00f3w: Mari\u0119 i Stanis\u0142awa oraz dusze w czy\u015b\u0107cu<\/p>\n\n\n\n<p>&nbsp;&nbsp;&nbsp;&nbsp;&nbsp;&nbsp;&nbsp;&nbsp;&nbsp;&nbsp;&nbsp;&nbsp;&nbsp;&nbsp;&nbsp;&nbsp;&nbsp; &nbsp;cierpi\u0105ce \u2013 modli si\u0119 rodzina\n<\/p>\n\n\n\n<p><strong>&nbsp;&nbsp;&nbsp;&nbsp;&nbsp;&nbsp;&nbsp;&nbsp;&nbsp;&nbsp;&nbsp; &nbsp;\n2)<\/strong> + Teres\u0119 Ma\u0142eck\u0105 \u2013 gregorianka 16<\/p>\n\n\n\n<p>&nbsp;&nbsp;&nbsp;&nbsp;&nbsp;&nbsp;&nbsp;&nbsp;&nbsp;&nbsp;&nbsp; <strong>&nbsp; 3)<\/strong> +\nBoles\u0142awa Sutkowskiego w 20 rocz. \u015bm.<\/p>\n\n\n\n<p><strong><em>18.05.\n&#8211; WTOREK<\/em><\/strong><em><\/em><\/p>\n\n\n\n<p><strong>&nbsp; 7.oo \u2013<\/strong> + syna Miros\u0142awa \u2013 modli si\u0119 mama<\/p>\n\n\n\n<p><strong>18.oo\n\u2013 1) <\/strong>&nbsp;+ Teres\u0119\nMa\u0142eck\u0105 \u2013 gregorianka 17<\/p>\n\n\n\n<p><strong>&nbsp;&nbsp;&nbsp;&nbsp;&nbsp;&nbsp;&nbsp;&nbsp;&nbsp;&nbsp;&nbsp;&nbsp; 2) <\/strong>++ J\u00f3zefa Kucego w 1 rocz. \u015bm., Soni\u0119 Orze\u0142 w 10\nrocz. \u015bm., Franciszka Kie\u0142bowicza w 29\n<\/p>\n\n\n\n<p>&nbsp;&nbsp;&nbsp;&nbsp;&nbsp;&nbsp;&nbsp;&nbsp;&nbsp;&nbsp;\nrocz. \u015bm., Antoniego Kulika w 45 rocz. \u015bm. oraz dusze w czy\u015b\u0107cu\ncierpi\u0105ce \u2013 modli si\u0119 rodzina<strong><em> <\/em><\/strong><\/p>\n\n\n\n<p><strong><em>19.05.\n\u2013 \u015aRODA <\/em><\/strong><\/p>\n\n\n\n<p><strong>&nbsp; 7.oo \u2013 <\/strong>+ Teres\u0119 Ma\u0142eck\u0105\n\u2013 gregorianka 18<\/p>\n\n\n\n<p><strong>18.oo\n\u2013&nbsp; intencja zbiorowa nowennowa:<\/strong><\/p>\n\n\n\n<p><strong>&nbsp;1)<\/strong> + Aleksandra\nKulczyckiego &#8211; 30 dzie\u0144 od pogrzebu \u2013 intencja od uczestnik\u00f3w Mszy pogrzebowej<\/p>\n\n\n\n<p><strong>&nbsp;2)<\/strong> ++ syna Wies\u0142awa,\nbrata Bronis\u0142awa, siostr\u0119 Alicj\u0119, ++ rodzic\u00f3w z obu stron: Zofi\u0119 i Juliana,<\/p>\n\n\n\n<p>&nbsp;&nbsp;&nbsp; &nbsp;Edwarda i Ann\u0119, Jadwig\u0119 i Micha\u0142a, ++ dziadk\u00f3w,\n++ z ca\u0142ej rodziny i dusze w czy\u015b\u0107cu cierpi\u0105ce <\/p>\n\n\n\n<p>&nbsp;&nbsp; &nbsp;&nbsp;&nbsp;\u2013\nmodli si\u0119 rodzina<\/p>\n\n\n\n<p><strong>&nbsp;3)<\/strong><\/p>\n\n\n\n<p><strong><em>20.05.\n\u2013 CZWARTEK <\/em><\/strong><em>&nbsp;<\/em><\/p>\n\n\n\n<p><strong>&nbsp; 7.oo \u2013<\/strong> &nbsp;<\/p>\n\n\n\n<p><strong>18.oo\n\u2013 <\/strong>&nbsp;<strong>1) <\/strong>+\nTeres\u0119 Ma\u0142eck\u0105 \u2013 gregorianka 19 <\/p>\n\n\n\n<p><strong>&nbsp;&nbsp;&nbsp;&nbsp;&nbsp;&nbsp;&nbsp;&nbsp;&nbsp;&nbsp;&nbsp; &nbsp;\n2) <\/strong>w 50 rocz. urodzin bratanicy\nEdyty Kubali dzi\u0119kczynna z pro\u015bb\u0105 o zdrowie, dary Ducha <\/p>\n\n\n\n<p>&nbsp;&nbsp;&nbsp;&nbsp;&nbsp;&nbsp;&nbsp;&nbsp;&nbsp;&nbsp;&nbsp;&nbsp;&nbsp;&nbsp;&nbsp;&nbsp; \u015awi\u0119tego, Bo\u017ce\nb\u0142ogos\u0142awie\u0144stwo, opiek\u0119 NMP \u2013 modli si\u0119 ciocia Wac\u0142awa z rodzin\u0105<\/p>\n\n\n\n<p><strong><em>21.05.\n\u2013 PI\u0104TEK<\/em><\/strong><\/p>\n\n\n\n<p><strong>&nbsp; &nbsp;&nbsp;7.oo\n\u2013<\/strong>\n&nbsp;<\/p>\n\n\n\n<p><strong>18.oo\n\u2013 1) <\/strong>+ Teres\u0119 Ma\u0142eck\u0105 \u2013 gregorianka 20 <\/p>\n\n\n\n<p><strong>&nbsp;&nbsp;&nbsp;&nbsp;&nbsp;&nbsp;&nbsp;&nbsp;&nbsp;&nbsp;&nbsp; &nbsp;\n2)<\/strong> + Stanis\u0142awa Glum\u0119 &#8211; 30 dzie\u0144 od pogrzebu \u2013 intencja\nod uczestnik\u00f3w Mszy pogrzebowej &nbsp;<\/p>\n\n\n\n<p><strong><em>22.05.\n\u2013 SOBOTA<\/em><\/strong><\/p>\n\n\n\n<p><strong>&nbsp; &nbsp;&nbsp;7.oo\n\u2013<\/strong>\n+ Teres\u0119 Ma\u0142eck\u0105 \u2013 gregorianka 21<\/p>\n\n\n\n<p><strong>15.oo\n\u2013<\/strong> <strong><em>\u015blub<\/em><\/strong>: Krzysztof Kukli\u0144ski i Patrycja Kramarczyk oraz <strong><em>chrzest:<\/em><\/strong> Mateusz Kukli\u0144ski<\/p>\n\n\n\n<p><strong>18.oo\n\u2013 1)<\/strong> + Jana Budzana<strong>\n<\/strong>&#8211;\n30 dzie\u0144 od pogrzebu \u2013 intencja od uczestnik\u00f3w Mszy pogrzebowej <\/p>\n\n\n\n<p><strong>&nbsp;&nbsp;&nbsp;&nbsp;&nbsp;&nbsp;&nbsp;&nbsp;&nbsp;&nbsp;&nbsp; &nbsp;\n2)<\/strong> + Andrzeja Kalasa &#8211; 30 dzie\u0144 od pogrzebu \u2013 intencja\nod uczestnik\u00f3w Mszy pogrzebowej<\/p>\n\n\n\n<p>&nbsp;&nbsp;&nbsp;&nbsp; <strong>3)<\/strong> + Tadeusza Nowickiego &#8211; 30 dzie\u0144\nod pogrzebu \u2013 intencja od uczestnik\u00f3w Mszy pogrzebowej <\/p>\n\n\n\n<p><strong><em>23.05.\n\u2013 NIEDZIELA&nbsp; <\/em><\/strong><\/p>\n\n\n\n<p><strong>&nbsp; 8.oo \u2013 1) <\/strong>w intencji wnuk\u00f3w: Oli, Emilii, Filipa, Jakuba, Hani, Bartosza, Julii\noraz ich rodzic\u00f3w <\/p>\n\n\n\n<p>&nbsp;&nbsp;&nbsp;&nbsp;&nbsp;&nbsp;&nbsp;&nbsp;&nbsp;&nbsp;&nbsp;&nbsp;&nbsp;&nbsp;&nbsp;&nbsp;&nbsp;&nbsp; dzi\u0119kczynna z\npro\u015bb\u0105 o zdrowie, dary Ducha \u015awi\u0119tego, Bo\u017ce b\u0142ogos\u0142awie\u0144stwo, <\/p>\n\n\n\n<p>&nbsp;&nbsp;&nbsp;&nbsp;&nbsp;&nbsp;&nbsp;&nbsp;&nbsp;&nbsp;&nbsp;&nbsp;&nbsp;&nbsp;&nbsp;&nbsp;&nbsp;&nbsp;&nbsp; opiek\u0119 NMP \u2013 &nbsp;modl\u0105 si\u0119 dziadkowie\n<\/p>\n\n\n\n<p><strong>&nbsp;&nbsp;&nbsp;&nbsp;&nbsp;&nbsp;&nbsp;&nbsp;&nbsp;&nbsp;&nbsp; &nbsp;\n2)<\/strong> + Zofi\u0119 Ba\u0144carz &#8211; 30 dzie\u0144 od pogrzebu \u2013 intencja\nod uczestnik\u00f3w Mszy pogrzebowej<\/p>\n\n\n\n<p><strong>&nbsp;&nbsp;&nbsp;&nbsp; &nbsp;9.3o \u2013 <\/strong>+ syna Artura w 15\nrocz. \u015bm. oraz ++ rodzic\u00f3w: Adolfa, Micha\u0142a i Kazimier\u0119 <\/p>\n\n\n\n<p>&nbsp;&nbsp;&nbsp;&nbsp;&nbsp;&nbsp;&nbsp;&nbsp;&nbsp;&nbsp;&nbsp;&nbsp;&nbsp;&nbsp; &nbsp;&nbsp;\u2013 modli si\u0119 &nbsp;mama i c\u00f3rka z rodzin\u0105<\/p>\n\n\n\n<p><strong>11.oo\n\u2013 1) <\/strong>int. P. Go\u0142a\u015b<\/p>\n\n\n\n<p><strong>&nbsp;&nbsp;&nbsp;&nbsp;&nbsp;&nbsp;&nbsp;&nbsp;&nbsp;&nbsp;&nbsp; &nbsp;\n2) <\/strong>w intencji mamy Danuty z\nokazji Dnia Matki &nbsp;dzi\u0119kczynna z pro\u015bb\u0105 o zdrowie, dary Ducha<\/p>\n\n\n\n<p>&nbsp;&nbsp;&nbsp;&nbsp;&nbsp;&nbsp;&nbsp;&nbsp;&nbsp;&nbsp;&nbsp;&nbsp;&nbsp;&nbsp;&nbsp;&nbsp;&nbsp; &nbsp;\u015awi\u0119tego, Bo\u017ce b\u0142ogos\u0142awie\u0144stwo, opiek\u0119 NMP \u2013 &nbsp;modl\u0105 si\u0119 dzieci z rodzinami<\/p>\n\n\n\n<p><strong>12.3o\n\u2013 1) <\/strong>w 15 rocz. \u015blubu Magdaleny\ni Janusza dzi\u0119kczynna za otrzymane \u0142aski z pro\u015bb\u0105 <\/p>\n\n\n\n<p>&nbsp;&nbsp;&nbsp; &nbsp;&nbsp;&nbsp;&nbsp;&nbsp;&nbsp;&nbsp;&nbsp;&nbsp;&nbsp;&nbsp;&nbsp;&nbsp;o zdrowie, dary Ducha \u015awi\u0119tego, Bo\u017ce\nb\u0142ogos\u0142awie\u0144stwo, opiek\u0119 NMP na dalsze lata <\/p>\n\n\n\n<p>&nbsp;&nbsp;&nbsp;&nbsp;&nbsp;&nbsp;&nbsp;&nbsp;&nbsp;&nbsp;&nbsp;&nbsp;&nbsp;&nbsp;&nbsp;&nbsp;&nbsp; \u2013 modli si\u0119 mama\nJanina z rodzin\u0105<\/p>\n\n\n\n<p><strong>&nbsp;&nbsp;&nbsp;&nbsp;&nbsp;&nbsp;&nbsp;&nbsp;&nbsp;&nbsp;&nbsp; &nbsp;\n2)<\/strong> w 1 rocz. \u015bwi\u0119ce\u0144 kap\u0142a\u0144skich ks. Tomasza dzi\u0119kczynna za otrzymane \u0142aski z pro\u015bb\u0105 <\/p>\n\n\n\n<p>&nbsp;&nbsp;&nbsp; &nbsp;&nbsp;&nbsp;&nbsp;&nbsp;&nbsp;&nbsp;&nbsp;&nbsp;&nbsp;&nbsp;&nbsp;&nbsp;&nbsp;o zdrowie, dary Ducha \u015awi\u0119tego, Bo\u017ce b\u0142ogos\u0142awie\u0144stwo,\nopiek\u0119 NMP<\/p>\n\n\n\n<p>&nbsp;&nbsp;&nbsp;&nbsp;&nbsp;&nbsp;&nbsp;&nbsp;&nbsp;&nbsp;&nbsp;&nbsp;&nbsp;&nbsp;&nbsp;&nbsp;&nbsp;&nbsp;&nbsp;&nbsp;&nbsp;&nbsp;&nbsp;&nbsp;&nbsp;&nbsp;&nbsp;&nbsp;&nbsp;&nbsp;&nbsp;&nbsp;&nbsp;&nbsp;&nbsp;&nbsp;&nbsp;&nbsp;&nbsp;&nbsp;&nbsp;&nbsp;&nbsp;&nbsp;&nbsp;&nbsp; chrzest\npo Mszy: Aleksander Kr\u00f3l<\/p>\n\n\n\n<p><strong>18.oo\n\u2013 &nbsp;<\/strong>&nbsp;+ Teres\u0119 Ma\u0142eck\u0105 \u2013 gregorianka 22<\/p>\n","protected":false},"excerpt":{"rendered":"<p>Sk\u0142adaj\u0105c Ofiar\u0119, kt\u00f3ra nam przypomina niezmierzon\u0105 mi\u0142o\u015b\u0107 Twojego Syna, pokornie prosimy Ci\u0119, Bo\u017ce, przyjmij intencje Twoich wiernych i spraw przez dzia\u0142anie Eucharystii, aby w naszych rodzinach wzrasta\u0142a prawdziwa wiara, \u015bwi\u0119to\u015b\u0107 \u017cycia, braterska mi\u0142o\u015b\u0107 i duch modlitwy. Niech Matka Naj\u015bwi\u0119tsza wyprosi \u0142aski, o kt\u00f3re modlili\u015bmy si\u0119 w tej Mszy \u015bw. dla&#8230; <a class=\"continue-reading-link\" href=\"http:\/\/parafia.scinawa.info\/index.php\/2021\/05\/15\/intencje-mszalne-16-05-23-05-2021\/\">Czytaj dalej <span class=\"meta-nav\">&rarr; <\/span><\/a><\/p>\n","protected":false},"author":2,"featured_media":0,"comment_status":"closed","ping_status":"closed","sticky":false,"template":"","format":"standard","meta":{"footnotes":""},"categories":[39],"tags":[],"class_list":["post-1724","post","type-post","status-publish","format-standard","hentry","category-intencje"],"_links":{"self":[{"href":"http:\/\/parafia.scinawa.info\/index.php\/wp-json\/wp\/v2\/posts\/1724","targetHints":{"allow":["GET"]}}],"collection":[{"href":"http:\/\/parafia.scinawa.info\/index.php\/wp-json\/wp\/v2\/posts"}],"about":[{"href":"http:\/\/parafia.scinawa.info\/index.php\/wp-json\/wp\/v2\/types\/post"}],"author":[{"embeddable":true,"href":"http:\/\/parafia.scinawa.info\/index.php\/wp-json\/wp\/v2\/users\/2"}],"replies":[{"embeddable":true,"href":"http:\/\/parafia.scinawa.info\/index.php\/wp-json\/wp\/v2\/comments?post=1724"}],"version-history":[{"count":1,"href":"http:\/\/parafia.scinawa.info\/index.php\/wp-json\/wp\/v2\/posts\/1724\/revisions"}],"predecessor-version":[{"id":1725,"href":"http:\/\/parafia.scinawa.info\/index.php\/wp-json\/wp\/v2\/posts\/1724\/revisions\/1725"}],"wp:attachment":[{"href":"http:\/\/parafia.scinawa.info\/index.php\/wp-json\/wp\/v2\/media?parent=1724"}],"wp:term":[{"taxonomy":"category","embeddable":true,"href":"http:\/\/parafia.scinawa.info\/index.php\/wp-json\/wp\/v2\/categories?post=1724"},{"taxonomy":"post_tag","embeddable":true,"href":"http:\/\/parafia.scinawa.info\/index.php\/wp-json\/wp\/v2\/tags?post=1724"}],"curies":[{"name":"wp","href":"https:\/\/api.w.org\/{rel}","templated":true}]}}