{"id":1726,"date":"2021-05-15T12:16:02","date_gmt":"2021-05-15T10:16:02","guid":{"rendered":"http:\/\/parafia.scinawa.info\/?p=1726"},"modified":"2021-05-15T12:16:02","modified_gmt":"2021-05-15T10:16:02","slug":"ogloszenia-duszpasterskie-wniebowstapienie-panskie-16-05-2021","status":"publish","type":"post","link":"http:\/\/parafia.scinawa.info\/index.php\/2021\/05\/15\/ogloszenia-duszpasterskie-wniebowstapienie-panskie-16-05-2021\/","title":{"rendered":"Og\u0142oszenia duszpasterskie Wniebowst\u0105pienie Pa\u0144skie \u2013 16.05. 2021"},"content":{"rendered":"\n<p><strong>1.<\/strong>\nDzi\u015b prze\u017cywamy <strong><em>Uroczysto\u015b\u0107 Wniebowst\u0105pienia Pa\u0144skiego<\/em><\/strong><strong>.<\/strong><strong><em> <\/em><\/strong><em>Porz\u0105dek <\/em>Mszy \u015bw. &nbsp;z racji I Komunii \u015bw. w\ndw\u00f3ch turach jest nast\u0119puj\u0105cy: <\/p>\n\n\n\n<p><strong>&#8211;\ndla wszystkich &#8211; 8<sup>00<\/sup><\/strong>, <strong>16<sup>30<\/sup><\/strong>\ni <strong>18<sup>00<\/sup>, R\u0119sz\u00f3w &#8211; 9<sup>30<\/sup><\/strong><\/p>\n\n\n\n<p><strong>&#8211;\ntylko dla rodzin dzieci I &#8211; komunijnych: 10<sup>00<\/sup> \u2013 I tura I\nKomunii \u015bw., <\/strong><\/p>\n\n\n\n<p><strong>12<sup>00<\/sup><\/strong> <strong>\u2013 II tura I\nKomunii \u015bw.,<\/strong> <\/p>\n\n\n\n<p><strong><em>Obrazki<\/em><\/strong> dla dzieci I \u2013 komunijnych\npo Mszy \u015bw.:<\/p>\n\n\n\n<p><strong><em>&#8211; <\/em><\/strong><em>w poniedzia\u0142ek<\/em><strong><em> \u2013 <\/em><\/strong><strong>I\ntura<\/strong><strong><em><\/em><\/strong><\/p>\n\n\n\n<p><strong><em>&nbsp;&#8211; <\/em><\/strong>we wtorek&nbsp;&nbsp;&nbsp;&nbsp;&nbsp; &nbsp;<strong><em>\u2013\n<\/em><\/strong><strong>II tura<\/strong><strong><em><\/em><\/strong><\/p>\n\n\n\n<p><strong><em>Bia\u0142y\nTydzie\u0144<\/em><\/strong> dla dzieci I \u2013 komunijnych o godz.<strong>\n18<sup>00<\/sup><\/strong>:<\/p>\n\n\n\n<p><strong><em>&#8211; <\/em><\/strong><em>w poniedzia\u0142ek<\/em>, w \u015brod\u0119 i w pi\u0105tek<strong><em>\n\u2013 <\/em><\/strong><strong>I tura<\/strong><strong><em><\/em><\/strong><\/p>\n\n\n\n<p><strong><em>&nbsp;&#8211; <\/em><\/strong>we wtorek, w czwartek i w\nsobot\u0119 <strong><em>\u2013 <\/em><\/strong><strong>II tura<\/strong><\/p>\n\n\n\n<p><strong>2<\/strong><strong>.<\/strong>\nMsze \u015bw. w tygodniu&nbsp; o <strong>7<sup>00<\/sup><\/strong>\ni <strong>18<sup>00<\/sup><\/strong>.<\/p>\n\n\n\n<p><strong>3<\/strong><strong>. <\/strong>Codziennie\nspowied\u017a i adoracja Naj\u015bwi\u0119tszego Sakramentu o godz. <strong>17<sup>00<\/sup>, <\/strong>a nabo\u017ce\u0144stwa\nmajowe o <strong>17<sup>30<\/sup>.<\/strong><\/p>\n\n\n\n<p><strong>4<\/strong><strong>. W poniedzia\u0142ek o&nbsp; 17<sup>30<\/sup> nabo\u017ce\u0144stwo do Bo\u017cego\nMi\u0142osierdzia. <\/strong>(Na stoliku pod ch\u00f3rem znajduj\u0105 si\u0119\nkartki, na kt\u00f3rych mo\u017cna wypisywa\u0107 pro\u015bby i podzi\u0119kowania, kt\u00f3re b\u0119dziemy poleca\u0107\nBo\u017cemu Mi\u0142osierdziu).<strong><\/strong><\/p>\n\n\n\n<p><strong>5.<\/strong><strong> <\/strong>W\n\u015brod\u0119 Nowenna do NMP Nieustaj\u0105cej Pomocy o godz. <strong>17<sup>30<\/sup><\/strong>.<\/p>\n\n\n\n<p><strong>6<\/strong><strong>. <\/strong>W \u015brod\u0119 o godz. <strong>17<sup>00<\/sup> <\/strong>nabo\u017ce\u0144stwo\ndo \u015bw. J\u00f3zefa, a w sobot\u0119 o godz. <strong>17<sup>00<\/sup> <\/strong>nabo\u017ce\u0144stwo\ndo \u015bw. Rity.<\/p>\n\n\n\n<p><strong>7<\/strong><strong>. <\/strong>W przysz\u0142\u0105 niedziel\u0119 obchodzimy <strong>Uroczysto\u015b\u0107\nZes\u0142ania Ducha \u015awi\u0119tego.<\/strong> Msze \u015bw. wed\u0142ug porz\u0105dku niedzielnego. <strong><em>&nbsp;<\/em><\/strong><\/p>\n\n\n\n<p><strong>8<\/strong><strong>.<\/strong>\nKancelaria czynna codziennie po Mszy \u015bw. wieczornej z wyj\u0105tkiem niedziel,\nuroczysto\u015bci i \u015bwi\u0105t.<\/p>\n\n\n\n<p><strong>9<\/strong><strong>.<\/strong>\nDo nabycia jest prasa katolicka: Niedziela, Go\u015b\u0107 Niedzielny i R\u00f3\u017caniec. <\/p>\n\n\n\n<p><strong>10<\/strong><strong>.<\/strong>\nDzi\u0119kuj\u0119 wszystkim, kt\u00f3rzy w tym tygodniu sprz\u0105tali \u015bwi\u0105tyni\u0119 i przygotowali j\u0105\nna nasze spotkanie eucharystyczne.<\/p>\n\n\n\n<p><strong>11<\/strong><strong>.<\/strong>\nSerdeczne B\u00f3g zap\u0142a\u0107 za ofiary sk\u0142adane na remonty w naszej parafii. <\/p>\n\n\n\n<p><strong>12<\/strong><strong>.<\/strong>\nIntencje mszalne, kalendarze parafialne.<em>\u017byczymy mi\u0142ego tygodnia i obfitych \u0142ask Bo\u017cych.<\/em><\/p>\n","protected":false},"excerpt":{"rendered":"<p>1. Dzi\u015b prze\u017cywamy Uroczysto\u015b\u0107 Wniebowst\u0105pienia Pa\u0144skiego. Porz\u0105dek Mszy \u015bw. &nbsp;z racji I Komunii \u015bw. w dw\u00f3ch turach jest nast\u0119puj\u0105cy: &#8211; dla wszystkich &#8211; 800, 1630 i 1800, R\u0119sz\u00f3w &#8211; 930 &#8211; tylko dla rodzin dzieci I &#8211; komunijnych: 1000 \u2013 I tura I Komunii \u015bw., 1200 \u2013 II tura I&#8230; <a class=\"continue-reading-link\" href=\"http:\/\/parafia.scinawa.info\/index.php\/2021\/05\/15\/ogloszenia-duszpasterskie-wniebowstapienie-panskie-16-05-2021\/\">Czytaj dalej <span class=\"meta-nav\">&rarr; <\/span><\/a><\/p>\n","protected":false},"author":2,"featured_media":0,"comment_status":"closed","ping_status":"closed","sticky":false,"template":"","format":"standard","meta":{"footnotes":""},"categories":[40],"tags":[],"class_list":["post-1726","post","type-post","status-publish","format-standard","hentry","category-ogloszenia-duszpasterskie"],"_links":{"self":[{"href":"http:\/\/parafia.scinawa.info\/index.php\/wp-json\/wp\/v2\/posts\/1726","targetHints":{"allow":["GET"]}}],"collection":[{"href":"http:\/\/parafia.scinawa.info\/index.php\/wp-json\/wp\/v2\/posts"}],"about":[{"href":"http:\/\/parafia.scinawa.info\/index.php\/wp-json\/wp\/v2\/types\/post"}],"author":[{"embeddable":true,"href":"http:\/\/parafia.scinawa.info\/index.php\/wp-json\/wp\/v2\/users\/2"}],"replies":[{"embeddable":true,"href":"http:\/\/parafia.scinawa.info\/index.php\/wp-json\/wp\/v2\/comments?post=1726"}],"version-history":[{"count":1,"href":"http:\/\/parafia.scinawa.info\/index.php\/wp-json\/wp\/v2\/posts\/1726\/revisions"}],"predecessor-version":[{"id":1727,"href":"http:\/\/parafia.scinawa.info\/index.php\/wp-json\/wp\/v2\/posts\/1726\/revisions\/1727"}],"wp:attachment":[{"href":"http:\/\/parafia.scinawa.info\/index.php\/wp-json\/wp\/v2\/media?parent=1726"}],"wp:term":[{"taxonomy":"category","embeddable":true,"href":"http:\/\/parafia.scinawa.info\/index.php\/wp-json\/wp\/v2\/categories?post=1726"},{"taxonomy":"post_tag","embeddable":true,"href":"http:\/\/parafia.scinawa.info\/index.php\/wp-json\/wp\/v2\/tags?post=1726"}],"curies":[{"name":"wp","href":"https:\/\/api.w.org\/{rel}","templated":true}]}}