{"id":1728,"date":"2021-05-22T12:03:06","date_gmt":"2021-05-22T10:03:06","guid":{"rendered":"http:\/\/parafia.scinawa.info\/?p=1728"},"modified":"2021-05-22T12:03:06","modified_gmt":"2021-05-22T10:03:06","slug":"intencje-mszalne-23-05-30-05-2021","status":"publish","type":"post","link":"http:\/\/parafia.scinawa.info\/index.php\/2021\/05\/22\/intencje-mszalne-23-05-30-05-2021\/","title":{"rendered":"INTENCJE MSZALNE 23.05. \u2013 30.05. 2021"},"content":{"rendered":"\n<p><strong><em>Sk\u0142adaj\u0105c\nOfiar\u0119, kt\u00f3ra nam przypomina niezmierzon\u0105 mi\u0142o\u015b\u0107 Twojego Syna, pokornie prosimy\nCi\u0119, Bo\u017ce, przyjmij intencje Twoich wiernych i spraw przez dzia\u0142anie\nEucharystii, aby w naszych rodzinach wzrasta\u0142a prawdziwa wiara, \u015bwi\u0119to\u015b\u0107 \u017cycia,\nbraterska mi\u0142o\u015b\u0107 i duch modlitwy. <\/em><\/strong><strong>Niech\nMatka Naj\u015bwi\u0119tsza wyprosi \u0142aski, o kt\u00f3re modlili\u015bmy si\u0119 w tej Mszy \u015bw. dla \u2026\nZa\u015b zmar\u0142ym \u2026 za kt\u00f3rych odprawiali\u015bmy Msz\u0119 \u015bw.: wieczny odpoczynek racz im\nda\u0107 Panie (\u2026); niech odpoczywaj\u0105 w pokoju wiecznym. Amen<\/strong><\/p>\n\n\n\n<p><strong><em>23.05.\n&#8211; NIEDZIELA&nbsp; <\/em><\/strong><em><\/em><\/p>\n\n\n\n<p><strong>&nbsp; &nbsp;&nbsp;8.oo\n\u2013 1) <\/strong>w intencji wnuk\u00f3w: Oli,\nEmilii, Filipa, Jakuba, Hani, Bartosza, Julii oraz ich rodzic\u00f3w <\/p>\n\n\n\n<p>&nbsp;&nbsp;&nbsp;&nbsp;&nbsp;&nbsp;&nbsp;&nbsp;&nbsp;&nbsp;&nbsp;&nbsp;&nbsp;&nbsp;&nbsp;&nbsp;&nbsp;&nbsp; dzi\u0119kczynna z\npro\u015bb\u0105 o zdrowie, dary Ducha \u015awi\u0119tego, Bo\u017ce b\u0142ogos\u0142awie\u0144stwo, <\/p>\n\n\n\n<p>&nbsp;&nbsp;&nbsp;&nbsp;&nbsp;&nbsp;&nbsp;&nbsp;&nbsp;&nbsp;&nbsp;&nbsp;&nbsp;&nbsp;&nbsp;&nbsp;&nbsp;&nbsp;&nbsp; opiek\u0119 NMP \u2013 &nbsp;modl\u0105 si\u0119 dziadkowie\n<\/p>\n\n\n\n<p><strong>&nbsp;&nbsp;&nbsp;&nbsp;&nbsp;&nbsp;&nbsp;&nbsp;&nbsp;&nbsp;&nbsp; &nbsp;\n2)<\/strong> + Zofi\u0119 Ba\u0144carz &#8211; 30 dzie\u0144 od pogrzebu \u2013 intencja\nod uczestnik\u00f3w Mszy pogrzebowej<\/p>\n\n\n\n<p><strong>&nbsp;&nbsp;&nbsp;&nbsp; &nbsp;9.3o \u2013 <\/strong>+ syna Artura w 15\nrocz. \u015bm. oraz ++ rodzic\u00f3w: Adolfa, Micha\u0142a i Kazimier\u0119 <\/p>\n\n\n\n<p>&nbsp;&nbsp;&nbsp;&nbsp;&nbsp;&nbsp;&nbsp;&nbsp;&nbsp;&nbsp;&nbsp;&nbsp;&nbsp;&nbsp; &nbsp;&nbsp;\u2013 modli si\u0119 &nbsp;mama i c\u00f3rka z rodzin\u0105<\/p>\n\n\n\n<p><strong>11.oo\n\u2013 1) <\/strong>w 6 rocz. \u015blubu Pauliny i\nPaw\u0142a dzi\u0119kczynna za otrzymane \u0142aski z pro\u015bb\u0105 <\/p>\n\n\n\n<p>&nbsp;&nbsp;&nbsp; &nbsp;&nbsp;&nbsp;&nbsp;&nbsp;&nbsp;&nbsp;&nbsp;&nbsp;&nbsp;&nbsp;&nbsp;&nbsp;o zdrowie, dary Ducha \u015awi\u0119tego, Bo\u017ce\nb\u0142ogos\u0142awie\u0144stwo, opiek\u0119 NMP<\/p>\n\n\n\n<p><strong>&nbsp;&nbsp;&nbsp;&nbsp;&nbsp;&nbsp;&nbsp;&nbsp;&nbsp;&nbsp;&nbsp; &nbsp;\n2) <\/strong>w intencji mamy Danuty z\nokazji Dnia Matki &nbsp;dzi\u0119kczynna z pro\u015bb\u0105 o zdrowie, dary Ducha<\/p>\n\n\n\n<p>&nbsp;&nbsp;&nbsp;&nbsp;&nbsp;&nbsp;&nbsp;&nbsp;&nbsp;&nbsp;&nbsp;&nbsp;&nbsp;&nbsp;&nbsp;&nbsp;&nbsp; &nbsp;\u015awi\u0119tego, Bo\u017ce b\u0142ogos\u0142awie\u0144stwo, opiek\u0119 NMP \u2013 &nbsp;modl\u0105 si\u0119 dzieci z rodzinami<\/p>\n\n\n\n<p>&nbsp;&nbsp;&nbsp;&nbsp;&nbsp;&nbsp;&nbsp;&nbsp;&nbsp;&nbsp;&nbsp; <strong>&nbsp;\n3)<\/strong> + Stanis\u0142aw\u0119 W\u00f3jcik z\ndomu Kaweck\u0105 w 1 rocz. \u015bm.<\/p>\n\n\n\n<p><strong>12.3o\n\u2013 1) <\/strong><a>w 15 rocz. \u015blubu Magdaleny i Janusza dzi\u0119kczynna za otrzymane \u0142aski z\npro\u015bb\u0105 <\/a><\/p>\n\n\n\n<p>&nbsp;&nbsp;&nbsp; &nbsp;&nbsp;&nbsp;&nbsp;&nbsp;&nbsp;&nbsp;&nbsp;&nbsp;&nbsp;&nbsp;&nbsp;&nbsp;o zdrowie, dary Ducha \u015awi\u0119tego, Bo\u017ce\nb\u0142ogos\u0142awie\u0144stwo, opiek\u0119 NMP na dalsze lata <\/p>\n\n\n\n<p>&nbsp;&nbsp;&nbsp;&nbsp;&nbsp;&nbsp;&nbsp;&nbsp;&nbsp;&nbsp;&nbsp;&nbsp;&nbsp;&nbsp;&nbsp;&nbsp;&nbsp; \u2013 modli si\u0119 mama\nJanina z rodzin\u0105<\/p>\n\n\n\n<p><strong>&nbsp;&nbsp;&nbsp;&nbsp;&nbsp;&nbsp;&nbsp;&nbsp;&nbsp;&nbsp;&nbsp; &nbsp;\n2)<\/strong> w 1 rocz. \u015bwi\u0119ce\u0144 kap\u0142a\u0144skich ks. Tomasza dzi\u0119kczynna za otrzymane \u0142aski z pro\u015bb\u0105 <\/p>\n\n\n\n<p>&nbsp;&nbsp;&nbsp; &nbsp;&nbsp;&nbsp;&nbsp;&nbsp;&nbsp;&nbsp;&nbsp;&nbsp;&nbsp;&nbsp;&nbsp;&nbsp;&nbsp;o zdrowie, dary Ducha \u015awi\u0119tego, Bo\u017ce b\u0142ogos\u0142awie\u0144stwo,\nopiek\u0119 NMP<\/p>\n\n\n\n<p>&nbsp;&nbsp;&nbsp;&nbsp;&nbsp;&nbsp;&nbsp;&nbsp;&nbsp;&nbsp;&nbsp;&nbsp;&nbsp;&nbsp;&nbsp;&nbsp;&nbsp;&nbsp;&nbsp;&nbsp;&nbsp;&nbsp;&nbsp;&nbsp;&nbsp;&nbsp;&nbsp;&nbsp;&nbsp;&nbsp;&nbsp;&nbsp;&nbsp;&nbsp;&nbsp;&nbsp;&nbsp;&nbsp;&nbsp;&nbsp;&nbsp;&nbsp;&nbsp;&nbsp;&nbsp;&nbsp; <strong><em>chrzest po Mszy:\nAleksander Kr\u00f3l<\/em><\/strong><\/p>\n\n\n\n<p><strong>18.oo\n\u2013 &nbsp;1) <\/strong>&nbsp;w 25 rocz. urodzin wnuka dzi\u0119kczynna za otrzymane \u0142aski z pro\u015bb\u0105 o\nzdrowie, dary <\/p>\n\n\n\n<p>&nbsp;&nbsp;&nbsp;&nbsp;&nbsp;&nbsp;&nbsp;&nbsp;&nbsp;&nbsp;&nbsp;&nbsp;&nbsp;&nbsp;&nbsp;&nbsp;&nbsp;&nbsp;&nbsp; Ducha \u015awi\u0119tego,\nBo\u017ce b\u0142ogos\u0142awie\u0144stwo, opiek\u0119 NMP \u2013 modli si\u0119 babcia<\/p>\n\n\n\n<p><strong>&nbsp;&nbsp;&nbsp;&nbsp;&nbsp;&nbsp;&nbsp;&nbsp;&nbsp;&nbsp;&nbsp; &nbsp;\n2)<\/strong> &nbsp;+ Teres\u0119\nMa\u0142eck\u0105 \u2013 gregorianka 22<strong>&nbsp; &nbsp;<\/strong>&nbsp;<\/p>\n\n\n\n<p><strong><em>24.05.\n\u2013 PONIEDZIA\u0141EK<\/em><\/strong><\/p>\n\n\n\n<p><strong>&nbsp; &nbsp;&nbsp;7.oo\n\u2013 <\/strong>&nbsp;+ te\u015bcia Romana i ++ z rodziny Ho\u0142ubeckich \u2013\nmodli si\u0119 rodzina<\/p>\n\n\n\n<p><strong>18.oo\n\u2013 1) <\/strong>&nbsp;+ Teres\u0119\nMa\u0142eck\u0105 \u2013 gregorianka 23<\/p>\n\n\n\n<p><strong>&nbsp;&nbsp;&nbsp;&nbsp;&nbsp;&nbsp;&nbsp;&nbsp;&nbsp;&nbsp;&nbsp; &nbsp;\n2)<\/strong> ++ Iren\u0119 i Franciszka Szczepaniak\u00f3w oraz za dusze w\nczy\u015b\u0107cu cierpi\u0105ce<\/p>\n\n\n\n<p><strong><em>25.05.\n&#8211; WTOREK<\/em><\/strong><em><\/em><\/p>\n\n\n\n<p><strong>&nbsp;&nbsp;7.oo \u2013<\/strong> + Wiktori\u0119 z racji Dnia Matki<\/p>\n\n\n\n<p><strong>18.oo\n\u2013 <\/strong>&nbsp;<strong>1) <\/strong>+\nTeres\u0119 Ma\u0142eck\u0105 \u2013 gregorianka 24 <\/p>\n\n\n\n<p><strong>&nbsp;&nbsp;&nbsp;&nbsp;&nbsp;&nbsp;&nbsp;&nbsp;&nbsp;&nbsp;&nbsp; &nbsp;\n2)<\/strong> ++ Zofi\u0119 i Franciszka\nBlok\u00f3w, brata Andrzeja oraz Mari\u0119 i Feliksa J\u00f3zefiak\u00f3w <\/p>\n\n\n\n<p>&nbsp;&nbsp;&nbsp;&nbsp;&nbsp;&nbsp;&nbsp;&nbsp;&nbsp;&nbsp;&nbsp;&nbsp;&nbsp;&nbsp;&nbsp;&nbsp; \u2013 modli si\u0119\nrodzina<\/p>\n\n\n\n<p><strong><em>26.05.\n\u2013 \u015aRODA <\/em><\/strong><\/p>\n\n\n\n<p><strong>&nbsp; 7.oo \u2013 <\/strong>+ Teres\u0119 Ma\u0142eck\u0105\n\u2013 gregorianka 25<\/p>\n\n\n\n<p><strong>18.oo\n\u2013&nbsp; intencja zbiorowa nowennowa:<\/strong><\/p>\n\n\n\n<p><strong>1)<\/strong>\n++ Stanis\u0142aw\u0119, Helen\u0119, Wiktori\u0119 i Cecyli\u0119 z racji Dnia Matki <\/p>\n\n\n\n<p><strong>2)<\/strong>\n+ Wies\u0142aw\u0119 Hadzik z racji Dnia Matki\n\u2013 modli si\u0119 c\u00f3rka Klaudia i syn Sebastian<\/p>\n\n\n\n<p><strong>3)<\/strong> ++ Katarzyn\u0119 i Boles\u0142awa Milczark\u00f3w \u2013 modl\u0105 si\u0119\ndzieci z rodzinami<\/p>\n\n\n\n<p><strong>4)<\/strong> + Helen\u0119 Wiatrowsk\u0105 &#8211; 30 dzie\u0144 od pogrzebu\n\u2013 intencja od uczestnik\u00f3w Mszy pogrzebowej<\/p>\n\n\n\n<p><strong>5)<\/strong>\n+ El\u017cbiet\u0119 Chabowsk\u0105 -Pro\u0107 z racji Dnia\nMatki \u2013 modl\u0105 si\u0119 c\u00f3rki z rodzin\u0105<\/p>\n\n\n\n<p><strong>6)<\/strong>\n+ Adel\u0119 Juzb\u0119 z racji Dnia Matki \u2013\nmodli si\u0119 rodzina<\/p>\n\n\n\n<p><strong>7)<\/strong>\n++ Mariann\u0119 Kopacz i Krystyn\u0119 Bentkowsk\u0105 z racji Dnia Matki <\/p>\n\n\n\n<p><strong>8)<\/strong>\n+ Mari\u0119 Fibik z racji Dnia Matki \u2013\nmodli si\u0119 syn Dariusz z rodzin\u0105<\/p>\n\n\n\n<p><strong>9)<\/strong>\ndzi\u0119kczynna za zdrowie Zbigniewa, Zygmunta i Dariusza \u2013 modli si\u0119 rodzina<\/p>\n\n\n\n<p><strong><em>27.05.\n\u2013 CZWARTEK <\/em><\/strong><em>&nbsp;<\/em><\/p>\n\n\n\n<p><strong>&nbsp; 7.oo \u2013<\/strong> ++ rodzic\u00f3w: Zofi\u0119 w\n10 rocz. \u015bm. i Zygmunta oraz ++ ich rodzic\u00f3w \u2013 modli si\u0119 syn Stanis\u0142aw<\/p>\n\n\n\n<p>&nbsp;&nbsp;&nbsp;&nbsp;&nbsp;&nbsp;&nbsp;&nbsp;&nbsp;&nbsp;&nbsp;&nbsp;&nbsp; &nbsp;z rodzin\u0105<\/p>\n\n\n\n<p><strong>18.oo\n\u2013 1) <\/strong>+ Teres\u0119 Ma\u0142eck\u0105 \u2013 gregorianka 26 <\/p>\n\n\n\n<p><strong>&nbsp;&nbsp;&nbsp;&nbsp;&nbsp;&nbsp;&nbsp;&nbsp;&nbsp;&nbsp;&nbsp; &nbsp;\n2)<\/strong> ++Zofi\u0119 Mrozowicz, jej\nsyna Mieczys\u0142awa, jej rodzic\u00f3w: Mari\u0119 i Kazimierza Mrozowicz\u00f3w<\/p>\n\n\n\n<p>&nbsp;&nbsp;&nbsp;&nbsp;&nbsp;&nbsp;&nbsp;&nbsp;&nbsp;&nbsp;&nbsp;&nbsp;&nbsp;&nbsp;&nbsp;&nbsp; &nbsp;oraz Agnieszk\u0119 i W\u0142adys\u0142awa Blok\u00f3w \u2013 modli si\u0119\nrodzina<\/p>\n\n\n\n<p><strong><em>28.05.\n\u2013 PI\u0104TEK<\/em><\/strong><\/p>\n\n\n\n<p><strong>&nbsp; &nbsp;&nbsp;7.oo\n\u2013<\/strong>\n&nbsp;<\/p>\n\n\n\n<p><strong>18.oo\n\u2013 1) <\/strong>&nbsp;+ Teres\u0119\nMa\u0142eck\u0105 \u2013 gregorianka 27<\/p>\n\n\n\n<p><strong>&nbsp;&nbsp;&nbsp;&nbsp;&nbsp;&nbsp;&nbsp;&nbsp;&nbsp;&nbsp;&nbsp;&nbsp;&nbsp; 2)<\/strong>\nw 1 rocz. urodzin Poli dzi\u0119kczynna z\npro\u015bb\u0105 o zdrowie, Bo\u017ce b\u0142ogos\u0142awie\u0144stwo, dary<\/p>\n\n\n\n<p>&nbsp;&nbsp;&nbsp;&nbsp;&nbsp;&nbsp;&nbsp;&nbsp;&nbsp;&nbsp;&nbsp;&nbsp;&nbsp;&nbsp;&nbsp;&nbsp;&nbsp; &nbsp;Ducha \u015awi\u0119tego, opiek\u0119 NMP oraz za jej\nrodzic\u00f3w o dar m\u0105dro\u015bci w wychowaniu dziecka<\/p>\n\n\n\n<p>&nbsp;&nbsp;&nbsp;&nbsp;&nbsp;&nbsp;&nbsp;&nbsp;&nbsp;&nbsp;&nbsp;&nbsp;&nbsp;&nbsp;&nbsp;&nbsp;&nbsp; &nbsp;\u2013 modl\u0105 si\u0119 dziadkowie<\/p>\n\n\n\n<p><strong><em>29.05.\n\u2013 SOBOTA<\/em><\/strong><\/p>\n\n\n\n<p><strong>&nbsp; &nbsp;&nbsp;7.oo\n\u2013<\/strong>\n<\/p>\n\n\n\n<p><strong>18.oo\n\u2013 1) <\/strong>&nbsp;+ Teres\u0119\nMa\u0142eck\u0105 \u2013 gregorianka 28<\/p>\n\n\n\n<p><strong>&nbsp;&nbsp;&nbsp;&nbsp;&nbsp;&nbsp;&nbsp;&nbsp;&nbsp;&nbsp;&nbsp; &nbsp;\n2)<\/strong> ++ syna Tomasza w 13 rocz. \u015bm., m\u0119\u017ca Henryka w 9\nrocz. \u015bm., brata J\u00f3zefa, ++ rodzic\u00f3w:<\/p>\n\n\n\n<p>&nbsp;&nbsp;&nbsp;&nbsp;&nbsp;&nbsp;&nbsp;&nbsp;&nbsp;&nbsp;&nbsp;&nbsp;&nbsp;&nbsp;&nbsp;&nbsp; &nbsp;Helen\u0119 i Teodora Szwec\u00f3w oraz te\u015bci\u00f3w:\nStanis\u0142awa i El\u017cbiet\u0119 Kotowskich<\/p>\n\n\n\n<p><strong><em>30.05.\n\u2013 NIEDZIELA&nbsp; <\/em><\/strong><\/p>\n\n\n\n<p><strong>&nbsp; 8.oo \u2013 1) <\/strong>++ Wand\u0119 i Stanis\u0142awa \u017belazk\u00f3w oraz ++ dziadk\u00f3w i dusze w czy\u015b\u0107cu\ncierpi\u0105ce \u2013 modli <\/p>\n\n\n\n<p>&nbsp;&nbsp;&nbsp;&nbsp;&nbsp;&nbsp;&nbsp;&nbsp;&nbsp;&nbsp;&nbsp;&nbsp;&nbsp;&nbsp;&nbsp;&nbsp;&nbsp; si\u0119 rodzina\n<\/p>\n\n\n\n<p><strong>&nbsp;&nbsp;&nbsp;&nbsp;&nbsp;&nbsp;&nbsp;&nbsp;&nbsp;&nbsp;&nbsp; &nbsp;\n2)<\/strong> + Teres\u0119 Ma\u0142eck\u0105 \u2013 gregorianka 29<\/p>\n\n\n\n<p><strong>&nbsp; 9.3o \u2013 <\/strong>&nbsp;+ Katarzyn\u0119 Koszty\u0142\u0119 w 6 rocz. \u015bm. oraz ++ jej\nrodzic\u00f3w: Piotra i Magdalen\u0119 Bogacz\u00f3w<\/p>\n\n\n\n<p>&nbsp;&nbsp;&nbsp;&nbsp;&nbsp;&nbsp;&nbsp;&nbsp;&nbsp; &nbsp;&nbsp;&nbsp;&nbsp;&nbsp;\u2013\nmodli si\u0119 m\u0105\u017c z rodzin\u0105 <\/p>\n\n\n\n<p><strong>11.oo\n\u2013 1) <\/strong>++ te\u015bci\u00f3w: Stanis\u0142aw\u0119 i\nJ\u00f3zefa Zych\u00f3w oraz szwagierki: Danut\u0119 i Krystyn\u0119 \u2013 modli si\u0119<\/p>\n\n\n\n<p>&nbsp;&nbsp;&nbsp;&nbsp;&nbsp;&nbsp;&nbsp;&nbsp;&nbsp;&nbsp; &nbsp;&nbsp;&nbsp;&nbsp;&nbsp;&nbsp;&nbsp;Henia z rodzin\u0105<\/p>\n\n\n\n<p><strong>&nbsp;&nbsp;&nbsp;&nbsp;&nbsp;&nbsp;&nbsp;&nbsp;&nbsp;&nbsp;&nbsp; &nbsp;\n2) <\/strong>+ Genowef\u0119 Kozak w rocz.\n\u015bm., ++ z rodziny Kozak\u00f3w i Stank\u00f3w oraz + Mieczys\u0142awa <\/p>\n\n\n\n<p>&nbsp;&nbsp;&nbsp;&nbsp;&nbsp;&nbsp;&nbsp;&nbsp;&nbsp;&nbsp;&nbsp;&nbsp;&nbsp;&nbsp;&nbsp;&nbsp; &nbsp;Rutkowskiego <\/p>\n\n\n\n<p><strong>12.3o\n\u2013 1) <\/strong>++ El\u017cbiet\u0119, W\u0142adys\u0142awa i\nZdzis\u0142awa \u2013 modli si\u0119 rodzina<\/p>\n\n\n\n<p><strong>&nbsp;&nbsp;&nbsp;&nbsp;&nbsp;&nbsp;&nbsp;&nbsp;&nbsp;&nbsp;&nbsp; &nbsp;\n2)<\/strong> w 9 rocz.\nurodzin Pawe\u0142ka, za jego rodzic\u00f3w: Agnieszk\u0119 i Huberta oraz chrzestnego<\/p>\n\n\n\n<p>&nbsp;&nbsp;&nbsp;&nbsp;&nbsp;&nbsp;&nbsp;&nbsp;&nbsp;&nbsp;&nbsp;&nbsp;&nbsp;&nbsp;&nbsp;&nbsp; &nbsp;Przemys\u0142awa dzi\u0119kczynna z pro\u015bb\u0105 o zdrowie, Bo\u017ce\nb\u0142ogos\u0142awie\u0144stwo, dary Ducha <\/p>\n\n\n\n<p>&nbsp;&nbsp;&nbsp;&nbsp;&nbsp;&nbsp;&nbsp;&nbsp;&nbsp;&nbsp;&nbsp;&nbsp;&nbsp;&nbsp;&nbsp;&nbsp;&nbsp; \u015awi\u0119tego, opiek\u0119\nNMP \u2013 modl\u0105 si\u0119 rodzice i dziadkowie<\/p>\n\n\n\n<p><strong><em>chrzest\npo Mszy: Nela Kulak<\/em><\/strong><\/p>\n\n\n\n<p><strong>18.oo\n\u2013 <\/strong>+ Adel\u0119 Olejarnik &#8211; 30 dzie\u0144 od pogrzebu\n\u2013 intencja od uczestnik\u00f3w Mszy pogrzebowej<\/p>\n","protected":false},"excerpt":{"rendered":"<p>Sk\u0142adaj\u0105c Ofiar\u0119, kt\u00f3ra nam przypomina niezmierzon\u0105 mi\u0142o\u015b\u0107 Twojego Syna, pokornie prosimy Ci\u0119, Bo\u017ce, przyjmij intencje Twoich wiernych i spraw przez dzia\u0142anie Eucharystii, aby w naszych rodzinach wzrasta\u0142a prawdziwa wiara, \u015bwi\u0119to\u015b\u0107 \u017cycia, braterska mi\u0142o\u015b\u0107 i duch modlitwy. Niech Matka Naj\u015bwi\u0119tsza wyprosi \u0142aski, o kt\u00f3re modlili\u015bmy si\u0119 w tej Mszy \u015bw. dla&#8230; <a class=\"continue-reading-link\" href=\"http:\/\/parafia.scinawa.info\/index.php\/2021\/05\/22\/intencje-mszalne-23-05-30-05-2021\/\">Czytaj dalej <span class=\"meta-nav\">&rarr; <\/span><\/a><\/p>\n","protected":false},"author":2,"featured_media":0,"comment_status":"closed","ping_status":"closed","sticky":false,"template":"","format":"standard","meta":{"footnotes":""},"categories":[39],"tags":[],"class_list":["post-1728","post","type-post","status-publish","format-standard","hentry","category-intencje"],"_links":{"self":[{"href":"http:\/\/parafia.scinawa.info\/index.php\/wp-json\/wp\/v2\/posts\/1728","targetHints":{"allow":["GET"]}}],"collection":[{"href":"http:\/\/parafia.scinawa.info\/index.php\/wp-json\/wp\/v2\/posts"}],"about":[{"href":"http:\/\/parafia.scinawa.info\/index.php\/wp-json\/wp\/v2\/types\/post"}],"author":[{"embeddable":true,"href":"http:\/\/parafia.scinawa.info\/index.php\/wp-json\/wp\/v2\/users\/2"}],"replies":[{"embeddable":true,"href":"http:\/\/parafia.scinawa.info\/index.php\/wp-json\/wp\/v2\/comments?post=1728"}],"version-history":[{"count":1,"href":"http:\/\/parafia.scinawa.info\/index.php\/wp-json\/wp\/v2\/posts\/1728\/revisions"}],"predecessor-version":[{"id":1729,"href":"http:\/\/parafia.scinawa.info\/index.php\/wp-json\/wp\/v2\/posts\/1728\/revisions\/1729"}],"wp:attachment":[{"href":"http:\/\/parafia.scinawa.info\/index.php\/wp-json\/wp\/v2\/media?parent=1728"}],"wp:term":[{"taxonomy":"category","embeddable":true,"href":"http:\/\/parafia.scinawa.info\/index.php\/wp-json\/wp\/v2\/categories?post=1728"},{"taxonomy":"post_tag","embeddable":true,"href":"http:\/\/parafia.scinawa.info\/index.php\/wp-json\/wp\/v2\/tags?post=1728"}],"curies":[{"name":"wp","href":"https:\/\/api.w.org\/{rel}","templated":true}]}}