{"id":1730,"date":"2021-05-22T12:26:53","date_gmt":"2021-05-22T10:26:53","guid":{"rendered":"http:\/\/parafia.scinawa.info\/?p=1730"},"modified":"2021-05-22T12:26:53","modified_gmt":"2021-05-22T10:26:53","slug":"ogloszenia-duszpasterskie-uroczystosc-zeslania-ducha-swietego-23-05-2021","status":"publish","type":"post","link":"http:\/\/parafia.scinawa.info\/index.php\/2021\/05\/22\/ogloszenia-duszpasterskie-uroczystosc-zeslania-ducha-swietego-23-05-2021\/","title":{"rendered":"Og\u0142oszenia duszpasterskie Uroczysto\u015b\u0107 Zes\u0142ania Ducha \u015awi\u0119tego \u2013 23.05. 2021"},"content":{"rendered":"\n<p><strong>1.<\/strong>\nDzi\u015b prze\u017cywamy <strong><em>Uroczysto\u015b\u0107 Zes\u0142ania Ducha \u015awi\u0119tego<\/em><\/strong><strong>.<\/strong><strong><em> <\/em><\/strong>Msze \u015bw. wed\u0142ug porz\u0105dku niedzielnego.<\/p>\n\n\n\n<p><strong>2<\/strong><strong>.<\/strong>\nMsze \u015bw. w tygodniu&nbsp; o <strong>7<sup>00<\/sup><\/strong>\ni <strong>18<sup>00<\/sup><\/strong>.<\/p>\n\n\n\n<p><strong>3<\/strong><strong>. <\/strong>Codziennie\nspowied\u017a i adoracja Naj\u015bwi\u0119tszego Sakramentu o godz. <strong>17<sup>00<\/sup>, <\/strong>a nabo\u017ce\u0144stwa\nmajowe o <strong>17<sup>30<\/sup>.<\/strong><\/p>\n\n\n\n<p><strong>4<\/strong><strong>. W poniedzia\u0142ek o&nbsp; 17<sup>30<\/sup> nabo\u017ce\u0144stwo do Bo\u017cego\nMi\u0142osierdzia. <\/strong>(Na stoliku pod ch\u00f3rem znajduj\u0105 si\u0119\nkartki, na kt\u00f3rych mo\u017cna wypisywa\u0107 pro\u015bby i podzi\u0119kowania, kt\u00f3re b\u0119dziemy poleca\u0107\nBo\u017cemu Mi\u0142osierdziu).<strong><\/strong><\/p>\n\n\n\n<p><strong>5.<\/strong><strong> <\/strong>W\n\u015brod\u0119 Nowenna do NMP Nieustaj\u0105cej Pomocy o godz. <strong>17<sup>30<\/sup><\/strong>.<\/p>\n\n\n\n<p><strong>6<\/strong><strong>. <\/strong>W tym tygodniu obchodzimy:<\/p>\n\n\n\n<p>&#8211; <strong>w poniedzia\u0142ek<\/strong> <strong>drugi\ndzie\u0144 Zielonych \u015awi\u0105t \u2013 NMP Matki Ko\u015bcio\u0142a. <\/strong><\/p>\n\n\n\n<p>&#8211;\n<strong>w \u015brod\u0119<\/strong> \u2013 wspomnienie \u015bw. Filipa\nNereusza, prezbitera<\/p>\n\n\n\n<p>&#8211;\n<strong>w czwartek<\/strong> \u2013 \u015bwi\u0119to Jezusa Chrystusa Najwy\u017cszego i\nWiecznego Kap\u0142ana<\/p>\n\n\n\n<p>&#8211;\n<strong>w sobot\u0119<\/strong> \u2013 wspomnienie \u015bw. Urszuli\nLed\u00f3chowskiej, dziewicy<\/p>\n\n\n\n<p><strong>7<\/strong><strong>. <\/strong>W przysz\u0142\u0105 niedziel\u0119 obchodzimy <strong>Uroczysto\u015b\u0107\nTr\u00f3jcy Przenaj\u015bwi\u0119tszej.<\/strong> Msze \u015bw. wed\u0142ug porz\u0105dku niedzielnego. <strong><em>&nbsp;<\/em><\/strong><\/p>\n\n\n\n<p><strong>8<\/strong><strong>.<\/strong>\nKancelaria czynna codziennie po Mszy \u015bw. wieczornej z wyj\u0105tkiem niedziel,\nuroczysto\u015bci i \u015bwi\u0105t.<\/p>\n\n\n\n<p><strong>9<\/strong><strong>.<\/strong>\nDo nabycia jest prasa katolicka: Niedziela, Go\u015b\u0107 Niedzielny, Ma\u0142y Go\u015b\u0107\nNiedzielny i R\u00f3\u017caniec. <\/p>\n\n\n\n<p><strong>10<\/strong><strong>.<\/strong>\nDzi\u0119kuj\u0119 wszystkim, kt\u00f3rzy w tym tygodniu sprz\u0105tali \u015bwi\u0105tyni\u0119 i przygotowali j\u0105\nna nasze spotkanie eucharystyczne.<\/p>\n\n\n\n<p><strong>11<\/strong><strong>.<\/strong>\nSerdeczne B\u00f3g zap\u0142a\u0107 za ofiary sk\u0142adane na remonty w naszej parafii. <\/p>\n\n\n\n<p><strong>12<\/strong><strong>.<\/strong>\nIntencje mszalne, kalendarze parafialne.<em>\u017byczymy mi\u0142ego tygodnia i obfitych \u0142ask Bo\u017cych.<\/em><\/p>\n","protected":false},"excerpt":{"rendered":"<p>1. Dzi\u015b prze\u017cywamy Uroczysto\u015b\u0107 Zes\u0142ania Ducha \u015awi\u0119tego. Msze \u015bw. wed\u0142ug porz\u0105dku niedzielnego. 2. Msze \u015bw. w tygodniu&nbsp; o 700 i 1800. 3. Codziennie spowied\u017a i adoracja Naj\u015bwi\u0119tszego Sakramentu o godz. 1700, a nabo\u017ce\u0144stwa majowe o 1730. 4. W poniedzia\u0142ek o&nbsp; 1730 nabo\u017ce\u0144stwo do Bo\u017cego Mi\u0142osierdzia. (Na stoliku pod ch\u00f3rem znajduj\u0105&#8230; <a class=\"continue-reading-link\" href=\"http:\/\/parafia.scinawa.info\/index.php\/2021\/05\/22\/ogloszenia-duszpasterskie-uroczystosc-zeslania-ducha-swietego-23-05-2021\/\">Czytaj dalej <span class=\"meta-nav\">&rarr; <\/span><\/a><\/p>\n","protected":false},"author":2,"featured_media":0,"comment_status":"closed","ping_status":"closed","sticky":false,"template":"","format":"standard","meta":{"footnotes":""},"categories":[40],"tags":[],"class_list":["post-1730","post","type-post","status-publish","format-standard","hentry","category-ogloszenia-duszpasterskie"],"_links":{"self":[{"href":"http:\/\/parafia.scinawa.info\/index.php\/wp-json\/wp\/v2\/posts\/1730","targetHints":{"allow":["GET"]}}],"collection":[{"href":"http:\/\/parafia.scinawa.info\/index.php\/wp-json\/wp\/v2\/posts"}],"about":[{"href":"http:\/\/parafia.scinawa.info\/index.php\/wp-json\/wp\/v2\/types\/post"}],"author":[{"embeddable":true,"href":"http:\/\/parafia.scinawa.info\/index.php\/wp-json\/wp\/v2\/users\/2"}],"replies":[{"embeddable":true,"href":"http:\/\/parafia.scinawa.info\/index.php\/wp-json\/wp\/v2\/comments?post=1730"}],"version-history":[{"count":1,"href":"http:\/\/parafia.scinawa.info\/index.php\/wp-json\/wp\/v2\/posts\/1730\/revisions"}],"predecessor-version":[{"id":1731,"href":"http:\/\/parafia.scinawa.info\/index.php\/wp-json\/wp\/v2\/posts\/1730\/revisions\/1731"}],"wp:attachment":[{"href":"http:\/\/parafia.scinawa.info\/index.php\/wp-json\/wp\/v2\/media?parent=1730"}],"wp:term":[{"taxonomy":"category","embeddable":true,"href":"http:\/\/parafia.scinawa.info\/index.php\/wp-json\/wp\/v2\/categories?post=1730"},{"taxonomy":"post_tag","embeddable":true,"href":"http:\/\/parafia.scinawa.info\/index.php\/wp-json\/wp\/v2\/tags?post=1730"}],"curies":[{"name":"wp","href":"https:\/\/api.w.org\/{rel}","templated":true}]}}