{"id":1735,"date":"2021-05-29T12:29:35","date_gmt":"2021-05-29T10:29:35","guid":{"rendered":"http:\/\/parafia.scinawa.info\/?p=1735"},"modified":"2021-05-29T12:29:35","modified_gmt":"2021-05-29T10:29:35","slug":"ogloszenia-duszpasterskie-uroczystosc-trojcy-przenajswietszej-30-05-2021","status":"publish","type":"post","link":"http:\/\/parafia.scinawa.info\/index.php\/2021\/05\/29\/ogloszenia-duszpasterskie-uroczystosc-trojcy-przenajswietszej-30-05-2021\/","title":{"rendered":"Og\u0142oszenia duszpasterskie Uroczysto\u015b\u0107 Tr\u00f3jcy Przenaj\u015bwi\u0119tszej \u2013 30.05. 2021"},"content":{"rendered":"\n<p><strong>1.<\/strong>\nDzi\u015b prze\u017cywamy <a><strong>Uroczysto\u015b\u0107 Tr\u00f3jcy Przenaj\u015bwi\u0119tszej<\/strong><\/a><strong>.<\/strong><strong><em> <\/em><\/strong>Msze \u015bw. wed\u0142ug porz\u0105dku\nniedzielnego.<\/p>\n\n\n\n<p><strong>2<\/strong><strong>.<\/strong>\nMsze \u015bw. w tygodniu&nbsp; o <strong>7<sup>00<\/sup><\/strong>\ni <strong>18<sup>00<\/sup><\/strong>.<\/p>\n\n\n\n<p><strong>3<\/strong><strong>. <\/strong>Codziennie\nspowied\u017a i adoracja Naj\u015bwi\u0119tszego Sakramentu o godz. <strong>17<sup>00<\/sup>, <\/strong>a nabo\u017ce\u0144stwa\nmajowe o <strong>17<sup>30<\/sup>, <\/strong>a od wtorku nabo\u017ce\u0144stwa czerwcowe o<strong> 17<sup>30<\/sup>. <\/strong><\/p>\n\n\n\n<p><strong>4<\/strong><strong>. W poniedzia\u0142ek o&nbsp; 17<sup>30<\/sup> nabo\u017ce\u0144stwo do Bo\u017cego\nMi\u0142osierdzia. <\/strong>(Na stoliku pod ch\u00f3rem znajduj\u0105 si\u0119\nkartki, na kt\u00f3rych mo\u017cna wypisywa\u0107 pro\u015bby i podzi\u0119kowania, kt\u00f3re b\u0119dziemy poleca\u0107\nBo\u017cemu Mi\u0142osierdziu).<strong><\/strong><\/p>\n\n\n\n<p><strong>5.<\/strong><strong> <\/strong>W\n\u015brod\u0119 Nowenna do NMP Nieustaj\u0105cej Pomocy o godz. <strong>17<sup>30<\/sup><\/strong>.<\/p>\n\n\n\n<p><strong>6<\/strong><strong>. <\/strong>W tym tygodniu obchodzimy:<\/p>\n\n\n\n<p>&#8211;\n<strong>w poniedzia\u0142ek <\/strong>\u2013\u015bwi\u0119to Nawiedzenia NMP<\/p>\n\n\n\n<p>&#8211; <strong>we\nwtorek<\/strong> \u2013 wspomnienie\n\u015bw. Justyna, m\u0119czennika<\/p>\n\n\n\n<p>&#8211;\n<strong>w \u015brod\u0119<\/strong> \u2013 wspomnienie Matki Bo\u017cej \u0141askawej<\/p>\n\n\n\n<p>&#8211;\n<strong>w czwartek<\/strong> \u2013 <strong>Uroczysto\u015b\u0107\nNaj\u015bwi\u0119tszego Cia\u0142a i Krwi Chrystusa \u2013 Bo\u017ce Cia\u0142o<\/strong>. Porz\u0105dek Mszy \u015bw.: <strong>8<sup>00<\/sup><\/strong><strong> \u2013 w R\u0119sz\u00f3w, w \u015acinawie<\/strong> o <strong>8<sup>00<\/sup><\/strong>,\n<strong>9<sup>30<\/sup><\/strong> \u2013 Uroczysta Msza \u015bw. z procesj\u0105 do czterech o\u0142tarzy.\nTrasa procesji jak w latach minionych (<strong><em>tylko pocz\u0105tek \u2013 ul. Zgody,\nRobotnicza w prawo, Rynek i Mickiewicza do Stra\u017cy Po\u017carnej, a dalej jak zawsze<\/em><\/strong>).\nWieczorna Msza \u015bw. o <strong>18<sup>00<\/sup>.<\/strong><\/p>\n\n\n\n<p>&#8211;\n<strong>w sobot\u0119<\/strong> \u2013 wspomnienie \u015bw. Bonifacego,\nbiskupa i m\u0119czennika<\/p>\n\n\n\n<p><strong>7<\/strong><strong>.<\/strong>\nZapraszam do udzia\u0142u w procesji dzieci Pierwszokomunijne i Rocznicowe w\nstrojach komunijnych oraz dzieci do sypania kwiat\u00f3w. Zapraszamy do udzia\u0142u\nwszystkich Parafian i go\u015bci oraz do pomocy: m\u0142odzie\u017c, stra\u017cak\u00f3w, g\u00f3rnik\u00f3w i\nwszystkich ch\u0119tnych, oczywi\u015bcie z zachowaniem ustale\u0144 sanitarnych.<\/p>\n\n\n\n<p><strong>8.<\/strong>\nW tym tygodniu obchodzimy I czwartek i I pi\u0105tek miesi\u0105ca i I sobot\u0119 miesi\u0105ca <\/p>\n\n\n\n<p><strong>9<\/strong><strong>.<\/strong>\n<strong><em>Odwiedziny\nchorych w I pi\u0105tek miesi\u0105ca od godz. 8.30.<\/em><\/strong><\/p>\n\n\n\n<p><strong>10.<\/strong>\nW I sobot\u0119 miesi\u0105ca o godz. <strong>17<sup>00<\/sup><\/strong>\n<strong><em>nabo\u017ce\u0144stwo\nfatimskie po\u0142\u0105czone z czerwcowym<\/em><\/strong>.<strong><\/strong><\/p>\n\n\n\n<p><strong>11<\/strong><strong>. <\/strong>W przysz\u0142\u0105 niedziel\u0119 obchodzimy <strong>10 Niedziel\u0119 zwyk\u0142\u0105.<\/strong> Msze \u015bw. wed\u0142ug porz\u0105dku niedzielnego. Zmiana tajemnic\n\u017bywego R\u00f3\u017ca\u0144ca o <strong>10<sup>30<\/sup>.<\/strong> <strong><em>&nbsp;<\/em><\/strong><\/p>\n\n\n\n<p><strong>12<\/strong><strong>.<\/strong>\nKancelaria czynna codziennie po Mszy \u015bw. wieczornej z wyj\u0105tkiem niedziel,\nuroczysto\u015bci i \u015bwi\u0105t.<\/p>\n\n\n\n<p><strong>13<\/strong><strong>.<\/strong>\nDo nabycia jest prasa katolicka: Niedziela, Go\u015b\u0107 Niedzielny, Ma\u0142y Go\u015b\u0107 Niedzielny\ni R\u00f3\u017caniec. <\/p>\n\n\n\n<p><strong>14<\/strong><strong>.<\/strong>\nDzi\u0119kuj\u0119 wszystkim, kt\u00f3rzy w tym tygodniu sprz\u0105tali \u015bwi\u0105tyni\u0119 i przygotowali j\u0105\nna nasze spotkanie eucharystyczne.<\/p>\n\n\n\n<p><strong>15<\/strong><strong>.<\/strong>\nSerdeczne B\u00f3g zap\u0142a\u0107 za ofiary sk\u0142adane na remonty w naszej parafii. <\/p>\n\n\n\n<p><strong>16<\/strong><strong>.<\/strong>\nIntencje mszalne, kalendarze parafialne.<\/p>\n\n\n\n<p><em>\u017byczymy mi\u0142ego\ntygodnia i obfitych \u0142ask Bo\u017cych.<\/em><\/p>\n","protected":false},"excerpt":{"rendered":"<p>1. Dzi\u015b prze\u017cywamy Uroczysto\u015b\u0107 Tr\u00f3jcy Przenaj\u015bwi\u0119tszej. Msze \u015bw. wed\u0142ug porz\u0105dku niedzielnego. 2. Msze \u015bw. w tygodniu&nbsp; o 700 i 1800. 3. Codziennie spowied\u017a i adoracja Naj\u015bwi\u0119tszego Sakramentu o godz. 1700, a nabo\u017ce\u0144stwa majowe o 1730, a od wtorku nabo\u017ce\u0144stwa czerwcowe o 1730. 4. W poniedzia\u0142ek o&nbsp; 1730 nabo\u017ce\u0144stwo do Bo\u017cego&#8230; <a class=\"continue-reading-link\" href=\"http:\/\/parafia.scinawa.info\/index.php\/2021\/05\/29\/ogloszenia-duszpasterskie-uroczystosc-trojcy-przenajswietszej-30-05-2021\/\">Czytaj dalej <span class=\"meta-nav\">&rarr; <\/span><\/a><\/p>\n","protected":false},"author":2,"featured_media":0,"comment_status":"closed","ping_status":"closed","sticky":false,"template":"","format":"standard","meta":{"footnotes":""},"categories":[40],"tags":[],"class_list":["post-1735","post","type-post","status-publish","format-standard","hentry","category-ogloszenia-duszpasterskie"],"_links":{"self":[{"href":"http:\/\/parafia.scinawa.info\/index.php\/wp-json\/wp\/v2\/posts\/1735","targetHints":{"allow":["GET"]}}],"collection":[{"href":"http:\/\/parafia.scinawa.info\/index.php\/wp-json\/wp\/v2\/posts"}],"about":[{"href":"http:\/\/parafia.scinawa.info\/index.php\/wp-json\/wp\/v2\/types\/post"}],"author":[{"embeddable":true,"href":"http:\/\/parafia.scinawa.info\/index.php\/wp-json\/wp\/v2\/users\/2"}],"replies":[{"embeddable":true,"href":"http:\/\/parafia.scinawa.info\/index.php\/wp-json\/wp\/v2\/comments?post=1735"}],"version-history":[{"count":1,"href":"http:\/\/parafia.scinawa.info\/index.php\/wp-json\/wp\/v2\/posts\/1735\/revisions"}],"predecessor-version":[{"id":1736,"href":"http:\/\/parafia.scinawa.info\/index.php\/wp-json\/wp\/v2\/posts\/1735\/revisions\/1736"}],"wp:attachment":[{"href":"http:\/\/parafia.scinawa.info\/index.php\/wp-json\/wp\/v2\/media?parent=1735"}],"wp:term":[{"taxonomy":"category","embeddable":true,"href":"http:\/\/parafia.scinawa.info\/index.php\/wp-json\/wp\/v2\/categories?post=1735"},{"taxonomy":"post_tag","embeddable":true,"href":"http:\/\/parafia.scinawa.info\/index.php\/wp-json\/wp\/v2\/tags?post=1735"}],"curies":[{"name":"wp","href":"https:\/\/api.w.org\/{rel}","templated":true}]}}