{"id":1740,"date":"2021-06-05T13:29:32","date_gmt":"2021-06-05T11:29:32","guid":{"rendered":"http:\/\/parafia.scinawa.info\/?p=1740"},"modified":"2021-06-05T13:29:32","modified_gmt":"2021-06-05T11:29:32","slug":"ogloszenia-duszpasterskie-10-niedziela-zwykla-06-06-2021","status":"publish","type":"post","link":"http:\/\/parafia.scinawa.info\/index.php\/2021\/06\/05\/ogloszenia-duszpasterskie-10-niedziela-zwykla-06-06-2021\/","title":{"rendered":"Og\u0142oszenia duszpasterskie  10 Niedziela zwyk\u0142a \u2013 06.06. 2021"},"content":{"rendered":"\n<p><strong>1.<\/strong>\nDzi\u015b prze\u017cywamy <strong>10 Niedziel\u0119 zwyk\u0142\u0105.<\/strong> Msze \u015bw. wed\u0142ug\nporz\u0105dku niedzielnego. Zmiana tajemnic \u017bywego R\u00f3\u017ca\u0144ca o <strong>10<sup>30<\/sup>.<\/strong><\/p>\n\n\n\n<p><strong>2<\/strong><strong>.<\/strong>\nMsze \u015bw. w tygodniu&nbsp; o <strong>7<sup>00<\/sup><\/strong>\ni <strong>18<sup>00<\/sup><\/strong>.&nbsp; <\/p>\n\n\n\n<p><strong>3<\/strong><strong>. <\/strong>Codziennie\nspowied\u017a i adoracja Naj\u015bwi\u0119tszego Sakramentu o godz. <strong>17<sup>00<\/sup>.<\/strong><\/p>\n\n\n\n<p><strong>4<\/strong><strong>. <\/strong>Codziennie\nnabo\u017ce\u0144stwa czerwcowe o <strong>17<sup>30<\/sup><\/strong>.<strong><\/strong><\/p>\n\n\n\n<p><strong>5.<\/strong><strong>\n<\/strong><strong>W poniedzia\u0142ek\no&nbsp; 17<sup>30<\/sup> nabo\u017ce\u0144stwo do Bo\u017cego\nMi\u0142osierdzia. <\/strong>(Na stoliku pod ch\u00f3rem znajduj\u0105 si\u0119\nkartki, na kt\u00f3rych mo\u017cna wypisywa\u0107 pro\u015bby i podzi\u0119kowania, kt\u00f3re b\u0119dziemy\npoleca\u0107 Bo\u017cemu Mi\u0142osierdziu).<\/p>\n\n\n\n<p><strong>6.<\/strong><strong> <\/strong>W\n\u015brod\u0119 Nowenna do NMP Nieustaj\u0105cej Pomocyo godz. <strong>17<sup>30<\/sup><\/strong><\/p>\n\n\n\n<p><strong>7.<\/strong><strong> <\/strong>W\ntym tygodniu obchodzimy:<\/p>\n\n\n\n<p>&#8211; <strong>we wtorek <\/strong>\u2013 wspomnienie \u015bw. Jadwigi Kr\u00f3lowej<\/p>\n\n\n\n<p>&#8211;\n<strong>w pi\u0105tek<\/strong> \u2013 uroczysto\u015b\u0107 NSP Jezusa. <\/p>\n\n\n\n<p>&#8211;\n<strong>w sobot\u0119<\/strong> \u2013 wspomnienie Niepokalanego\nSerca NMP<\/p>\n\n\n\n<p><strong>8<\/strong><strong>.<\/strong>\nOktawa Bo\u017cego Cia\u0142a do czwartku 7 czerwca. Zapraszam dzieci do sypania kwiat\u00f3w,\nm\u0142odzie\u017c i starszych do uczestnictwa codziennie w procesji wok\u00f3\u0142 ko\u015bcio\u0142a. Na\nzako\u0144czenie oktawy w czwartek po\u015bwi\u0119cenie wiank\u00f3w.<\/p>\n\n\n\n<p><strong>9<\/strong><strong>. <\/strong>W przysz\u0142\u0105 niedziel\u0119\nb\u0119dziemy prze\u017cywa\u0107 <strong>11 Niedziel\u0119 zwyk\u0142\u0105<\/strong>. Msze \u015bw. wg porz\u0105dku\nniedzielnego.\n<\/p>\n\n\n\n<p><strong>10<\/strong><strong>.<\/strong>\nKancelaria czynna codziennie po Mszy \u015bw. wieczornej z wyj\u0105tkiem niedziel i\n\u015bwi\u0105t.<\/p>\n\n\n\n<p><strong>11<\/strong><strong>.<\/strong>\nDo nabycia jest prasa katolicka: Niedziela, Go\u015b\u0107 Niedzielny i R\u00f3\u017caniec. <\/p>\n\n\n\n<p><strong>12<\/strong><strong>.<\/strong>\nDzi\u0119kuj\u0119 wszystkim, kt\u00f3rzy w tym tygodniu sprz\u0105tali \u015bwi\u0105tyni\u0119 i przygotowali j\u0105\nna nasze spotkanie eucharystyczne.<\/p>\n\n\n\n<p><strong>13<\/strong><strong>.<\/strong>\nSerdeczne B\u00f3g zap\u0142a\u0107 za ofiary sk\u0142adane na remonty w naszej parafii. <\/p>\n\n\n\n<p><strong>14.<\/strong>\nWe <strong><em>wtorek<\/em><\/strong> o godz.<strong> 19<sup>00<\/sup>\n<\/strong>spotkanie salce klasy <strong>8a i 8b<\/strong>, a &nbsp;w <strong><em>czwartek<\/em><\/strong> o godz. <strong>19<sup>00<\/sup> <\/strong>spotkanie salce klasy <strong>8c\ni &nbsp;8d. <em>Na spotkanie przynosimy ksi\u0105\u017ceczki\nz podpisami!!!<\/em><\/strong><\/p>\n\n\n\n<p><strong>15<\/strong><strong>.<\/strong>\nIntencje mszalne, kalendarze parafialne, obrazki<\/p>\n\n\n\n<p><em>\u017byczymy mi\u0142ego\ntygodnia i obfitych \u0142ask Bo\u017cych.<\/em><\/p>\n","protected":false},"excerpt":{"rendered":"<p>1. Dzi\u015b prze\u017cywamy 10 Niedziel\u0119 zwyk\u0142\u0105. Msze \u015bw. wed\u0142ug porz\u0105dku niedzielnego. Zmiana tajemnic \u017bywego R\u00f3\u017ca\u0144ca o 1030. 2. Msze \u015bw. w tygodniu&nbsp; o 700 i 1800.&nbsp; 3. Codziennie spowied\u017a i adoracja Naj\u015bwi\u0119tszego Sakramentu o godz. 1700. 4. Codziennie nabo\u017ce\u0144stwa czerwcowe o 1730. 5. W poniedzia\u0142ek o&nbsp; 1730 nabo\u017ce\u0144stwo do Bo\u017cego&#8230; <a class=\"continue-reading-link\" href=\"http:\/\/parafia.scinawa.info\/index.php\/2021\/06\/05\/ogloszenia-duszpasterskie-10-niedziela-zwykla-06-06-2021\/\">Czytaj dalej <span class=\"meta-nav\">&rarr; <\/span><\/a><\/p>\n","protected":false},"author":2,"featured_media":0,"comment_status":"closed","ping_status":"closed","sticky":false,"template":"","format":"standard","meta":{"footnotes":""},"categories":[40],"tags":[],"class_list":["post-1740","post","type-post","status-publish","format-standard","hentry","category-ogloszenia-duszpasterskie"],"_links":{"self":[{"href":"http:\/\/parafia.scinawa.info\/index.php\/wp-json\/wp\/v2\/posts\/1740","targetHints":{"allow":["GET"]}}],"collection":[{"href":"http:\/\/parafia.scinawa.info\/index.php\/wp-json\/wp\/v2\/posts"}],"about":[{"href":"http:\/\/parafia.scinawa.info\/index.php\/wp-json\/wp\/v2\/types\/post"}],"author":[{"embeddable":true,"href":"http:\/\/parafia.scinawa.info\/index.php\/wp-json\/wp\/v2\/users\/2"}],"replies":[{"embeddable":true,"href":"http:\/\/parafia.scinawa.info\/index.php\/wp-json\/wp\/v2\/comments?post=1740"}],"version-history":[{"count":1,"href":"http:\/\/parafia.scinawa.info\/index.php\/wp-json\/wp\/v2\/posts\/1740\/revisions"}],"predecessor-version":[{"id":1741,"href":"http:\/\/parafia.scinawa.info\/index.php\/wp-json\/wp\/v2\/posts\/1740\/revisions\/1741"}],"wp:attachment":[{"href":"http:\/\/parafia.scinawa.info\/index.php\/wp-json\/wp\/v2\/media?parent=1740"}],"wp:term":[{"taxonomy":"category","embeddable":true,"href":"http:\/\/parafia.scinawa.info\/index.php\/wp-json\/wp\/v2\/categories?post=1740"},{"taxonomy":"post_tag","embeddable":true,"href":"http:\/\/parafia.scinawa.info\/index.php\/wp-json\/wp\/v2\/tags?post=1740"}],"curies":[{"name":"wp","href":"https:\/\/api.w.org\/{rel}","templated":true}]}}