{"id":1750,"date":"2021-06-19T10:14:13","date_gmt":"2021-06-19T08:14:13","guid":{"rendered":"http:\/\/parafia.scinawa.info\/?p=1750"},"modified":"2021-06-19T10:14:13","modified_gmt":"2021-06-19T08:14:13","slug":"ogloszenia-duszpasterskie-12-niedziela-zwykla-20-06-2021","status":"publish","type":"post","link":"http:\/\/parafia.scinawa.info\/index.php\/2021\/06\/19\/ogloszenia-duszpasterskie-12-niedziela-zwykla-20-06-2021\/","title":{"rendered":"Og\u0142oszenia duszpasterskie  12 Niedziela zwyk\u0142a \u2013 20.06. 2021"},"content":{"rendered":"\n<p><strong>1.<\/strong>\nDzi\u015b prze\u017cywamy <strong>12 Niedziel\u0119 zwyk\u0142\u0105.<\/strong> Msze \u015bw. wed\u0142ug porz\u0105dku\nniedzielnego. <\/p>\n\n\n\n<p><strong>2<\/strong><strong>.<\/strong> Msze \u015bw. w\ntygodniu&nbsp; o <strong>7<sup>00<\/sup><\/strong> i <strong>18<sup>00<\/sup><\/strong>.&nbsp; <\/p>\n\n\n\n<p><strong>3<\/strong><strong>. <\/strong>Codziennie\nspowied\u017a i adoracja Naj\u015bwi\u0119tszego Sakramentu o godz. <strong>17<sup>00<\/sup>, <\/strong>&nbsp;nabo\u017ce\u0144stwa <\/p>\n\n\n\n<p>&nbsp;&nbsp;&nbsp;&nbsp; czerwcowe o <strong>17<sup>30<\/sup><\/strong>.<strong> <\/strong><\/p>\n\n\n\n<p><strong>4.<\/strong><strong>\n<\/strong><strong>W poniedzia\u0142ek o&nbsp; 17<sup>30<\/sup> nabo\u017ce\u0144stwo do Bo\u017cego\nMi\u0142osierdzia. <\/strong>(Na stoliku pod ch\u00f3rem znajduj\u0105 <\/p>\n\n\n\n<p>&nbsp;&nbsp;&nbsp;&nbsp;&nbsp; si\u0119 kartki, na kt\u00f3rych mo\u017cna wypisywa\u0107\npro\u015bby i podzi\u0119kowania, kt\u00f3re b\u0119dziemy poleca\u0107 Bo\u017cemu Mi\u0142osierdziu).<\/p>\n\n\n\n<p><strong>5.<\/strong><strong> <\/strong>W \u015brod\u0119 Nowenna\ndo NMP Nieustaj\u0105cej Pomocyo godz. <strong>17<sup>30<\/sup><\/strong><\/p>\n\n\n\n<p><strong>6.<\/strong><strong> <\/strong>W tym tygodniu\nobchodzimy:<\/p>\n\n\n\n<p>&#8211;\n<strong>w poniedzia\u0142ek<\/strong>\u2013 wspomnienie \u015bw.\nAlojzego Gonzagi, zakonnika<\/p>\n\n\n\n<p>&#8211; <strong>w czwartek<\/strong>\n\u2013 uroczysto\u015b\u0107 Narodzenia \u015bw. Jana Chrzciciela<\/p>\n\n\n\n<p><strong>7<\/strong><strong>. <\/strong><strong><em>W pi\u0105tek zako\u0144czenie\nroku szkolnego<\/em><\/strong>. Msza na zako\u0144czenie roku\nszkolnego w intencji <\/p>\n\n\n\n<p>&nbsp;&nbsp;&nbsp; dzieci, m\u0142odzie\u017cy nauczycieli, wychowawc\u00f3w\ni katechet\u00f3w o godz. <strong>18<sup>00<\/sup><\/strong> w naszym ko\u015bciele<\/p>\n\n\n\n<p>&nbsp;&nbsp;&nbsp;&nbsp; &nbsp;parafialnym.<\/p>\n\n\n\n<p><strong>8<\/strong><strong>. <\/strong>W przysz\u0142\u0105 niedziel\u0119\nb\u0119dziemy prze\u017cywa\u0107 <strong>13 Niedziel\u0119 zwyk\u0142\u0105<\/strong>. Msze \u015bw. wg porz\u0105dku<\/p>\n\n\n\n<p>&nbsp;&nbsp;&nbsp; &nbsp;niedzielnego. <\/p>\n\n\n\n<p><strong>9<\/strong><strong>.<\/strong> Kancelaria\nczynna codziennie po Mszy \u015bw. wieczornej z wyj\u0105tkiem niedziel, uroczysto\u015bci <\/p>\n\n\n\n<p>&nbsp;&nbsp;&nbsp; i \u015bwi\u0105t.<\/p>\n\n\n\n<p><strong>10<\/strong><strong>.<\/strong> Do nabycia jest\nprasa katolicka: Niedziela, Go\u015b\u0107 Niedzielny i R\u00f3\u017caniec. <\/p>\n\n\n\n<p><strong>12<\/strong><strong>.<\/strong> Dzi\u0119kuj\u0119\nwszystkim, kt\u00f3rzy w tym tygodniu sprz\u0105tali \u015bwi\u0105tyni\u0119 i przygotowali j\u0105 na nasze<\/p>\n\n\n\n<p>&nbsp;&nbsp;&nbsp;&nbsp; &nbsp;spotkanie eucharystyczne.<\/p>\n\n\n\n<p><strong>13<\/strong><strong>.<\/strong> Serdeczne B\u00f3g\nzap\u0142a\u0107 za ofiary sk\u0142adane na remonty w naszej parafii. &nbsp;&nbsp;<\/p>\n\n\n\n<p><strong>14<\/strong><strong>.<\/strong> Intencje\nmszalne, kalendarze parafialne, obrazki<\/p>\n\n\n\n<p><strong>15<\/strong><strong>. <\/strong>We wtorek o godz. <strong>17<sup>00<\/sup>\n<\/strong>nabo\u017ce\u0144stwo\ndo <strong>\u015bw. Rity<\/strong>, a w \u015brod\u0119 o godz. <strong>17<sup>00<\/sup> <\/strong>nabo\u017ce\u0144stwo\n<\/p>\n\n\n\n<p>&nbsp;&nbsp;&nbsp;&nbsp;&nbsp; do <strong>\u015bw. Ojca Pio.<\/strong><\/p>\n\n\n\n<p><em>\u017byczymy mi\u0142ego\ntygodnia i obfitych \u0142ask Bo\u017cych.<\/em><\/p>\n","protected":false},"excerpt":{"rendered":"<p>1. Dzi\u015b prze\u017cywamy 12 Niedziel\u0119 zwyk\u0142\u0105. Msze \u015bw. wed\u0142ug porz\u0105dku niedzielnego. 2. Msze \u015bw. w tygodniu&nbsp; o 700 i 1800.&nbsp; 3. Codziennie spowied\u017a i adoracja Naj\u015bwi\u0119tszego Sakramentu o godz. 1700, &nbsp;nabo\u017ce\u0144stwa &nbsp;&nbsp;&nbsp;&nbsp; czerwcowe o 1730. 4. W poniedzia\u0142ek o&nbsp; 1730 nabo\u017ce\u0144stwo do Bo\u017cego Mi\u0142osierdzia. (Na stoliku pod ch\u00f3rem znajduj\u0105 &nbsp;&nbsp;&nbsp;&nbsp;&nbsp;&#8230; <a class=\"continue-reading-link\" href=\"http:\/\/parafia.scinawa.info\/index.php\/2021\/06\/19\/ogloszenia-duszpasterskie-12-niedziela-zwykla-20-06-2021\/\">Czytaj dalej <span class=\"meta-nav\">&rarr; <\/span><\/a><\/p>\n","protected":false},"author":2,"featured_media":0,"comment_status":"closed","ping_status":"closed","sticky":false,"template":"","format":"standard","meta":{"footnotes":""},"categories":[40],"tags":[],"class_list":["post-1750","post","type-post","status-publish","format-standard","hentry","category-ogloszenia-duszpasterskie"],"_links":{"self":[{"href":"http:\/\/parafia.scinawa.info\/index.php\/wp-json\/wp\/v2\/posts\/1750","targetHints":{"allow":["GET"]}}],"collection":[{"href":"http:\/\/parafia.scinawa.info\/index.php\/wp-json\/wp\/v2\/posts"}],"about":[{"href":"http:\/\/parafia.scinawa.info\/index.php\/wp-json\/wp\/v2\/types\/post"}],"author":[{"embeddable":true,"href":"http:\/\/parafia.scinawa.info\/index.php\/wp-json\/wp\/v2\/users\/2"}],"replies":[{"embeddable":true,"href":"http:\/\/parafia.scinawa.info\/index.php\/wp-json\/wp\/v2\/comments?post=1750"}],"version-history":[{"count":1,"href":"http:\/\/parafia.scinawa.info\/index.php\/wp-json\/wp\/v2\/posts\/1750\/revisions"}],"predecessor-version":[{"id":1751,"href":"http:\/\/parafia.scinawa.info\/index.php\/wp-json\/wp\/v2\/posts\/1750\/revisions\/1751"}],"wp:attachment":[{"href":"http:\/\/parafia.scinawa.info\/index.php\/wp-json\/wp\/v2\/media?parent=1750"}],"wp:term":[{"taxonomy":"category","embeddable":true,"href":"http:\/\/parafia.scinawa.info\/index.php\/wp-json\/wp\/v2\/categories?post=1750"},{"taxonomy":"post_tag","embeddable":true,"href":"http:\/\/parafia.scinawa.info\/index.php\/wp-json\/wp\/v2\/tags?post=1750"}],"curies":[{"name":"wp","href":"https:\/\/api.w.org\/{rel}","templated":true}]}}