{"id":1758,"date":"2021-07-03T11:03:18","date_gmt":"2021-07-03T09:03:18","guid":{"rendered":"http:\/\/parafia.scinawa.info\/?p=1758"},"modified":"2021-07-03T11:03:18","modified_gmt":"2021-07-03T09:03:18","slug":"intencje-mszalne-04-07-11-07-2021","status":"publish","type":"post","link":"http:\/\/parafia.scinawa.info\/index.php\/2021\/07\/03\/intencje-mszalne-04-07-11-07-2021\/","title":{"rendered":"INTENCJE MSZALNE 04.07. \u2013 11.07. 2021"},"content":{"rendered":"\n<p><strong><em>Sk\u0142adaj\u0105c\nOfiar\u0119, kt\u00f3ra nam przypomina niezmierzon\u0105 mi\u0142o\u015b\u0107 Twojego Syna, pokornie prosimy\nCi\u0119, Bo\u017ce, przyjmij intencje Twoich wiernych i spraw przez dzia\u0142anie\nEucharystii, aby w naszych rodzinach wzrasta\u0142a prawdziwa wiara, \u015bwi\u0119to\u015b\u0107 \u017cycia,\nbraterska mi\u0142o\u015b\u0107 i duch modlitwy. <\/em><\/strong><strong>Niech\nMatka Naj\u015bwi\u0119tsza wyprosi \u0142aski, o kt\u00f3re modlili\u015bmy si\u0119 w tej Mszy \u015bw. dla \u2026\nZa\u015b zmar\u0142ym \u2026 za kt\u00f3rych odprawiali\u015bmy Msz\u0119 \u015bw.: wieczny odpoczynek racz im\nda\u0107 Panie (\u2026); niech odpoczywaj\u0105 w pokoju wiecznym. Amen<\/strong><\/p>\n\n\n\n<p><strong><em>04.07.\n&#8211; NIEDZIELA&nbsp; <\/em><\/strong><em><\/em><\/p>\n\n\n\n<p><strong>&nbsp; &nbsp;8.oo \u2013\n1) <\/strong>&nbsp;w 50\nrocz. \u015blubu Janiny i J\u00f3zefa Kras\u00f3w dzi\u0119kczynna z pro\u015bb\u0105 o zdrowie, Bo\u017ce <\/p>\n\n\n\n<p>&nbsp;&nbsp;&nbsp;&nbsp;&nbsp;&nbsp;&nbsp;&nbsp;&nbsp;&nbsp;&nbsp;&nbsp;&nbsp;&nbsp;&nbsp; b\u0142ogos\u0142awie\u0144stwo, dary\nDucha \u015awi\u0119tego, opiek\u0119 NMP na dalsze lata \u017cycia \u2013 modl\u0105 si\u0119<\/p>\n\n\n\n<p>&nbsp;&nbsp;&nbsp;&nbsp;&nbsp;&nbsp;&nbsp;&nbsp;&nbsp;&nbsp;&nbsp;&nbsp;&nbsp;&nbsp;&nbsp; &nbsp;dzieci, wnuki, siostry, brat i przyjaciele z\nrodzinami<\/p>\n\n\n\n<p><strong>&nbsp;&nbsp;&nbsp;&nbsp;&nbsp;&nbsp;&nbsp;&nbsp;&nbsp;&nbsp;&nbsp; &nbsp;2)<\/strong> w intencji wnuk\u00f3w:\nHelenki, Karolka, Jasia i Maurycego dzi\u0119kczynna\nz pro\u015bb\u0105 o zdrowie, <\/p>\n\n\n\n<p>&nbsp;&nbsp;&nbsp;&nbsp;&nbsp;&nbsp;&nbsp;&nbsp;&nbsp;&nbsp; &nbsp;Bo\u017ce b\u0142ogos\u0142awie\u0144stwo, dary Ducha \u015awi\u0119tego, opiek\u0119\nNMP \u2013 modl\u0105 si\u0119 dziadkowie z rodzin\u0105<\/p>\n\n\n\n<p><strong>11.oo\n\u2013 1) <\/strong>+ Krzysztofa Bogacza w 12\nrocz. \u015bm. \u2013 modl\u0105 si\u0119 rodzice<\/p>\n\n\n\n<p><strong>&nbsp;&nbsp;&nbsp;&nbsp;&nbsp;&nbsp;&nbsp;&nbsp;&nbsp;&nbsp;&nbsp; &nbsp;\n2) <\/strong>++ rodzic\u00f3w: Stefani\u0119 w 1\nrocz. \u015bm. i Franciszka w 7 rocz. \u015bm., ++ rodzic\u00f3w z obu stron<\/p>\n\n\n\n<p>&nbsp;&nbsp;&nbsp;&nbsp;&nbsp;&nbsp;&nbsp;&nbsp;&nbsp;&nbsp;&nbsp;&nbsp;&nbsp;&nbsp;&nbsp;&nbsp; &nbsp;\u2013 modli si\u0119 rodzina\n<\/p>\n\n\n\n<p><strong>12.3o\n\u2013 1) <\/strong>+ Adel\u0119 Czuczo\u0142\u0119 w 2 rocz.\n\u015bm. \u2013 modli si\u0119 rodzina<\/p>\n\n\n\n<p><strong>&nbsp;&nbsp;&nbsp;&nbsp;&nbsp;&nbsp;&nbsp;&nbsp;&nbsp;&nbsp;&nbsp; &nbsp;\n2)<\/strong> w 40 rocz.\n\u015blubu Danuty i Stanis\u0142awa Baj\u00f3w dzi\u0119kczynna z pro\u015bb\u0105 o zdrowie, Bo\u017ce <\/p>\n\n\n\n<p>&nbsp;&nbsp;&nbsp;&nbsp;&nbsp;&nbsp;&nbsp;&nbsp;&nbsp;&nbsp;&nbsp; b\u0142ogos\u0142awie\u0144stwo, dary Ducha\n\u015awi\u0119tego, opiek\u0119 NMP na dalsze lata \u017cycia \u2013 modli si\u0119 rodzina<\/p>\n\n\n\n<p><strong>18.oo\n\u2013<\/strong> ++ Mariusza i Witolda w 32 rocz. \u015bm. oraz\nMagdalen\u0119, Korneliusza, Katarzyn\u0119, Feliks\u0119, <\/p>\n\n\n\n<p>&nbsp;&nbsp;&nbsp;&nbsp;&nbsp;&nbsp;&nbsp;&nbsp;&nbsp;&nbsp;&nbsp;&nbsp;&nbsp; J\u00f3zefa i dusze w\nczy\u015b\u0107cu cierpi\u0105ce<strong>\n&nbsp;<\/strong>&nbsp;<\/p>\n\n\n\n<p><strong><em>05.07.\n\u2013 PONIEDZIA\u0141EK<\/em><\/strong><\/p>\n\n\n\n<p><strong>&nbsp; &nbsp;&nbsp;7.3o\n\u2013 <\/strong>++ rodzic\u00f3w: Franciszk\u0119 i J\u00f3zefa oraz braci:\nKazimierza i Leona \u2013 modli si\u0119 rodzina <\/p>\n\n\n\n<p><strong>18.oo\n\u2013 <\/strong>++ Michalin\u0119, Jana, Andrzeja oraz ++ bliskich z\nrodziny <\/p>\n\n\n\n<p><strong><em>06.07.\n&#8211; WTOREK<\/em><\/strong><em><\/em><\/p>\n\n\n\n<p><strong>&nbsp; 7.3o \u2013<\/strong><\/p>\n\n\n\n<p><strong>18.oo\n\u2013 <\/strong>+ te\u015bcia Bonifacego Golczyka w 22 rocz. \u015bm. oraz ++\nz rodziny Golczyk\u00f3w, Janik\u00f3w,<\/p>\n\n\n\n<p>&nbsp;&nbsp;&nbsp;&nbsp;&nbsp;&nbsp;&nbsp;&nbsp;&nbsp;&nbsp;&nbsp;&nbsp;&nbsp;&nbsp; &nbsp;Soch\u00f3w \u2013 modli si\u0119 synowa z rodzin\u0105<\/p>\n\n\n\n<p><strong><em>07.07.\n\u2013 \u015aRODA <\/em><\/strong><\/p>\n\n\n\n<p><strong>&nbsp; 7.3o \u2013 <\/strong>+ Edwarda Czerwi\u0144skiego \u2013 modli si\u0119 c\u00f3rka Teresa z rodzin\u0105<\/p>\n\n\n\n<p><strong>18.oo\n\u2013&nbsp; intencja zbiorowa nowennowa:<\/strong><\/p>\n\n\n\n<p><strong>&nbsp;1)<\/strong> ++ rodzic\u00f3w: Janin\u0119 i\nRomana W\u00f3jcik\u00f3w oraz ++ z rodziny W\u00f3jcik\u00f3w i B\u0142a\u017cejewskich \u2013 modl\u0105 si\u0119<\/p>\n\n\n\n<p>&nbsp;&nbsp;&nbsp;&nbsp; &nbsp;c\u00f3rki\nz rodzinami<\/p>\n\n\n\n<p><strong>&nbsp;2)<\/strong> + Mariana Genderk\u0119 &#8211;\n30 dzie\u0144 od pogrzebu \u2013 intencja od uczestnik\u00f3w Mszy pogrzebowej oraz<\/p>\n\n\n\n<p>&nbsp;&nbsp;&nbsp;&nbsp;&nbsp;&nbsp; &nbsp;++ rodzic\u00f3w: Krystyn\u0119 i Kazimierza Genderk\u00f3w<\/p>\n\n\n\n<p><strong>&nbsp;3)<\/strong> +\nJadwig\u0119 Starostk\u0119 \u2013 modl\u0105 si\u0119 s\u0105siedzi<\/p>\n\n\n\n<p><strong>&nbsp;4)<\/strong><\/p>\n\n\n\n<p><strong><em>08.07. \u2013 CZWARTEK <\/em><\/strong><em>&nbsp;<\/em><\/p>\n\n\n\n<p><strong>&nbsp; 7.3o \u2013<\/strong> &nbsp;<\/p>\n\n\n\n<p><strong>18.oo\n\u2013 <\/strong>&nbsp;+ brata\nZygmunta w 42 rocz. \u015bm. oraz ++ rodzic\u00f3w: Helen\u0119 i Jana St\u0119pieni\u00f3w \u2013 modl\u0105 si\u0119<\/p>\n\n\n\n<p>&nbsp;&nbsp;&nbsp;&nbsp;&nbsp;&nbsp;&nbsp;&nbsp;&nbsp;&nbsp;&nbsp;&nbsp;&nbsp;&nbsp; &nbsp;siostry i c\u00f3rki z rodzinami<\/p>\n\n\n\n<p><strong><em>09.07. \u2013 PI\u0104TEK<\/em><\/strong><\/p>\n\n\n\n<p><strong>&nbsp; &nbsp;&nbsp;7.3o\n\u2013<\/strong>\n&nbsp;<\/p>\n\n\n\n<p><strong>18.oo\n\u2013<\/strong> + brata Waldemara, siostr\u0119 Ewuni\u0119 oraz ++ rodzic\u00f3w:\nTeodor\u0119 i Piotra Je\u017cyn\u00f3w \u2013 modli si\u0119<\/p>\n\n\n\n<p>&nbsp;&nbsp;&nbsp;&nbsp;&nbsp;&nbsp;&nbsp;&nbsp;&nbsp;&nbsp;&nbsp;&nbsp;&nbsp; &nbsp;rodzina<\/p>\n\n\n\n<p><strong><em>10.07. \u2013 SOBOTA<\/em><\/strong><\/p>\n\n\n\n<p><strong>&nbsp; 7.3o \u2013<\/strong> <\/p>\n\n\n\n<p><strong>14.oo\n\u2013<\/strong> \u015blub: Andrzej Olejnik \u2013 Karolina Szuszkiewicz<\/p>\n\n\n\n<p><strong>16.3o\n\u2013<\/strong> chrzest: Pola Studzi\u0144ska<\/p>\n\n\n\n<p><strong>18.oo\n\u2013<\/strong> ++ m\u0119\u017ca Boles\u0142awa Bilewicza&nbsp; i zi\u0119cia Henryka \u2013 modli si\u0119 Janina z rodzin\u0105<\/p>\n\n\n\n<p><strong><em>11.07. \u2013 NIEDZIELA&nbsp; <\/em><\/strong><\/p>\n\n\n\n<p><strong>&nbsp; 8.oo \u2013 <\/strong>++ Helen\u0119 i Jerzego Kaczmarskich oraz Wojciecha \u0141oz\u0119 \u2013 modli si\u0119 rodzina<\/p>\n\n\n\n<p><strong>11.oo\n\u2013<\/strong> w 18 rocz. urodzin Mariusza Zielonego dzi\u0119kczynna z\npro\u015bb\u0105 o zdrowie, Bo\u017ce<\/p>\n\n\n\n<p>&nbsp;&nbsp;&nbsp;&nbsp;&nbsp;&nbsp;&nbsp;&nbsp;&nbsp;&nbsp;&nbsp;&nbsp; &nbsp;b\u0142ogos\u0142awie\u0144stwo, dary Ducha \u015awi\u0119tego, opiek\u0119\nNMP i \u015bw. Patron\u00f3w na dalsze lata \u017cycia <\/p>\n\n\n\n<p>&nbsp;&nbsp;&nbsp;&nbsp;&nbsp;&nbsp;&nbsp;&nbsp;&nbsp;&nbsp;&nbsp;&nbsp;&nbsp; \u2013 modli si\u0119 rodzina<\/p>\n\n\n\n<p><strong>12.3o\n\u2013 <\/strong>+ Adel\u0119 Czuczo\u0142\u0119 w 2 rocz. \u015bm. \u2013 modli si\u0119 rodzina<\/p>\n\n\n\n<p>&nbsp;&nbsp;&nbsp;&nbsp;&nbsp;&nbsp;&nbsp;&nbsp;&nbsp;&nbsp;&nbsp;&nbsp;&nbsp;&nbsp;&nbsp;&nbsp;&nbsp;&nbsp;&nbsp;&nbsp;&nbsp;&nbsp;&nbsp;&nbsp;&nbsp;&nbsp;&nbsp;&nbsp;&nbsp;&nbsp;&nbsp;&nbsp;&nbsp;&nbsp; <strong><em>chrzest po Mszy \u2013 Maria\nMakuchowska<\/em><\/strong><\/p>\n\n\n\n<p><strong>18.oo\n\u2013 &nbsp;<\/strong>++ Ann\u0119 W\u0142odarsk\u0105 w 20 rocz. \u015bm. i Roberta \u017bbikowskiego w 18 rocz. \u015bm. <\/p>\n\n\n\n<p>&nbsp;&nbsp;&nbsp;&nbsp;&nbsp; &nbsp;&nbsp;&nbsp;&nbsp;&nbsp;&nbsp;&nbsp;&nbsp;&nbsp;&nbsp;\u2013 modl\u0105 si\u0119 rodzice\n<\/p>\n","protected":false},"excerpt":{"rendered":"<p>Sk\u0142adaj\u0105c Ofiar\u0119, kt\u00f3ra nam przypomina niezmierzon\u0105 mi\u0142o\u015b\u0107 Twojego Syna, pokornie prosimy Ci\u0119, Bo\u017ce, przyjmij intencje Twoich wiernych i spraw przez dzia\u0142anie Eucharystii, aby w naszych rodzinach wzrasta\u0142a prawdziwa wiara, \u015bwi\u0119to\u015b\u0107 \u017cycia, braterska mi\u0142o\u015b\u0107 i duch modlitwy. Niech Matka Naj\u015bwi\u0119tsza wyprosi \u0142aski, o kt\u00f3re modlili\u015bmy si\u0119 w tej Mszy \u015bw. dla&#8230; <a class=\"continue-reading-link\" href=\"http:\/\/parafia.scinawa.info\/index.php\/2021\/07\/03\/intencje-mszalne-04-07-11-07-2021\/\">Czytaj dalej <span class=\"meta-nav\">&rarr; <\/span><\/a><\/p>\n","protected":false},"author":2,"featured_media":0,"comment_status":"closed","ping_status":"closed","sticky":false,"template":"","format":"standard","meta":{"footnotes":""},"categories":[39],"tags":[],"class_list":["post-1758","post","type-post","status-publish","format-standard","hentry","category-intencje"],"_links":{"self":[{"href":"http:\/\/parafia.scinawa.info\/index.php\/wp-json\/wp\/v2\/posts\/1758","targetHints":{"allow":["GET"]}}],"collection":[{"href":"http:\/\/parafia.scinawa.info\/index.php\/wp-json\/wp\/v2\/posts"}],"about":[{"href":"http:\/\/parafia.scinawa.info\/index.php\/wp-json\/wp\/v2\/types\/post"}],"author":[{"embeddable":true,"href":"http:\/\/parafia.scinawa.info\/index.php\/wp-json\/wp\/v2\/users\/2"}],"replies":[{"embeddable":true,"href":"http:\/\/parafia.scinawa.info\/index.php\/wp-json\/wp\/v2\/comments?post=1758"}],"version-history":[{"count":1,"href":"http:\/\/parafia.scinawa.info\/index.php\/wp-json\/wp\/v2\/posts\/1758\/revisions"}],"predecessor-version":[{"id":1759,"href":"http:\/\/parafia.scinawa.info\/index.php\/wp-json\/wp\/v2\/posts\/1758\/revisions\/1759"}],"wp:attachment":[{"href":"http:\/\/parafia.scinawa.info\/index.php\/wp-json\/wp\/v2\/media?parent=1758"}],"wp:term":[{"taxonomy":"category","embeddable":true,"href":"http:\/\/parafia.scinawa.info\/index.php\/wp-json\/wp\/v2\/categories?post=1758"},{"taxonomy":"post_tag","embeddable":true,"href":"http:\/\/parafia.scinawa.info\/index.php\/wp-json\/wp\/v2\/tags?post=1758"}],"curies":[{"name":"wp","href":"https:\/\/api.w.org\/{rel}","templated":true}]}}