{"id":1762,"date":"2021-07-10T11:03:50","date_gmt":"2021-07-10T09:03:50","guid":{"rendered":"http:\/\/parafia.scinawa.info\/?p=1762"},"modified":"2021-07-10T11:03:50","modified_gmt":"2021-07-10T09:03:50","slug":"intencje-mszalne-11-07-18-07-2021","status":"publish","type":"post","link":"http:\/\/parafia.scinawa.info\/index.php\/2021\/07\/10\/intencje-mszalne-11-07-18-07-2021\/","title":{"rendered":"INTENCJE MSZALNE 11.07. \u2013 18.07. 2021"},"content":{"rendered":"\n<p><strong><em>Sk\u0142adaj\u0105c\nOfiar\u0119, kt\u00f3ra nam przypomina niezmierzon\u0105 mi\u0142o\u015b\u0107 Twojego Syna, pokornie prosimy\nCi\u0119, Bo\u017ce, przyjmij intencje Twoich wiernych i spraw przez dzia\u0142anie\nEucharystii, aby w naszych rodzinach wzrasta\u0142a prawdziwa wiara, \u015bwi\u0119to\u015b\u0107 \u017cycia,\nbraterska mi\u0142o\u015b\u0107 i duch modlitwy. <\/em><\/strong><strong>Niech\nMatka Naj\u015bwi\u0119tsza wyprosi \u0142aski, o kt\u00f3re modlili\u015bmy si\u0119 w tej Mszy \u015bw. dla \u2026\nZa\u015b zmar\u0142ym \u2026 za kt\u00f3rych odprawiali\u015bmy Msz\u0119 \u015bw.: wieczny odpoczynek racz im\nda\u0107 Panie (\u2026); niech odpoczywaj\u0105 w pokoju wiecznym. Amen<\/strong><\/p>\n\n\n\n<p><strong><em>11.07.\n&#8211; NIEDZIELA&nbsp; <\/em><\/strong><em><\/em><\/p>\n\n\n\n<p><strong>&nbsp; 8.oo \u2013 1) <\/strong><\/p>\n\n\n\n<p><strong>&nbsp;&nbsp;&nbsp;&nbsp;&nbsp;&nbsp;&nbsp;&nbsp;&nbsp;&nbsp;&nbsp; &nbsp;\n2) <\/strong>++ Helen\u0119 i Jerzego\nKaczmarskich oraz Wojciecha \u0141oz\u0119 \u2013 modli si\u0119 rodzina<\/p>\n\n\n\n<p><strong>11.oo\n\u2013<\/strong> <strong>1)\n<\/strong><\/p>\n\n\n\n<p><strong>&nbsp;&nbsp;&nbsp;&nbsp;&nbsp;&nbsp;&nbsp;&nbsp;&nbsp;&nbsp;&nbsp; &nbsp;\n2) <\/strong>w 18 rocz. urodzin\nMariusza Zielonego dzi\u0119kczynna z pro\u015bb\u0105 o zdrowie, Bo\u017ce<\/p>\n\n\n\n<p>&nbsp;&nbsp;&nbsp;&nbsp;&nbsp;&nbsp;&nbsp;&nbsp;&nbsp;&nbsp;&nbsp;&nbsp; &nbsp;b\u0142ogos\u0142awie\u0144stwo, dary Ducha \u015awi\u0119tego, opiek\u0119\nNMP i \u015bw. Patron\u00f3w na dalsze lata \u017cycia <\/p>\n\n\n\n<p>&nbsp;&nbsp;&nbsp;&nbsp;&nbsp;&nbsp;&nbsp;&nbsp;&nbsp;&nbsp;&nbsp;&nbsp;&nbsp; \u2013 modli si\u0119 rodzina\n<\/p>\n\n\n\n<p><strong>12.3o\n\u2013 1) <\/strong><\/p>\n\n\n\n<p><strong>&nbsp;&nbsp;&nbsp;&nbsp;&nbsp;&nbsp;&nbsp;&nbsp;&nbsp;&nbsp;&nbsp; &nbsp;\n2) <\/strong>+ Adel\u0119 Czuczo\u0142\u0119 w 2 rocz.\n\u015bm. \u2013 modli si\u0119 rodzina<\/p>\n\n\n\n<p>&nbsp;&nbsp;&nbsp;&nbsp;&nbsp;&nbsp;&nbsp;&nbsp;&nbsp;&nbsp;&nbsp;&nbsp;&nbsp;&nbsp;&nbsp;&nbsp;&nbsp;&nbsp;&nbsp;&nbsp;&nbsp;&nbsp;&nbsp;&nbsp;&nbsp;&nbsp;&nbsp;&nbsp;&nbsp;&nbsp;&nbsp;&nbsp;&nbsp;&nbsp; <strong><em>chrzest po Mszy \u2013 Maria\nMakuchowska<\/em><\/strong><\/p>\n\n\n\n<p><strong>18.oo\n\u2013 &nbsp;<\/strong>++ Ann\u0119 W\u0142odarsk\u0105 w 20 rocz. \u015bm. i Roberta \u017bbikowskiego w 18 rocz. \u015bm. <\/p>\n\n\n\n<p>&nbsp;&nbsp;&nbsp;&nbsp;&nbsp; &nbsp;&nbsp;&nbsp;&nbsp;&nbsp;&nbsp;&nbsp;&nbsp;&nbsp;&nbsp;\u2013 modl\u0105 si\u0119 rodzice<strong> &nbsp;<\/strong>&nbsp;<\/p>\n\n\n\n<p><strong><em>12.07.\n\u2013 PONIEDZIA\u0141EK<\/em><\/strong><\/p>\n\n\n\n<p><strong>&nbsp; &nbsp;&nbsp;7.3o\n\u2013 <\/strong>&nbsp;<\/p>\n\n\n\n<p><strong>18.oo\n\u2013 <\/strong>w 20 rocz. urodzin Magdaleny dzi\u0119kczynna za\notrzymane \u0142aski z pro\u015bb\u0105 o zdrowie, Bo\u017ce<\/p>\n\n\n\n<p>&nbsp;&nbsp;&nbsp;&nbsp;&nbsp;&nbsp;&nbsp;&nbsp;&nbsp;&nbsp;&nbsp;&nbsp; &nbsp;b\u0142ogos\u0142awie\u0144stwo, dary Ducha \u015awi\u0119tego, opiek\u0119\nNMP na dalsze lata \u017cycia<\/p>\n\n\n\n<p><strong><em>13.07.\n&#8211; WTOREK<\/em><\/strong><em><\/em><\/p>\n\n\n\n<p><strong>&nbsp; 7.3o \u2013<\/strong><\/p>\n\n\n\n<p><strong>18.oo\n\u2013 <\/strong>&nbsp;++\nrodzic\u00f3w: Zofi\u0119 i Franciszka, J\u00f3zef\u0119 i Mieczys\u0142awa, siostr\u0119 Teres\u0119, m\u0119\u017ca\nMariana, <\/p>\n\n\n\n<p>&nbsp;&nbsp;&nbsp;&nbsp;&nbsp;&nbsp;&nbsp;&nbsp;&nbsp;&nbsp;&nbsp;&nbsp;&nbsp;&nbsp;&nbsp; brata J\u00f3zefa,\ncioci\u0119 Agnieszk\u0119 i dusze w czy\u015b\u0107cu cierpi\u0105ce \u2013 modli si\u0119 rodzina<\/p>\n\n\n\n<p><strong><em>Nabo\u017ce\u0144stwo\nfatimskie po Mszy \u015bw.<\/em><\/strong><\/p>\n\n\n\n<p><strong><em>14.07.\n\u2013 \u015aRODA <\/em><\/strong><\/p>\n\n\n\n<p><strong>&nbsp; 7.3o \u2013 <\/strong>w 75 rocz. urodzin dzi\u0119kczynna za otrzymane \u0142aski z pro\u015bb\u0105 o zdrowie, Bo\u017ce<\/p>\n\n\n\n<p>&nbsp;&nbsp;&nbsp;&nbsp;&nbsp;&nbsp;&nbsp;&nbsp;&nbsp;&nbsp;&nbsp;&nbsp; &nbsp;b\u0142ogos\u0142awie\u0144stwo, dary Ducha \u015awi\u0119tego, opiek\u0119\nNMP na dalsze lata \u017cycia<\/p>\n\n\n\n<p><strong>18.oo\n\u2013&nbsp; intencja zbiorowa nowennowa:<\/strong><\/p>\n\n\n\n<p><strong>&nbsp;1)<\/strong> + Teres\u0119 Fidler &#8211; 30\ndzie\u0144 od pogrzebu \u2013 intencja od uczestnik\u00f3w Mszy pogrzebowej<\/p>\n\n\n\n<p><strong>&nbsp;2)<\/strong> + Jadwig\u0119 Starostk\u0119 \u2013\nmodl\u0105 si\u0119 s\u0105siedzi<\/p>\n\n\n\n<p><strong>&nbsp;3)<\/strong> + m\u0119\u017ca J\u00f3zefa Kaczmarka oraz + jego mam\u0119<\/p>\n\n\n\n<p><strong>&nbsp;4)<\/strong> ++ J\u00f3zef\u0119, Adama, Czes\u0142awa i Zdzis\u0142awa z rodziny Droni\u00f3w oraz W\u0142adys\u0142aw\u0119\ni Jolant\u0119 z rodziny<\/p>\n\n\n\n<p>&nbsp;&nbsp;&nbsp;&nbsp; &nbsp;Laszczy\u0144skich \u2013 modli si\u0119 Lucyna z Krapkowic<\/p>\n\n\n\n<p><strong><em>15.07. \u2013 CZWARTEK <\/em><\/strong><em>&nbsp;<\/em><\/p>\n\n\n\n<p><strong>&nbsp; 7.3o \u2013<\/strong> &nbsp;<\/p>\n\n\n\n<p><strong>18.oo\n\u2013 <\/strong>&nbsp;+\nAgnieszk\u0119 w 14 rocz. \u015bm. \u2013 modl\u0105 si\u0119 rodzice<\/p>\n\n\n\n<p><strong><em>16.07. \u2013 PI\u0104TEK<\/em><\/strong><\/p>\n\n\n\n<p><strong>&nbsp; &nbsp;&nbsp;7.3o\n\u2013<\/strong>\n&nbsp;<\/p>\n\n\n\n<p><strong><em>Nabo\u017ce\u0144stwo\ndo \u015bw. Jana Paw\u0142a II o godz. <\/em><\/strong><strong>17.oo<\/strong><\/p>\n\n\n\n<p><strong>18.oo\n\u2013 <\/strong>w intencji Krzysztofa, Pauliny i ich dzieci dzi\u0119kczynna\nz pro\u015bb\u0105 o zdrowie, Bo\u017ce<\/p>\n\n\n\n<p>&nbsp;&nbsp;&nbsp;&nbsp;&nbsp;&nbsp;&nbsp;&nbsp;&nbsp;&nbsp;&nbsp;&nbsp; &nbsp;b\u0142ogos\u0142awie\u0144stwo, dary Ducha \u015awi\u0119tego, opiek\u0119\nNMP<\/p>\n\n\n\n<p><strong><em>17.07. \u2013 SOBOTA<\/em><\/strong><\/p>\n\n\n\n<p><strong>&nbsp; &nbsp;&nbsp;7.3o\n\u2013<\/strong>\n+ tat\u0119 Jerzego w 20 rocz. \u015bm. \u2013 modli si\u0119 syn z rodzin\u0105<\/p>\n\n\n\n<p><strong>18.oo\n\u2013 1)<\/strong> w 18 rocz. \u015blubu Kamili i Romana, w 15 rocz. \u015blubu Katarzyny\ni Marka, w 10 rocz. \u015blubu <\/p>\n\n\n\n<p>&nbsp;&nbsp;&nbsp;&nbsp;&nbsp;&nbsp;&nbsp;&nbsp;&nbsp;&nbsp;&nbsp;&nbsp;&nbsp;&nbsp;&nbsp;&nbsp;&nbsp; Eweliny i Daniela, dzi\u0119kczynna z\npro\u015bb\u0105 o zdrowie, Bo\u017ce&nbsp; b\u0142ogos\u0142awie\u0144stwo,\ndary Ducha <\/p>\n\n\n\n<p>&nbsp;&nbsp;&nbsp;&nbsp;&nbsp;&nbsp;&nbsp;&nbsp;&nbsp;&nbsp;&nbsp;&nbsp;&nbsp;&nbsp;&nbsp;&nbsp;&nbsp; \u015awi\u0119tego, opiek\u0119 NMP na\ndalsze lata \u017cycia \u2013 modli si\u0119 mama i babcia<\/p>\n\n\n\n<p><strong>&nbsp;&nbsp;&nbsp;&nbsp;&nbsp;&nbsp;&nbsp;&nbsp;&nbsp;&nbsp;&nbsp; &nbsp;\n2)<\/strong> &nbsp;+ Krzysztofa\nMichn\u0119 w 70 rocz. jego ziemskich urodzin \u2013 modli si\u0119 \u017cona z dzie\u0107mi<\/p>\n\n\n\n<p><strong><em>18.07. \u2013 NIEDZIELA&nbsp; <\/em><\/strong><\/p>\n\n\n\n<p><strong>&nbsp; 8.oo \u2013 1) <\/strong>&nbsp;+ Maryl\u0119 Sta\u0144czyk z domu Szymczak w 2 rocz.\n\u015bm. oraz ++ Kazimier\u0119 i J\u00f3zefa <\/p>\n\n\n\n<p>&nbsp;&nbsp;&nbsp;&nbsp;&nbsp;&nbsp;&nbsp;&nbsp;&nbsp;&nbsp;&nbsp;&nbsp;&nbsp;&nbsp;&nbsp;&nbsp;&nbsp;&nbsp;&nbsp;\nSzymczak\u00f3w \u2013 modli si\u0119 rodzina<\/p>\n\n\n\n<p><strong>&nbsp;&nbsp;&nbsp;&nbsp;&nbsp;&nbsp;&nbsp;&nbsp;&nbsp;&nbsp;&nbsp; &nbsp;\n2)<\/strong> + Daniela (on) oraz ++ z rodziny Gancark\u00f3w \u2013 modli si\u0119\nrodzina<\/p>\n\n\n\n<p><strong>11.oo\n\u2013 1) <\/strong>++ rodzic\u00f3w: Iren\u0119 i\nZbigniewa Jarosz\u00f3w w 3 rocz. ich \u015bm.<\/p>\n\n\n\n<p><strong>&nbsp;&nbsp;&nbsp;&nbsp;&nbsp;&nbsp;&nbsp;&nbsp;&nbsp;&nbsp;&nbsp; &nbsp;\n2) <\/strong>+ Jadwig\u0119 Starostk\u0119 &#8211; 30 dzie\u0144 od pogrzebu \u2013 intencja\nod uczestnik\u00f3w Mszy pogrzebowej<\/p>\n\n\n\n<p><strong>12.3o\n\u2013 1) <\/strong>&nbsp;w 2 rocz. urodzin Zbysia oraz za Kazia i ich\nrodzic\u00f3w: Katarzyn\u0119 i Tomasza Wajd\u00f3w<\/p>\n\n\n\n<p>&nbsp;&nbsp;&nbsp; &nbsp;&nbsp;&nbsp;&nbsp;&nbsp;&nbsp;&nbsp;&nbsp;&nbsp;&nbsp;&nbsp;&nbsp;&nbsp;&nbsp;&nbsp;dzi\u0119kczynna z pro\u015bb\u0105 o zdrowie, Bo\u017ce&nbsp; b\u0142ogos\u0142awie\u0144stwo, dary Ducha \u015awi\u0119tego, <\/p>\n\n\n\n<p>&nbsp;&nbsp;&nbsp;&nbsp;&nbsp;&nbsp;&nbsp;&nbsp;&nbsp;&nbsp;&nbsp;&nbsp;&nbsp;&nbsp;&nbsp;&nbsp;&nbsp;&nbsp; opiek\u0119 NMP \u2013 modl\u0105 si\u0119\nrodzice i dziadkowie <\/p>\n\n\n\n<p><strong>&nbsp;&nbsp;&nbsp;&nbsp;&nbsp;&nbsp;&nbsp;&nbsp;&nbsp;&nbsp;&nbsp; &nbsp;\n2)<\/strong> ++ ojca Ludwika, braci: Miros\u0142awa i Romana oraz\nsiostr\u0119 Iren\u0119 z rodziny Bartczak\u00f3w <\/p>\n\n\n\n<p>&nbsp;&nbsp;&nbsp;&nbsp;&nbsp;&nbsp;&nbsp;&nbsp; &nbsp;&nbsp;&nbsp;&nbsp;&nbsp;&nbsp;&nbsp;&nbsp;&nbsp;&nbsp;\u2013 modli si\u0119 rodzina<\/p>\n\n\n\n<p><strong>18.oo\n\u2013 &nbsp;<\/strong>+ Krzysztofa Lulka w 33 rocz. \u015bm. oraz ++ Janin\u0119 i Antoniego Lulk\u00f3w \u2013\nmodl\u0105 si\u0119 rodzice <\/p>\n\n\n\n<p>&nbsp;&nbsp;&nbsp;&nbsp;&nbsp;&nbsp;&nbsp;&nbsp;&nbsp;&nbsp;&nbsp;&nbsp;&nbsp;&nbsp;&nbsp; i rodzina\n<\/p>\n","protected":false},"excerpt":{"rendered":"<p>Sk\u0142adaj\u0105c Ofiar\u0119, kt\u00f3ra nam przypomina niezmierzon\u0105 mi\u0142o\u015b\u0107 Twojego Syna, pokornie prosimy Ci\u0119, Bo\u017ce, przyjmij intencje Twoich wiernych i spraw przez dzia\u0142anie Eucharystii, aby w naszych rodzinach wzrasta\u0142a prawdziwa wiara, \u015bwi\u0119to\u015b\u0107 \u017cycia, braterska mi\u0142o\u015b\u0107 i duch modlitwy. Niech Matka Naj\u015bwi\u0119tsza wyprosi \u0142aski, o kt\u00f3re modlili\u015bmy si\u0119 w tej Mszy \u015bw. dla&#8230; <a class=\"continue-reading-link\" href=\"http:\/\/parafia.scinawa.info\/index.php\/2021\/07\/10\/intencje-mszalne-11-07-18-07-2021\/\">Czytaj dalej <span class=\"meta-nav\">&rarr; <\/span><\/a><\/p>\n","protected":false},"author":2,"featured_media":0,"comment_status":"closed","ping_status":"closed","sticky":false,"template":"","format":"standard","meta":{"footnotes":""},"categories":[39],"tags":[],"class_list":["post-1762","post","type-post","status-publish","format-standard","hentry","category-intencje"],"_links":{"self":[{"href":"http:\/\/parafia.scinawa.info\/index.php\/wp-json\/wp\/v2\/posts\/1762","targetHints":{"allow":["GET"]}}],"collection":[{"href":"http:\/\/parafia.scinawa.info\/index.php\/wp-json\/wp\/v2\/posts"}],"about":[{"href":"http:\/\/parafia.scinawa.info\/index.php\/wp-json\/wp\/v2\/types\/post"}],"author":[{"embeddable":true,"href":"http:\/\/parafia.scinawa.info\/index.php\/wp-json\/wp\/v2\/users\/2"}],"replies":[{"embeddable":true,"href":"http:\/\/parafia.scinawa.info\/index.php\/wp-json\/wp\/v2\/comments?post=1762"}],"version-history":[{"count":1,"href":"http:\/\/parafia.scinawa.info\/index.php\/wp-json\/wp\/v2\/posts\/1762\/revisions"}],"predecessor-version":[{"id":1763,"href":"http:\/\/parafia.scinawa.info\/index.php\/wp-json\/wp\/v2\/posts\/1762\/revisions\/1763"}],"wp:attachment":[{"href":"http:\/\/parafia.scinawa.info\/index.php\/wp-json\/wp\/v2\/media?parent=1762"}],"wp:term":[{"taxonomy":"category","embeddable":true,"href":"http:\/\/parafia.scinawa.info\/index.php\/wp-json\/wp\/v2\/categories?post=1762"},{"taxonomy":"post_tag","embeddable":true,"href":"http:\/\/parafia.scinawa.info\/index.php\/wp-json\/wp\/v2\/tags?post=1762"}],"curies":[{"name":"wp","href":"https:\/\/api.w.org\/{rel}","templated":true}]}}