{"id":1774,"date":"2021-07-31T13:25:16","date_gmt":"2021-07-31T11:25:16","guid":{"rendered":"http:\/\/parafia.scinawa.info\/?p=1774"},"modified":"2021-07-31T13:25:16","modified_gmt":"2021-07-31T11:25:16","slug":"intencje-mszalne-25-07-01-08-2021","status":"publish","type":"post","link":"http:\/\/parafia.scinawa.info\/index.php\/2021\/07\/31\/intencje-mszalne-25-07-01-08-2021\/","title":{"rendered":"INTENCJE MSZALNE 25.07. \u2013 01.08. 2021"},"content":{"rendered":"\n<p><strong><em>Sk\u0142adaj\u0105c\nOfiar\u0119, kt\u00f3ra nam przypomina niezmierzon\u0105 mi\u0142o\u015b\u0107 Twojego Syna, pokornie prosimy\nCi\u0119, Bo\u017ce, przyjmij intencje Twoich wiernych i spraw przez dzia\u0142anie\nEucharystii, aby w naszych rodzinach wzrasta\u0142a prawdziwa wiara, \u015bwi\u0119to\u015b\u0107 \u017cycia,\nbraterska mi\u0142o\u015b\u0107 i duch modlitwy. <\/em><\/strong><strong>Niech\nMatka Naj\u015bwi\u0119tsza wyprosi \u0142aski, o kt\u00f3re modlili\u015bmy si\u0119 w tej Mszy \u015bw. dla \u2026\nZa\u015b zmar\u0142ym \u2026 za kt\u00f3rych odprawiali\u015bmy Msz\u0119 \u015bw.: wieczny odpoczynek racz im\nda\u0107 Panie (\u2026); niech odpoczywaj\u0105 w pokoju wiecznym. Amen<\/strong><\/p>\n\n\n\n<p><strong><em>25.07.\n&#8211; NIEDZIELA&nbsp; <\/em><\/strong><em><\/em><\/p>\n\n\n\n<p><strong>8.oo\n\u2013 &nbsp;1) <\/strong>&nbsp;<\/p>\n\n\n\n<p><strong>&nbsp;&nbsp;&nbsp;&nbsp;&nbsp;&nbsp;&nbsp;&nbsp;&nbsp;&nbsp;&nbsp; &nbsp;\n&nbsp;2) <\/strong>++ brata Sylwestra, te\u015bcia Jana, te\u015bciow\u0105 Rozali\u0119\noraz dusze w czy\u015b\u0107cu cierpi\u0105ce <\/p>\n\n\n\n<p>&nbsp;&nbsp;&nbsp;&nbsp;&nbsp;&nbsp;&nbsp;&nbsp;&nbsp;&nbsp;&nbsp;&nbsp;&nbsp;&nbsp;&nbsp; &nbsp;&nbsp;\u2013 modl\u0105 si\u0119 siostra i szwagier\n&nbsp;<\/p>\n\n\n\n<p><strong>11.oo \u2013 &nbsp;1) <\/strong>&nbsp;W intencji wnuk\u00f3w: Antoni 7 rocz. ur., Micha\u0142\ni Leon w 4 rocz. ur. i Stanis\u0142aw w 1 rocz. &nbsp;&nbsp;&nbsp;ur.- dzi\u0119kczynna z pro\u015bb\u0105 o zdrowie, Bo\u017ce\nb\u0142. i opiek\u0119 NMP- modl\u0105 si\u0119 dziadkowie<\/p>\n\n\n\n<p><strong>&nbsp;&nbsp;&nbsp;&nbsp;&nbsp;&nbsp;&nbsp;&nbsp;&nbsp;&nbsp;&nbsp; &nbsp;\n&nbsp;2) <\/strong>++ Romana, Mari\u0119 i J\u00f3zefa Warcho\u0142\u00f3w oraz Eugeni\u0119 i Piotra\nBilewicz\u00f3w<strong> <\/strong>&nbsp;<\/p>\n\n\n\n<p><strong>12.3o\n\u2013<\/strong> &nbsp;<strong>1) <\/strong>W intencji Stefanii Heleny Lewandowskiej, kt\u00f3ra\nprzyjmie dzisiaj Sakrament Chrztu \u015aw. o Bo\u017ce b\u0142. dla Niej,\njej Brata, Rodzic\u00f3w i Rodzic\u00f3w chrzestnych i ca\u0142ej Rodziny- modl\u0105 si\u0119\ndziadkowie<\/p>\n\n\n\n<p><strong>&nbsp;&nbsp;&nbsp;&nbsp;&nbsp;&nbsp;&nbsp;&nbsp;&nbsp;&nbsp;&nbsp; &nbsp;\n&nbsp;2) <\/strong>W intencji Magdaleny i Jakuba z okazji urodzin dzi\u0119kczynna\nz pro\u015bb\u0105 o zdrowie, Bo\u017ce <\/p>\n\n\n\n<p>&nbsp;&nbsp;&nbsp;&nbsp;&nbsp;&nbsp;&nbsp;&nbsp;&nbsp;&nbsp;&nbsp;&nbsp; &nbsp;&nbsp;&nbsp;&nbsp;&nbsp;b\u0142ogos\u0142awie\u0144stwo, dary Ducha \u015awi\u0119tego, opiek\u0119\nNMP \u2013 modl\u0105 si\u0119 rodzice &nbsp;<\/p>\n\n\n\n<p>&nbsp;&nbsp;&nbsp;&nbsp;&nbsp;&nbsp;&nbsp;&nbsp;&nbsp;&nbsp;&nbsp;&nbsp;&nbsp;&nbsp;&nbsp;&nbsp;&nbsp;&nbsp;&nbsp;&nbsp;&nbsp;&nbsp;&nbsp; &nbsp;&nbsp;&nbsp;&nbsp;&nbsp;&nbsp;&nbsp;&nbsp;&nbsp;&nbsp;&nbsp; <strong><em>chrzest\npo Mszy: Stefania Helena Lewandowska<\/em><\/strong><\/p>\n\n\n\n<p><strong>18.oo \u2013 &nbsp;1) <\/strong>&nbsp;++ rodzic\u00f3w: Ann\u0119 i J\u00f3zefa S\u0142owi\u0144skich,\nStanis\u0142aw\u0119 i Wawrzy\u0144ca Genderka, <\/p>\n\n\n\n<p>+siostr\u0119\nIren\u0119 Jarosz i +Zbigniewa Jarosz, +brata W\u0142odzimierza S\u0142owi\u0144skiego,+ Dariusza\nHarasia <\/p>\n\n\n\n<p>oraz\n+ siostr\u0119 Ann\u0119- modli si\u0119 rodzina <\/p>\n\n\n\n<p><strong>&nbsp;&nbsp;&nbsp;&nbsp;&nbsp;&nbsp;&nbsp;&nbsp;&nbsp;&nbsp;&nbsp; &nbsp;\n&nbsp;2) <\/strong>O zdrowie dla Patrycji i szcz\u0119\u015bliwy powr\u00f3t do domu\nca\u0142ej rodziny<\/p>\n\n\n\n<p><strong><em>26.07.\n\u2013 PONIEDZIA\u0141EK<\/em><\/strong><\/p>\n\n\n\n<p><strong>&nbsp; &nbsp;&nbsp;7.3o\n\u2013 <\/strong>+ Piotra w 81 rocz. jego ziemskich urodzin\n<\/p>\n\n\n\n<p><strong>18.oo\n\u2013 <\/strong>W intencji ++ Anny, Jadwigi i Henryka Szelig\u00f3w\n<\/p>\n\n\n\n<p><strong><em>27.07.\n&#8211; WTOREK<\/em><\/strong><em><\/em><\/p>\n\n\n\n<p><strong>&nbsp; 7.3o \u2013<\/strong><\/p>\n\n\n\n<p><strong>18.oo\n\u2013 <\/strong>&nbsp;++\nZbigniewa, Andrzeja, Kazimierza i Andrzeja Budnych oraz ++ z rodziny Osak\u00f3w<\/p>\n\n\n\n<p>&nbsp;&nbsp;&nbsp;&nbsp;&nbsp;&nbsp;&nbsp;&nbsp;&nbsp;&nbsp;&nbsp;&nbsp;&nbsp;&nbsp; &nbsp;i Grze\u017cukowskich \u2013 modli si\u0119 rodzina<\/p>\n\n\n\n<p><strong><em>28.07.\n\u2013 \u015aRODA <\/em><\/strong><\/p>\n\n\n\n<p><strong>&nbsp; 7.3o \u2013 <\/strong><\/p>\n\n\n\n<p><strong>18.oo\n\u2013&nbsp; intencja zbiorowa nowennowa:<\/strong><\/p>\n\n\n\n<p><strong>&nbsp;1)<\/strong> + Piotra Nalepk\u0119 &#8211; 30\ndzie\u0144 od pogrzebu \u2013 intencja od uczestnik\u00f3w Mszy pogrzebowej<\/p>\n\n\n\n<p><strong><em>29.07. \u2013 CZWARTEK <\/em><\/strong><em>&nbsp;<\/em><\/p>\n\n\n\n<p><strong>&nbsp; 7.3o \u2013<\/strong> &nbsp;++ siostr\u0119 Antonin\u0119 w 8 rocz. \u015bm, jej m\u0119\u017ca Szymona,\nrodzic\u00f3w: Jadwig\u0119 i Romana <\/p>\n\n\n\n<p>&nbsp;&nbsp;&nbsp;&nbsp;&nbsp;&nbsp;&nbsp;&nbsp;&nbsp;&nbsp;&nbsp;&nbsp;&nbsp; oraz\nrodze\u0144stwo z rodziny Szrajnert\u00f3w i Ka\u0142\u00f3w \u2013 modli si\u0119 rodzina<\/p>\n\n\n\n<p><strong>18.oo\n\u2013 <\/strong>&nbsp;w\nrocz. urodzin Konstantego i Stanis\u0142awa dzi\u0119kczynna z pro\u015bb\u0105 o zdrowie, Bo\u017ce<\/p>\n\n\n\n<p>&nbsp;&nbsp;&nbsp;&nbsp;&nbsp;&nbsp;&nbsp;&nbsp;&nbsp;&nbsp;&nbsp; &nbsp;&nbsp;&nbsp;b\u0142ogos\u0142awie\u0144stwo,\ndary Ducha \u015awi\u0119tego, opiek\u0119 NMP \u2013 modl\u0105 si\u0119 dziadkowie<\/p>\n\n\n\n<p><strong><em>30.07. \u2013 PI\u0104TEK<\/em><\/strong><\/p>\n\n\n\n<p><strong>&nbsp; &nbsp;&nbsp;7.3o\n\u2013<\/strong>\n&nbsp;<\/p>\n\n\n\n<p><strong>18.oo\n\u2013 <\/strong>++ z rodziny Skrzyniarz\u00f3w: Kazimierza w 6 rocz. \u015bm. i\nZdzis\u0142aw\u0119 w 40 rocz. \u015bm., <\/p>\n\n\n\n<p>&nbsp;&nbsp;&nbsp;&nbsp;&nbsp;&nbsp;&nbsp;&nbsp;&nbsp;&nbsp;&nbsp;&nbsp;&nbsp; rodzic\u00f3w: Zofi\u0119 i W\u0142adys\u0142awa oraz\nza wszystkich ++ z rodziny Skrzyniarz\u00f3w <\/p>\n\n\n\n<p>&nbsp;&nbsp;&nbsp;&nbsp;&nbsp;&nbsp;&nbsp;&nbsp;&nbsp;&nbsp;&nbsp;&nbsp;&nbsp; \u2013 modli si\u0119 Aniela z rodzin\u0105\n&nbsp;<\/p>\n\n\n\n<p><strong><em>31.07. \u2013 SOBOTA<\/em><\/strong><\/p>\n\n\n\n<p><strong>&nbsp; &nbsp;7.3o \u2013<\/strong>\nw 70 rocz. urodzin Jana dzi\u0119kczynna z pro\u015bb\u0105\no zdrowie, Bo\u017ce b\u0142ogos\u0142awie\u0144stwo, dary<\/p>\n\n\n\n<p>&nbsp;&nbsp;&nbsp;&nbsp;&nbsp;&nbsp;&nbsp;&nbsp;&nbsp;&nbsp;&nbsp;&nbsp;&nbsp;&nbsp; &nbsp;Ducha \u015awi\u0119tego, opiek\u0119 NMP \u2013 modli si\u0119 rodzina<\/p>\n\n\n\n<p><strong>18.oo\n\u2013 <\/strong>zaj. P. Zdobylak &nbsp;<\/p>\n\n\n\n<p><strong><em>01.08. \u2013 NIEDZIELA<\/em><\/strong><\/p>\n\n\n\n<p><strong>&nbsp; 8.oo \u2013 <\/strong>+ El\u017cbiet\u0119 Kowaliszyn- 6 r. \u015bm. i + Ann\u0119 \u017bwir- 3 r. \u015bm.- modli si\u0119\nrodzina &nbsp;<\/p>\n\n\n\n<p><strong>11.oo\n\u2013 <\/strong>++ Agnieszk\u0119, Bronis\u0142awa i Stanis\u0142awa Chirowskich\n<\/p>\n\n\n\n<p><strong>12.3o\n\u2013 <\/strong>w 12 rocz. urodzin Micha\u0142a Pytlarza oraz za jego rodzic\u00f3w\nchrzestnych: Magdalen\u0119 i Marcina<\/p>\n\n\n\n<p>&nbsp;&nbsp;&nbsp;&nbsp;&nbsp;&nbsp;&nbsp;&nbsp;&nbsp;&nbsp;&nbsp; &nbsp;dzi\u0119kczynna\nz pro\u015bb\u0105 o zdrowie, Bo\u017ce b\u0142ogos\u0142awie\u0144stwo, dary Ducha \u015awi\u0119tego, opiek\u0119 NMP<\/p>\n\n\n\n<p>&nbsp;&nbsp;&nbsp;&nbsp;&nbsp;&nbsp;&nbsp;&nbsp;&nbsp;&nbsp;&nbsp; &nbsp;\u2013 modli si\u0119 rodzina<\/p>\n\n\n\n<p><strong><em>chrzest po Mszy: Bartosz Pi\u0144czuk, Ignacy\nJan Kwiatkowski, Maja W\u0105giel, Alicja Mydel<\/em><\/strong><\/p>\n\n\n\n<p><strong>18.oo\n\u2013 &nbsp;1) <\/strong>W 90 rocznic\u0119 urodzin mamy Stefanii dzi\u0119kczynna z pro\u015bb\u0105 o zdrowie, dary\nDucha \u015bw.,<\/p>\n\n\n\n<p>&nbsp;&nbsp;&nbsp;&nbsp;&nbsp;&nbsp;&nbsp;&nbsp;&nbsp;&nbsp;&nbsp;&nbsp;&nbsp;&nbsp;&nbsp;&nbsp;&nbsp; &nbsp;Bo\u017ce b\u0142. i opiek\u0119 NMP- modl\u0105 si\u0119 dzieci z\nrodzin\u0105\n<\/p>\n\n\n\n<p>&nbsp;&nbsp;&nbsp;&nbsp;&nbsp;&nbsp;&nbsp;&nbsp;&nbsp;&nbsp;&nbsp;&nbsp;&nbsp;&nbsp;\n<strong>2) <\/strong>++ Maria i J\u00f3zef Cebulscy oraz + Roman Paw\u0142owski- modli si\u0119\n\u017cona i c\u00f3rka<\/p>\n","protected":false},"excerpt":{"rendered":"<p>Sk\u0142adaj\u0105c Ofiar\u0119, kt\u00f3ra nam przypomina niezmierzon\u0105 mi\u0142o\u015b\u0107 Twojego Syna, pokornie prosimy Ci\u0119, Bo\u017ce, przyjmij intencje Twoich wiernych i spraw przez dzia\u0142anie Eucharystii, aby w naszych rodzinach wzrasta\u0142a prawdziwa wiara, \u015bwi\u0119to\u015b\u0107 \u017cycia, braterska mi\u0142o\u015b\u0107 i duch modlitwy. Niech Matka Naj\u015bwi\u0119tsza wyprosi \u0142aski, o kt\u00f3re modlili\u015bmy si\u0119 w tej Mszy \u015bw. dla&#8230; <a class=\"continue-reading-link\" href=\"http:\/\/parafia.scinawa.info\/index.php\/2021\/07\/31\/intencje-mszalne-25-07-01-08-2021\/\">Czytaj dalej <span class=\"meta-nav\">&rarr; <\/span><\/a><\/p>\n","protected":false},"author":2,"featured_media":0,"comment_status":"closed","ping_status":"closed","sticky":false,"template":"","format":"standard","meta":{"footnotes":""},"categories":[39],"tags":[],"class_list":["post-1774","post","type-post","status-publish","format-standard","hentry","category-intencje"],"_links":{"self":[{"href":"http:\/\/parafia.scinawa.info\/index.php\/wp-json\/wp\/v2\/posts\/1774","targetHints":{"allow":["GET"]}}],"collection":[{"href":"http:\/\/parafia.scinawa.info\/index.php\/wp-json\/wp\/v2\/posts"}],"about":[{"href":"http:\/\/parafia.scinawa.info\/index.php\/wp-json\/wp\/v2\/types\/post"}],"author":[{"embeddable":true,"href":"http:\/\/parafia.scinawa.info\/index.php\/wp-json\/wp\/v2\/users\/2"}],"replies":[{"embeddable":true,"href":"http:\/\/parafia.scinawa.info\/index.php\/wp-json\/wp\/v2\/comments?post=1774"}],"version-history":[{"count":1,"href":"http:\/\/parafia.scinawa.info\/index.php\/wp-json\/wp\/v2\/posts\/1774\/revisions"}],"predecessor-version":[{"id":1775,"href":"http:\/\/parafia.scinawa.info\/index.php\/wp-json\/wp\/v2\/posts\/1774\/revisions\/1775"}],"wp:attachment":[{"href":"http:\/\/parafia.scinawa.info\/index.php\/wp-json\/wp\/v2\/media?parent=1774"}],"wp:term":[{"taxonomy":"category","embeddable":true,"href":"http:\/\/parafia.scinawa.info\/index.php\/wp-json\/wp\/v2\/categories?post=1774"},{"taxonomy":"post_tag","embeddable":true,"href":"http:\/\/parafia.scinawa.info\/index.php\/wp-json\/wp\/v2\/tags?post=1774"}],"curies":[{"name":"wp","href":"https:\/\/api.w.org\/{rel}","templated":true}]}}