{"id":1778,"date":"2021-07-31T13:31:37","date_gmt":"2021-07-31T11:31:37","guid":{"rendered":"http:\/\/parafia.scinawa.info\/?p=1778"},"modified":"2021-07-31T13:31:37","modified_gmt":"2021-07-31T11:31:37","slug":"ogloszenia-duszpasterskie-17-niedziela-zwykla-25-07-2021","status":"publish","type":"post","link":"http:\/\/parafia.scinawa.info\/index.php\/2021\/07\/31\/ogloszenia-duszpasterskie-17-niedziela-zwykla-25-07-2021\/","title":{"rendered":"Og\u0142oszenia duszpasterskie  17 Niedziela zwyk\u0142a \u2013 25.07. 2021"},"content":{"rendered":"\n<p><strong>1<\/strong><strong>.<\/strong> Dzi\u015b prze\u017cywamy\n<strong>17 Niedziel\u0119 zwyk\u0142\u0105<\/strong>. Msze \u015bw. wed\u0142ug porz\u0105dku wakacyjnego.\n<\/p>\n\n\n\n<p><strong><em>Po ka\u017cdej Mszy po\u015bwi\u0119cenie\npojazd\u00f3w<\/em><\/strong><strong>\nz racji \u015bwi\u0119ta \u015bw. Krzysztofa \u2013 Patrona kierowc\u00f3w. Podczas po\u015bwi\u0119cenia zbierane\nb\u0119d\u0105 ofiary do puszek na zakup \u015brodk\u00f3w transportu dla misjonarzy.<\/strong><\/p>\n\n\n\n<p><strong>2<\/strong><strong>.<\/strong> Msze \u015bw. w\ntygodniu&nbsp; o <strong>7<sup>30<\/sup><\/strong> i <strong>18<sup>00<\/sup><\/strong>.\n&nbsp;<\/p>\n\n\n\n<p><strong>3.<\/strong>\nCodziennie spowied\u017a i adoracja Naj\u015bwi\u0119tszego Sakramentu o godz. <strong>17<sup>00<\/sup>.<\/strong><\/p>\n\n\n\n<p><strong>4.<\/strong><strong> &nbsp;W tym tygodniu nabo\u017ce\u0144stwa: <\/strong><\/p>\n\n\n\n<p><strong>&#8211; w poniedzia\u0142ek &#8211; <\/strong>nabo\u017ce\u0144stwo<strong>\ndo Bo\u017cego Mi\u0142osierdzia <\/strong>o godz. <strong>17<sup>30<\/sup>. <\/strong><\/p>\n\n\n\n<p><strong>&#8211;<\/strong> <strong>w \u015brod\u0119<\/strong>\n&#8211; Nowenna do NMP Nieustaj\u0105cej Pomocy o godz. <strong>17<sup>30<\/sup><\/strong>.<\/p>\n\n\n\n<p><strong><em>(Na stoliku pod ch\u00f3rem znajduj\u0105 si\u0119\nkartki, na kt\u00f3rych mo\u017cna wypisywa\u0107 pro\u015bby <\/em><\/strong><\/p>\n\n\n\n<p><strong><em>&nbsp; &nbsp;&nbsp;&nbsp;&nbsp;&nbsp;&nbsp;&nbsp;&nbsp;&nbsp;&nbsp;&nbsp;&nbsp;&nbsp;&nbsp;&nbsp;&nbsp;&nbsp;&nbsp;&nbsp;&nbsp;&nbsp;&nbsp;&nbsp;&nbsp;&nbsp;&nbsp;&nbsp;&nbsp;&nbsp;&nbsp;&nbsp;&nbsp;&nbsp;&nbsp;i podzi\u0119kowania, kt\u00f3re b\u0119dziemy poleca\u0107 na nabo\u017ce\u0144stwach).<\/em><\/strong><\/p>\n\n\n\n<p><strong>5<\/strong><strong>.<\/strong> <strong>&nbsp;<\/strong>W tym tygodniu obchodzimy:<strong><\/strong><\/p>\n\n\n\n<p>&#8211; <strong>w\nponiedzia\u0142ek<\/strong> \u2013 wspomnienie\n\u015bw. Joachima i Anny, Rodzic\u00f3w NMP<\/p>\n\n\n\n<p>&#8211; <strong>w\nczwartek<\/strong> \u2013 wspomnienie\n\u015bw. Marty &nbsp;<\/p>\n\n\n\n<p>&#8211; <strong>w\nsobot\u0119<\/strong> \u2013 wspomnienie \u015bw. Ignacego\nz Loyoli, prezbitera<\/p>\n\n\n\n<p><strong>6<\/strong><strong>. <\/strong>W przysz\u0142\u0105 niedziel\u0119\nb\u0119dziemy prze\u017cywa\u0107 <strong>18 Niedziel\u0119 zwyk\u0142\u0105<\/strong>. Msze \u015bw. wg porz\u0105dku wakacyjnego. Zmiana tajemnic \u017bywego\nR\u00f3\u017ca\u0144ca o <strong>10<sup>30<\/sup>.<\/strong><\/p>\n\n\n\n<p><strong>7<\/strong><strong>.<\/strong> Kancelaria\nczynna codziennie po Mszy \u015bw. wieczornej z wyj\u0105tkiem niedziel, uroczysto\u015bci i\n\u015bwi\u0105t.<\/p>\n\n\n\n<p><strong>8<\/strong><strong>.<\/strong> Do nabycia jest\nprasa katolicka: Niedziela, Go\u015b\u0107 Niedzielny i R\u00f3\u017caniec. <\/p>\n\n\n\n<p><strong>9<\/strong><strong>.<\/strong> Dzi\u0119kuj\u0119\nwszystkim, kt\u00f3rzy w tym tygodniu sprz\u0105tali \u015bwi\u0105tyni\u0119 i przygotowali j\u0105 na nasze\nspotkanie eucharystyczne.<\/p>\n\n\n\n<p><strong>10<\/strong><strong>.<\/strong> Serdeczne B\u00f3g\nzap\u0142a\u0107 za ofiary sk\u0142adane na remonty w naszej parafii. <\/p>\n\n\n\n<p><strong>11<\/strong><strong>.<\/strong> Intencje\nmszalne, obrazki.<\/p>\n\n\n\n<p><strong>12.<\/strong>\nDzi\u015b r\u00f3wnie\u017c dzie\u0144 solidarno\u015bci z poszkodowanymi w powodziach i nawa\u0142nicach w\nEuropie Zachodniej, dlatego te\u017c na ten cel b\u0119dzie mo\u017cna z\u0142o\u017cy\u0107 ofiar\u0119 do puszek\nprzy wyj\u015bciu z Ko\u015bcio\u0142a.<em>\n<\/em><\/p>\n\n\n\n<p><em>\u017byczymy mi\u0142ego\ntygodnia i obfitych \u0142ask Bo\u017cych.<\/em><\/p>\n","protected":false},"excerpt":{"rendered":"<p>1. Dzi\u015b prze\u017cywamy 17 Niedziel\u0119 zwyk\u0142\u0105. Msze \u015bw. wed\u0142ug porz\u0105dku wakacyjnego. Po ka\u017cdej Mszy po\u015bwi\u0119cenie pojazd\u00f3w z racji \u015bwi\u0119ta \u015bw. Krzysztofa \u2013 Patrona kierowc\u00f3w. Podczas po\u015bwi\u0119cenia zbierane b\u0119d\u0105 ofiary do puszek na zakup \u015brodk\u00f3w transportu dla misjonarzy. 2. Msze \u015bw. w tygodniu&nbsp; o 730 i 1800. &nbsp; 3. Codziennie spowied\u017a&#8230; <a class=\"continue-reading-link\" href=\"http:\/\/parafia.scinawa.info\/index.php\/2021\/07\/31\/ogloszenia-duszpasterskie-17-niedziela-zwykla-25-07-2021\/\">Czytaj dalej <span class=\"meta-nav\">&rarr; <\/span><\/a><\/p>\n","protected":false},"author":2,"featured_media":0,"comment_status":"closed","ping_status":"closed","sticky":false,"template":"","format":"standard","meta":{"footnotes":""},"categories":[40],"tags":[],"class_list":["post-1778","post","type-post","status-publish","format-standard","hentry","category-ogloszenia-duszpasterskie"],"_links":{"self":[{"href":"http:\/\/parafia.scinawa.info\/index.php\/wp-json\/wp\/v2\/posts\/1778","targetHints":{"allow":["GET"]}}],"collection":[{"href":"http:\/\/parafia.scinawa.info\/index.php\/wp-json\/wp\/v2\/posts"}],"about":[{"href":"http:\/\/parafia.scinawa.info\/index.php\/wp-json\/wp\/v2\/types\/post"}],"author":[{"embeddable":true,"href":"http:\/\/parafia.scinawa.info\/index.php\/wp-json\/wp\/v2\/users\/2"}],"replies":[{"embeddable":true,"href":"http:\/\/parafia.scinawa.info\/index.php\/wp-json\/wp\/v2\/comments?post=1778"}],"version-history":[{"count":1,"href":"http:\/\/parafia.scinawa.info\/index.php\/wp-json\/wp\/v2\/posts\/1778\/revisions"}],"predecessor-version":[{"id":1779,"href":"http:\/\/parafia.scinawa.info\/index.php\/wp-json\/wp\/v2\/posts\/1778\/revisions\/1779"}],"wp:attachment":[{"href":"http:\/\/parafia.scinawa.info\/index.php\/wp-json\/wp\/v2\/media?parent=1778"}],"wp:term":[{"taxonomy":"category","embeddable":true,"href":"http:\/\/parafia.scinawa.info\/index.php\/wp-json\/wp\/v2\/categories?post=1778"},{"taxonomy":"post_tag","embeddable":true,"href":"http:\/\/parafia.scinawa.info\/index.php\/wp-json\/wp\/v2\/tags?post=1778"}],"curies":[{"name":"wp","href":"https:\/\/api.w.org\/{rel}","templated":true}]}}