{"id":1780,"date":"2021-07-31T13:46:20","date_gmt":"2021-07-31T11:46:20","guid":{"rendered":"http:\/\/parafia.scinawa.info\/?p=1780"},"modified":"2021-07-31T13:46:20","modified_gmt":"2021-07-31T11:46:20","slug":"ogloszenia-duszpasterskie-18-niedziela-zwykla-01-08-2021","status":"publish","type":"post","link":"http:\/\/parafia.scinawa.info\/index.php\/2021\/07\/31\/ogloszenia-duszpasterskie-18-niedziela-zwykla-01-08-2021\/","title":{"rendered":"Og\u0142oszenia duszpasterskie  18 Niedziela zwyk\u0142a \u2013 01.08. 2021"},"content":{"rendered":"\n<p><strong>1<\/strong><strong>.<\/strong> Dzi\u015b prze\u017cywamy\n<strong>18 Niedziel\u0119 zwyk\u0142\u0105<\/strong>. Msze \u015bw. wed\u0142ug porz\u0105dku wakacyjnego.\nZmiana tajemnic \u017bywego R\u00f3\u017ca\u0144ca o <strong>10<sup>30<\/sup>.<\/strong><\/p>\n\n\n\n<p><strong>2<\/strong><strong>.<\/strong> Msze \u015bw. w\ntygodniu&nbsp; o <strong>7<sup>30<\/sup><\/strong> i <strong>18<sup>00<\/sup><\/strong>.\n&nbsp;<\/p>\n\n\n\n<p><strong>3.<\/strong>\nCodziennie spowied\u017a i adoracja Naj\u015bwi\u0119tszego Sakramentu o godz. <strong>17<sup>00<\/sup>.<\/strong><\/p>\n\n\n\n<p><strong>4. <\/strong><strong>W poniedzia\u0142ek o&nbsp; 17<sup>30<\/sup> nabo\u017ce\u0144stwo do Bo\u017cego\nMi\u0142osierdzia. <\/strong>(Na stoliku pod ch\u00f3rem znajduj\u0105 si\u0119\nkartki, na kt\u00f3rych mo\u017cna wypisywa\u0107 pro\u015bby i podzi\u0119kowania, kt\u00f3re b\u0119dziemy\npoleca\u0107 Bo\u017cemu Mi\u0142osierdziu).<\/p>\n\n\n\n<p><strong>5. <\/strong>W\n\u015brod\u0119 Nowenna do NMP Nieustaj\u0105cej Pomocy o godz. <strong>17<sup>30<\/sup><\/strong>.<\/p>\n\n\n\n<p><strong>6<\/strong><strong>.<\/strong> <strong>&nbsp;<\/strong>W tym tygodniu obchodzimy:<strong><\/strong><\/p>\n\n\n\n<p>&#8211; <strong>w\n\u015brod\u0119<\/strong> \u2013 wspomnienie \u015bw. Jana\nMarii Vianneya, prezbitera &nbsp;<\/p>\n\n\n\n<p>&#8211; <strong>w\npi\u0105tek<\/strong> \u2013 \u015bwi\u0119to Przemienienia\nPa\u0144skiego<\/p>\n\n\n\n<p><strong>7.<\/strong>\nW tym tygodniu obchodzimy I czwartek, I pi\u0105tek i I sobot\u0119 miesi\u0105ca. <\/p>\n\n\n\n<p><strong>8<\/strong><strong>. <em>Odwiedziny chorych w I pi\u0105tek miesi\u0105ca od godz. 8.30.<\/em><\/strong><\/p>\n\n\n\n<p><strong>9.<\/strong>\nW sobot\u0119 o godz. <strong>17<sup>00<\/sup><\/strong> <strong><em>nabo\u017ce\u0144stwo\nfatimskie<\/em><\/strong> I soboty miesi\u0105ca<strong><\/strong><\/p>\n\n\n\n<p><strong>10<\/strong><strong>. <\/strong>W przysz\u0142\u0105 niedziel\u0119\nb\u0119dziemy prze\u017cywa\u0107 <strong>19 Niedziel\u0119 zwyk\u0142\u0105<\/strong>. Msze \u015bw. wg porz\u0105dku wakacyjnego.<\/p>\n\n\n\n<p><strong>11<\/strong><strong>.<\/strong> Kancelaria\nczynna codziennie po Mszy \u015bw. wieczornej z wyj\u0105tkiem niedziel, uroczysto\u015bci i\n\u015bwi\u0105t.<\/p>\n\n\n\n<p><strong>12<\/strong><strong>.<\/strong> Do nabycia jest\nprasa katolicka: Niedziela, Go\u015b\u0107 Niedzielny i R\u00f3\u017caniec. <\/p>\n\n\n\n<p><strong>13<\/strong><strong>.<\/strong> Dzi\u0119kuj\u0119\nwszystkim, kt\u00f3rzy w tym tygodniu sprz\u0105tali \u015bwi\u0105tyni\u0119 i przygotowali j\u0105 na nasze\nspotkanie eucharystyczne.<\/p>\n\n\n\n<p><strong>14<\/strong><strong>.<\/strong> Serdeczne B\u00f3g\nzap\u0142a\u0107 za ofiary sk\u0142adane na remonty w naszej parafii. <\/p>\n\n\n\n<p><strong>15<\/strong><strong>.<\/strong> Intencje\nmszalne, obrazki.<\/p>\n\n\n\n<p><strong>16.<\/strong>\n<strong><em>2 sierpnia mo\u017cna uzyska\u0107 odpust Porcjunkuli<\/em><\/strong>. Odpust\n&#8222;Porcjunkuli&#8221;: odpust zupe\u0142ny za nawiedzenie jakiegokolwiek ko\u015bcio\u0142a\ni pobo\u017cne odm\u00f3wienie tam &#8222;Ojcze nasz&#8221; i &#8222;Wierz\u0119&#8221; (por. WO\nnad. 33 \u00a7 1 nr 5).<em>\u017byczymy mi\u0142ego tygodnia i obfitych \u0142ask Bo\u017cych.<\/em><\/p>\n","protected":false},"excerpt":{"rendered":"<p>1. Dzi\u015b prze\u017cywamy 18 Niedziel\u0119 zwyk\u0142\u0105. Msze \u015bw. wed\u0142ug porz\u0105dku wakacyjnego. Zmiana tajemnic \u017bywego R\u00f3\u017ca\u0144ca o 1030. 2. Msze \u015bw. w tygodniu&nbsp; o 730 i 1800. &nbsp; 3. Codziennie spowied\u017a i adoracja Naj\u015bwi\u0119tszego Sakramentu o godz. 1700. 4. W poniedzia\u0142ek o&nbsp; 1730 nabo\u017ce\u0144stwo do Bo\u017cego Mi\u0142osierdzia. (Na stoliku pod ch\u00f3rem&#8230; <a class=\"continue-reading-link\" href=\"http:\/\/parafia.scinawa.info\/index.php\/2021\/07\/31\/ogloszenia-duszpasterskie-18-niedziela-zwykla-01-08-2021\/\">Czytaj dalej <span class=\"meta-nav\">&rarr; <\/span><\/a><\/p>\n","protected":false},"author":2,"featured_media":0,"comment_status":"closed","ping_status":"closed","sticky":false,"template":"","format":"standard","meta":{"footnotes":""},"categories":[40],"tags":[],"class_list":["post-1780","post","type-post","status-publish","format-standard","hentry","category-ogloszenia-duszpasterskie"],"_links":{"self":[{"href":"http:\/\/parafia.scinawa.info\/index.php\/wp-json\/wp\/v2\/posts\/1780","targetHints":{"allow":["GET"]}}],"collection":[{"href":"http:\/\/parafia.scinawa.info\/index.php\/wp-json\/wp\/v2\/posts"}],"about":[{"href":"http:\/\/parafia.scinawa.info\/index.php\/wp-json\/wp\/v2\/types\/post"}],"author":[{"embeddable":true,"href":"http:\/\/parafia.scinawa.info\/index.php\/wp-json\/wp\/v2\/users\/2"}],"replies":[{"embeddable":true,"href":"http:\/\/parafia.scinawa.info\/index.php\/wp-json\/wp\/v2\/comments?post=1780"}],"version-history":[{"count":1,"href":"http:\/\/parafia.scinawa.info\/index.php\/wp-json\/wp\/v2\/posts\/1780\/revisions"}],"predecessor-version":[{"id":1781,"href":"http:\/\/parafia.scinawa.info\/index.php\/wp-json\/wp\/v2\/posts\/1780\/revisions\/1781"}],"wp:attachment":[{"href":"http:\/\/parafia.scinawa.info\/index.php\/wp-json\/wp\/v2\/media?parent=1780"}],"wp:term":[{"taxonomy":"category","embeddable":true,"href":"http:\/\/parafia.scinawa.info\/index.php\/wp-json\/wp\/v2\/categories?post=1780"},{"taxonomy":"post_tag","embeddable":true,"href":"http:\/\/parafia.scinawa.info\/index.php\/wp-json\/wp\/v2\/tags?post=1780"}],"curies":[{"name":"wp","href":"https:\/\/api.w.org\/{rel}","templated":true}]}}