{"id":1788,"date":"2021-08-28T11:50:08","date_gmt":"2021-08-28T09:50:08","guid":{"rendered":"http:\/\/parafia.scinawa.info\/?p=1788"},"modified":"2021-08-28T11:50:08","modified_gmt":"2021-08-28T09:50:08","slug":"intencje-mszalne-15-08-22-08-2021","status":"publish","type":"post","link":"http:\/\/parafia.scinawa.info\/index.php\/2021\/08\/28\/intencje-mszalne-15-08-22-08-2021\/","title":{"rendered":"INTENCJE MSZALNE 15.08. \u2013 22.08. 2021"},"content":{"rendered":"\n<p><strong><em>Sk\u0142adaj\u0105c\nOfiar\u0119, kt\u00f3ra nam przypomina niezmierzon\u0105 mi\u0142o\u015b\u0107 Twojego Syna, pokornie prosimy\nCi\u0119, Bo\u017ce, przyjmij intencje Twoich wiernych i spraw przez dzia\u0142anie\nEucharystii, aby w naszych rodzinach wzrasta\u0142a prawdziwa wiara, \u015bwi\u0119to\u015b\u0107 \u017cycia,\nbraterska mi\u0142o\u015b\u0107 i duch modlitwy. <\/em><\/strong><strong>Niech\nMatka Naj\u015bwi\u0119tsza wyprosi \u0142aski, o kt\u00f3re modlili\u015bmy si\u0119 w tej Mszy \u015bw. dla \u2026\nZa\u015b zmar\u0142ym \u2026 za kt\u00f3rych odprawiali\u015bmy Msz\u0119 \u015bw.: wieczny odpoczynek racz im\nda\u0107 Panie (\u2026); niech odpoczywaj\u0105 w pokoju wiecznym. Amen<\/strong><\/p>\n\n\n\n<p><strong><em>15.08.\n&#8211; NIEDZIELA&nbsp; <\/em><\/strong><em><\/em><\/p>\n\n\n\n<p><strong>&nbsp; &nbsp;&nbsp;8.oo\n\u2013 1) <\/strong>w intencji Marii z okazji imienin dzi\u0119kczynna z pro\u015bb\u0105 o zdrowie, Bo\u017ce b\u0142ogos\u0142awie\u0144stwo,<\/p>\n\n\n\n<p>&nbsp;&nbsp;&nbsp;&nbsp;&nbsp;&nbsp;&nbsp;&nbsp;&nbsp;&nbsp;&nbsp;&nbsp;&nbsp;&nbsp;&nbsp;&nbsp;&nbsp; &nbsp;dary Ducha \u015awi\u0119tego, opiek\u0119 NMP<\/p>\n\n\n\n<p><strong>&nbsp;&nbsp;&nbsp;&nbsp;&nbsp;&nbsp;&nbsp;&nbsp;&nbsp;&nbsp;&nbsp; &nbsp;\n2)<\/strong> ++ Wies\u0142aw\u0119 i Wies\u0142awa Hadzik\u00f3w \u2013 modli si\u0119 Bo\u017cena\nz rodzin\u0105<\/p>\n\n\n\n<p><strong>11.oo\n\u2013 1) <\/strong>+ Magdalen\u0119 Bogacz w 11\nrocz. \u015bm. oraz ++ z rodziny: Piotra Bogacza, Jana i Ann\u0119<\/p>\n\n\n\n<p>&nbsp;&nbsp;&nbsp;&nbsp;&nbsp;&nbsp;&nbsp;&nbsp;&nbsp;&nbsp;&nbsp;&nbsp;&nbsp;&nbsp;&nbsp;&nbsp;&nbsp; &nbsp;Drobnych \u2013 modli si\u0119 Stanis\u0142aw z \u017con\u0105<\/p>\n\n\n\n<p><strong>&nbsp;&nbsp;&nbsp;&nbsp;&nbsp;&nbsp;&nbsp;&nbsp;&nbsp;&nbsp;&nbsp; &nbsp;\n2) <\/strong>++ dziadk\u00f3w: Mari\u0119 i\nWac\u0142awa Szatkowskich oraz Helen\u0119 i Miko\u0142aja Fydryk\u00f3w\n<\/p>\n\n\n\n<p><strong>12.3o\n\u2013 1) <\/strong>w 3 rocz. urodzin Ani, w 5\nrocz. urodzin Oli i 10 rocz. urodzin Jasia dzi\u0119kczynna <\/p>\n\n\n\n<p>&nbsp;&nbsp;&nbsp;&nbsp;&nbsp;&nbsp;&nbsp;&nbsp;&nbsp;&nbsp;&nbsp; &nbsp;&nbsp;&nbsp;z pro\u015bb\u0105\no zdrowie, Bo\u017ce b\u0142ogos\u0142awie\u0144stwo, dary Ducha \u015awi\u0119tego, opiek\u0119 NMP<\/p>\n\n\n\n<p>&nbsp;&nbsp;&nbsp;&nbsp;&nbsp;&nbsp;&nbsp;&nbsp;&nbsp;&nbsp;&nbsp; &nbsp;&nbsp;&nbsp;&nbsp; &#8211; modl\u0105 si\u0119\nrodzice<\/p>\n\n\n\n<p><strong>&nbsp;&nbsp;&nbsp;&nbsp;&nbsp;&nbsp;&nbsp;&nbsp;&nbsp;&nbsp;&nbsp; &nbsp;\n2)<\/strong> ++ Tomasza Szatkowskiego w 3 rocz. \u015bm., Mari\u0119\nSzatkowsk\u0105 z racji ziemskich imienin<\/p>\n\n\n\n<p>&nbsp;&nbsp;&nbsp;&nbsp;&nbsp;&nbsp;&nbsp;&nbsp;&nbsp;&nbsp;&nbsp;&nbsp;&nbsp;&nbsp;&nbsp;&nbsp; &nbsp;oraz w 18 rocz. urodzin Oliwii dzi\u0119kczynna z pro\u015bb\u0105 o zdrowie, Bo\u017ce b\u0142ogos\u0142awie\u0144stwo,\n<\/p>\n\n\n\n<p>&nbsp;&nbsp;&nbsp;&nbsp;&nbsp;&nbsp;&nbsp;&nbsp;&nbsp;&nbsp;&nbsp;&nbsp;&nbsp;&nbsp;&nbsp;&nbsp;&nbsp;&nbsp; dary Ducha \u015awi\u0119tego,\nopiek\u0119 NMP \u2013 modl\u0105 si\u0119 rodzice, brat i babcia<\/p>\n\n\n\n<p><strong>18.oo\n\u2013 <\/strong>++ Mari\u0119 Machtylsk\u0105, Iren\u0119 i Eugeniusza Rogal\u00f3w oraz\nAniel\u0119 i Jana \u0141owisz\u00f3w <\/p>\n\n\n\n<p><strong><em>16.08.\n\u2013 PONIEDZIA\u0141EK<\/em><\/strong><\/p>\n\n\n\n<p><strong>&nbsp; 7.3o \u2013 <\/strong>&nbsp;++ Hann\u0119 i Micha\u0142a w dniu ich ziemskich\nurodzin<\/p>\n\n\n\n<p><strong>18.oo\n\u2013 <\/strong>+Mari\u0119 Szpularz z okazji ziemskich imienin o wieczne\nszcz\u0119\u015bcie w niebie- modli si\u0119 rodzina<\/p>\n\n\n\n<p><strong><em>17.08.\n&#8211; WTOREK<\/em><\/strong><em><\/em><\/p>\n\n\n\n<p><strong>&nbsp; 7.3o \u2013<\/strong> w 25 rocz. urodzin wnuka Karola dzi\u0119kczynna z pro\u015bb\u0105 o zdrowie, Bo\u017ce b\u0142ogos\u0142awie\u0144stwo,\n<\/p>\n\n\n\n<p>&nbsp;&nbsp;&nbsp;&nbsp;&nbsp;&nbsp;&nbsp;&nbsp;&nbsp;&nbsp;&nbsp;&nbsp; &nbsp;dary Ducha \u015awi\u0119tego, opiek\u0119 NMP \u2013 modl\u0105 si\u0119\nobie babcie i dziadek<\/p>\n\n\n\n<p><strong>18.oo\n\u2013 <\/strong>&nbsp;+ Mariana\nMa\u0142ka w 18 rocz. \u015bm., ++ rodzic\u00f3w z obu stron: Katarzyn\u0119 i W\u0142adys\u0142awa <\/p>\n\n\n\n<p>&nbsp;&nbsp; &nbsp;&nbsp;&nbsp;&nbsp;&nbsp;&nbsp;&nbsp;&nbsp;&nbsp;&nbsp;&nbsp;&nbsp;oraz Ann\u0119 i Wawrzy\u0144ca \u2013 modli si\u0119\n\u017cona z rodzin\u0105<\/p>\n\n\n\n<p><strong><em>18.08.\n\u2013 \u015aRODA <\/em><\/strong><\/p>\n\n\n\n<p><strong>&nbsp; 7.3o \u2013 <\/strong><\/p>\n\n\n\n<p><strong>18.oo\n\u2013&nbsp; intencja zbiorowa nowennowa:<\/strong><\/p>\n\n\n\n<p><strong>&nbsp;1)<\/strong> ++ rodzic\u00f3w: Zofi\u0119 &nbsp;i Juliana oraz dusze w czy\u015b\u0107cu cierpi\u0105ce \u2013\nmodl\u0105 si\u0119 c\u00f3rki z rodzinami<\/p>\n\n\n\n<p><strong><em>19.08. \u2013 CZWARTEK <\/em><\/strong><em>&nbsp;<\/em><\/p>\n\n\n\n<p><strong>&nbsp;&nbsp;7.3o \u2013<\/strong>\n&nbsp;++Aleksandr\u0119(ona) i Jana Knap\u00f3w w\nrocznic\u0119 ziemskich urodzin- modl\u0105 si\u0119 dzieci z rodzinami<\/p>\n\n\n\n<p><strong>18.oo\n\u2013 <\/strong>&nbsp;+\nW\u0142adys\u0142awa Zalewskiego w 15 rocz. \u015bm. \u2013 modli si\u0119 c\u00f3rka Jadwiga z rodzin\u0105<\/p>\n\n\n\n<p><strong><em>20.08. \u2013 PI\u0104TEK<\/em><\/strong><\/p>\n\n\n\n<p><strong>&nbsp; 7.3o \u2013<\/strong> &nbsp;+ Wiktori\u0119 w 17 rocz. \u015bm.<\/p>\n\n\n\n<p><strong>18.oo\n\u2013 <\/strong>w 10 rocz. urodzin Kuby Sobolewskiego dzi\u0119kczynna z\npro\u015bb\u0105 o zdrowie, Bo\u017ce <\/p>\n\n\n\n<p>&nbsp;&nbsp;&nbsp;&nbsp;&nbsp;&nbsp;&nbsp;&nbsp;&nbsp;&nbsp;&nbsp;&nbsp;&nbsp; b\u0142ogos\u0142awie\u0144stwo, dary\nDucha \u015awi\u0119tego, opiek\u0119 NMP \u2013 modl\u0105 si\u0119 rodzice<\/p>\n\n\n\n<p><strong><em>21.08. \u2013 SOBOTA<\/em><\/strong><\/p>\n\n\n\n<p><strong>&nbsp;&nbsp;7.3o \u2013<\/strong>\n<\/p>\n\n\n\n<p><strong>18.oo\n\u2013<\/strong> + Halin\u0119 Bednarsk\u0105 w 3 rocz. \u015bm., ++ rodzic\u00f3w i\nrodze\u0144stwo oraz dusze w czy\u015b\u0107cu cierpi\u0105ce<\/p>\n\n\n\n<p>&nbsp;&nbsp;&nbsp;&nbsp;&nbsp;&nbsp;&nbsp;&nbsp;&nbsp;&nbsp;&nbsp;&nbsp;&nbsp;&nbsp; &nbsp;\u2013 modli si\u0119 Bronis\u0142aw z rodzin\u0105<\/p>\n\n\n\n<p><strong><em>22.08. \u2013 NIEDZIELA&nbsp; <\/em><\/strong><\/p>\n\n\n\n<p><strong>&nbsp; 8.oo \u2013 1) <\/strong>+ Wies\u0142awa (on) Cichut\u0119 w 3 rocz. \u015bm. \u2013 modli si\u0119 \u017cona z dzie\u0107mi i najbli\u017csz\u0105\nrodzin\u0105\n<\/p>\n\n\n\n<p><strong>&nbsp;&nbsp;&nbsp;&nbsp;&nbsp;&nbsp;&nbsp;&nbsp;&nbsp;&nbsp;&nbsp; &nbsp;\n2)<\/strong> ++ Piotra i Paw\u0142a Zdobylak\u00f3w w rocz. \u015bm.- modli si\u0119\nkolega z rodzin\u0105<\/p>\n\n\n\n<p><strong>11.oo\n\u2013 1) <\/strong>w 35 rocz. \u015blubu Joanny i\nStanis\u0142awa Seredy\u0144skich dzi\u0119kczynna z pro\u015bb\u0105 o zdrowie, Bo\u017ce <\/p>\n\n\n\n<p>&nbsp;&nbsp;&nbsp;&nbsp;&nbsp;&nbsp;&nbsp;&nbsp;&nbsp;&nbsp;&nbsp;&nbsp;&nbsp;&nbsp;&nbsp;&nbsp;&nbsp; b\u0142ogos\u0142awie\u0144stwo,\ndary Ducha \u015awi\u0119tego, opiek\u0119 NMP \u2013 modl\u0105 si\u0119 rodzice, siostra i brat<\/p>\n\n\n\n<p>&nbsp;&nbsp;&nbsp;&nbsp;&nbsp;&nbsp;&nbsp;&nbsp;&nbsp;&nbsp;&nbsp;&nbsp;&nbsp;&nbsp;&nbsp;&nbsp; &nbsp;z rodzinami<\/p>\n\n\n\n<p><strong>&nbsp;&nbsp;&nbsp;&nbsp;&nbsp;&nbsp;&nbsp;&nbsp;&nbsp;&nbsp;&nbsp; &nbsp;\n2) <\/strong>&nbsp;++J\u00f3zefa(on)\nFilarowskiego oraz Rozali\u0119 i Micha\u0142a Filarowskich- modli si\u0119 rodzina <\/p>\n\n\n\n<p><strong>12.3o\n\u2013 1) <\/strong>++ Stefani\u0119 i Antoniego,\nAnn\u0119 i Micha\u0142a oraz +Adel\u0119 z rodziny Czuczo\u0142a; ++Mari\u0119 i Micha\u0142a z rodziny\nG\u00f3rniak; ++Jana i Katarzyn\u0119 z rodziny G\u00f3ral- o wieczne szcz\u0119\u015bcie i dar nieba-\nmodli si\u0119 Janina<\/p>\n\n\n\n<p><strong>&nbsp;&nbsp;&nbsp;&nbsp;&nbsp;&nbsp;&nbsp;&nbsp;&nbsp;&nbsp;&nbsp; &nbsp;\n2)<\/strong> ++Rodzic\u00f3w: Jadwig\u0119 i Wiktora- o wieczne szcz\u0119\u015bcie\nw niebie- modli si\u0119 c\u00f3rka<\/p>\n\n\n\n<p>&nbsp;&nbsp;&nbsp;&nbsp;&nbsp;&nbsp;&nbsp;&nbsp;&nbsp;&nbsp;&nbsp;&nbsp;&nbsp;&nbsp;&nbsp;&nbsp;&nbsp;&nbsp;&nbsp;&nbsp;&nbsp;&nbsp;&nbsp;&nbsp;&nbsp;&nbsp;&nbsp;&nbsp;&nbsp;&nbsp;&nbsp;&nbsp;&nbsp;&nbsp;&nbsp;&nbsp;&nbsp;&nbsp;&nbsp;&nbsp;&nbsp;&nbsp;&nbsp;&nbsp;&nbsp;&nbsp; <strong><em>Chrzest po Mszy:\nKlara Marie Bastian<\/em><\/strong><\/p>\n\n\n\n<p><strong>18.oo\n\u2013 <\/strong>zaj. P. Pytlarz<strong>\n<\/strong>&nbsp;<\/p>\n","protected":false},"excerpt":{"rendered":"<p>Sk\u0142adaj\u0105c Ofiar\u0119, kt\u00f3ra nam przypomina niezmierzon\u0105 mi\u0142o\u015b\u0107 Twojego Syna, pokornie prosimy Ci\u0119, Bo\u017ce, przyjmij intencje Twoich wiernych i spraw przez dzia\u0142anie Eucharystii, aby w naszych rodzinach wzrasta\u0142a prawdziwa wiara, \u015bwi\u0119to\u015b\u0107 \u017cycia, braterska mi\u0142o\u015b\u0107 i duch modlitwy. Niech Matka Naj\u015bwi\u0119tsza wyprosi \u0142aski, o kt\u00f3re modlili\u015bmy si\u0119 w tej Mszy \u015bw. dla&#8230; <a class=\"continue-reading-link\" href=\"http:\/\/parafia.scinawa.info\/index.php\/2021\/08\/28\/intencje-mszalne-15-08-22-08-2021\/\">Czytaj dalej <span class=\"meta-nav\">&rarr; <\/span><\/a><\/p>\n","protected":false},"author":2,"featured_media":0,"comment_status":"closed","ping_status":"closed","sticky":false,"template":"","format":"standard","meta":{"footnotes":""},"categories":[39],"tags":[],"class_list":["post-1788","post","type-post","status-publish","format-standard","hentry","category-intencje"],"_links":{"self":[{"href":"http:\/\/parafia.scinawa.info\/index.php\/wp-json\/wp\/v2\/posts\/1788","targetHints":{"allow":["GET"]}}],"collection":[{"href":"http:\/\/parafia.scinawa.info\/index.php\/wp-json\/wp\/v2\/posts"}],"about":[{"href":"http:\/\/parafia.scinawa.info\/index.php\/wp-json\/wp\/v2\/types\/post"}],"author":[{"embeddable":true,"href":"http:\/\/parafia.scinawa.info\/index.php\/wp-json\/wp\/v2\/users\/2"}],"replies":[{"embeddable":true,"href":"http:\/\/parafia.scinawa.info\/index.php\/wp-json\/wp\/v2\/comments?post=1788"}],"version-history":[{"count":1,"href":"http:\/\/parafia.scinawa.info\/index.php\/wp-json\/wp\/v2\/posts\/1788\/revisions"}],"predecessor-version":[{"id":1789,"href":"http:\/\/parafia.scinawa.info\/index.php\/wp-json\/wp\/v2\/posts\/1788\/revisions\/1789"}],"wp:attachment":[{"href":"http:\/\/parafia.scinawa.info\/index.php\/wp-json\/wp\/v2\/media?parent=1788"}],"wp:term":[{"taxonomy":"category","embeddable":true,"href":"http:\/\/parafia.scinawa.info\/index.php\/wp-json\/wp\/v2\/categories?post=1788"},{"taxonomy":"post_tag","embeddable":true,"href":"http:\/\/parafia.scinawa.info\/index.php\/wp-json\/wp\/v2\/tags?post=1788"}],"curies":[{"name":"wp","href":"https:\/\/api.w.org\/{rel}","templated":true}]}}