{"id":1790,"date":"2021-08-28T11:51:33","date_gmt":"2021-08-28T09:51:33","guid":{"rendered":"http:\/\/parafia.scinawa.info\/?p=1790"},"modified":"2021-08-28T11:51:33","modified_gmt":"2021-08-28T09:51:33","slug":"intencje-mszalne-22-08-29-08-2021","status":"publish","type":"post","link":"http:\/\/parafia.scinawa.info\/index.php\/2021\/08\/28\/intencje-mszalne-22-08-29-08-2021\/","title":{"rendered":"INTENCJE MSZALNE 22.08. \u2013 29.08. 2021"},"content":{"rendered":"\n<p><strong><em>Sk\u0142adaj\u0105c\nOfiar\u0119, kt\u00f3ra nam przypomina niezmierzon\u0105 mi\u0142o\u015b\u0107 Twojego Syna, pokornie prosimy\nCi\u0119, Bo\u017ce, przyjmij intencje Twoich wiernych i spraw przez dzia\u0142anie\nEucharystii, aby w naszych rodzinach wzrasta\u0142a prawdziwa wiara, \u015bwi\u0119to\u015b\u0107 \u017cycia,\nbraterska mi\u0142o\u015b\u0107 i duch modlitwy. <\/em><\/strong><strong>Niech Matka Naj\u015bwi\u0119tsza wyprosi \u0142aski, o kt\u00f3re\nmodlili\u015bmy si\u0119 w tej Mszy \u015bw. dla \u2026 Za\u015b zmar\u0142ym \u2026 za kt\u00f3rych odprawiali\u015bmy Msz\u0119\n\u015bw.: wieczny odpoczynek racz im da\u0107 Panie (\u2026); niech odpoczywaj\u0105 w\npokoju wiecznym. Amen<\/strong><\/p>\n\n\n\n<p><strong><em>22.08.\n&#8211; NIEDZIELA&nbsp; <\/em><\/strong><em><\/em><\/p>\n\n\n\n<p><strong>&nbsp; &nbsp;&nbsp;8.oo\n\u2013 1) <\/strong>+ Wies\u0142awa\nCichut\u0119 w 3 rocz. \u015bm. \u2013 modli si\u0119 \u017cona z dzie\u0107mi i najbli\u017csz\u0105 rodzin\u0105\n<\/p>\n\n\n\n<p><strong>&nbsp;&nbsp;&nbsp;&nbsp;&nbsp;&nbsp;&nbsp;&nbsp;&nbsp;&nbsp;&nbsp; &nbsp;\n2)<\/strong> ++Piotra i Paw\u0142a Zdobylak\u00f3w w rocznic\u0119\n\u015bm.- modli si\u0119 kolega z rodzin\u0105<\/p>\n\n\n\n<p><strong>11.oo \u2013 1) <\/strong>w 30 rocz. \u015blubu Joanny i Stanis\u0142awa Seredy\u0144skich dzi\u0119kczynna z pro\u015bb\u0105 o\nzdrowie, Bo\u017ce <\/p>\n\n\n\n<p>&nbsp;&nbsp;&nbsp;&nbsp;&nbsp;&nbsp;&nbsp;&nbsp;&nbsp;&nbsp;&nbsp;&nbsp;&nbsp;&nbsp;&nbsp;&nbsp;&nbsp; b\u0142ogos\u0142awie\u0144stwo,\ndary Ducha \u015awi\u0119tego, opiek\u0119 NMP \u2013 prosz\u0105 i modl\u0105 si\u0119 rodzice, dzieci i\nrodze\u0144stwo z rodzinami <\/p>\n\n\n\n<p><strong>&nbsp;&nbsp;&nbsp;&nbsp;&nbsp;&nbsp;&nbsp;&nbsp;&nbsp;&nbsp;&nbsp; &nbsp;\n2) <\/strong>&nbsp;+J\u00f3zefa(on)\nFilarowskiego oraz ++Rozali\u0119 i Micha\u0142a Filarowskich- modli si\u0119 rodzina<\/p>\n\n\n\n<p><strong>12.3o\n\u2013 1) <\/strong>++ Stefani\u0119 i\nAntoniego, Ann\u0119 i Micha\u0142a oraz +Adel\u0119 z rodziny Czuczo\u0142a; ++Mari\u0119 i Micha\u0142a z\nrodziny G\u00f3rniak; ++Jana i Katarzyn\u0119 z rodziny G\u00f3ral- o wieczne szcz\u0119\u015bcie i dar\nnieba- modli si\u0119 Janina<\/p>\n\n\n\n<p><strong>&nbsp;&nbsp;&nbsp;&nbsp;&nbsp;&nbsp;&nbsp;&nbsp;&nbsp;&nbsp;&nbsp; &nbsp; 2)<\/strong> ++Rodzic\u00f3w:\nJadwig\u0119 i Wiktora Lisieckich- o wieczne szcz\u0119\u015bcie w niebie- modli si\u0119 c\u00f3rka i\nwnuki<\/p>\n\n\n\n<p><strong>&nbsp;&nbsp;&nbsp;&nbsp;&nbsp;&nbsp;&nbsp;&nbsp;&nbsp;&nbsp;&nbsp;&nbsp; 3) <\/strong>W\nintencji Micha\u0142a z okazji 10 r. urodzin- dzi\u0119kczynna z pro\u015bb\u0105 o zdrowie, Bo\u017ce\nb\u0142., Dary Ducha \u015awi\u0119tego i opiek\u0119 NMP- modli si\u0119 rodzina<\/p>\n\n\n\n<p>&nbsp;&nbsp;&nbsp;&nbsp;&nbsp;&nbsp;&nbsp;&nbsp;&nbsp;&nbsp;&nbsp;&nbsp;&nbsp;&nbsp;&nbsp;&nbsp;&nbsp;&nbsp;&nbsp;&nbsp;&nbsp;&nbsp;&nbsp;&nbsp;&nbsp;&nbsp;&nbsp;&nbsp;&nbsp;&nbsp;&nbsp;&nbsp;&nbsp;&nbsp;&nbsp;&nbsp;&nbsp;&nbsp;&nbsp;&nbsp;&nbsp;&nbsp;&nbsp;&nbsp;&nbsp;&nbsp; <strong><em>Chrzest\npo Mszy: Klara Marie Bastian<\/em><\/strong><\/p>\n\n\n\n<p><strong>18.oo \u2013 <\/strong>W intencji Wiolety i Piotra Ko\u0142acz\u00f3w w 17 rocznic\u0119 zawarcia sakramentu\nma\u0142\u017ce\u0144stwa z pro\u015bb\u0105 o zdrowie, Bo\u017ce b\u0142., dary Ducha \u015awi\u0119tego, opiek\u0119 NMP &nbsp;i \u015bwi\u0119tych patron\u00f3w<strong>&#8211; <\/strong>modli si\u0119 rodzina<\/p>\n\n\n\n<p><strong><em>23.08.\n\u2013 PONIEDZIA\u0141EK<\/em><\/strong><\/p>\n\n\n\n<p><strong>&nbsp; &nbsp;&nbsp;7.3o \u2013 <\/strong>&nbsp;+m\u0119\u017ca Paw\u0142a Spiaka, jego brata Piotra oraz ++\nrodzic\u00f3w z obu stron: Janin\u0119 i Kazimierza, Katarzyn\u0119 i Miko\u0142aja<\/p>\n\n\n\n<p><strong>18.oo \u2013 &nbsp;<\/strong>+ Stanis\u0142awa Kordyk\u0119 w 30 rocz. \u015bm. i Les\u0142awa\nKordyk\u0119 w 22 rocz. \u015bm. <\/p>\n\n\n\n<p>&nbsp;&nbsp;&nbsp;&nbsp;&nbsp;&nbsp;&nbsp;&nbsp;&nbsp;&nbsp;&nbsp;&nbsp;&nbsp;&nbsp;&nbsp;&nbsp;&nbsp; oraz ++ z rodziny\nKordyk\u00f3w i Su\u0142kowskich <\/p>\n\n\n\n<p><strong><em>24.08.\n&#8211; WTOREK<\/em><\/strong><em><\/em><\/p>\n\n\n\n<p><strong>&nbsp; 7.3o \u2013<\/strong><\/p>\n\n\n\n<p><strong>18.oo\n\u2013 <\/strong>&nbsp;<strong>&nbsp;<\/strong>+ J\u00f3zefa w 4 rocz. \u015bm. \u2013 modli si\u0119 rodzina\n<\/p>\n\n\n\n<p><strong><em>25.08.\n\u2013 \u015aRODA <\/em><\/strong><\/p>\n\n\n\n<p><strong>&nbsp; 7.3o \u2013 <\/strong>+ Teodor\u0119 w 40 rocz. \u015bm.<\/p>\n\n\n\n<p><strong>18.oo \u2013&nbsp; intencja\nzbiorowa nowennowa:<\/strong><\/p>\n\n\n\n<p><strong>&nbsp;1)<\/strong>\nw 18 rocz. urodzin Kamila dzi\u0119kczynna z\npro\u015bb\u0105 o zdrowie, Bo\u017ce b\u0142ogos\u0142awie\u0144stwo, dary Ducha <\/p>\n\n\n\n<p>&nbsp;&nbsp;&nbsp;&nbsp;&nbsp;&nbsp; \u015awi\u0119tego, opiek\u0119 NMP \u2013 modl\u0105\nsi\u0119 rodzice i brat Marcin<\/p>\n\n\n\n<p><strong><em>26.08. \u2013 CZWARTEK\n<\/em><\/strong><em>&nbsp;<\/em><\/p>\n\n\n\n<p><strong>&nbsp; 7.3o \u2013<\/strong> &nbsp;Dzi\u0119kczynna z pro\u015bb\u0105 o dalsz\u0105 opiek\u0119 NMP\nCz\u0119stochowskiej<\/p>\n\n\n\n<p><strong>18.oo\n\u2013 <\/strong>&nbsp;++\nz rodziny Grzesiak\u00f3w i ++te\u015bci\u00f3w: Mariann\u0119 i Stanis\u0142awa +m\u0119\u017ca J\u00f3zefa ++ siostry\nm\u0119\u017ca: Mariann\u0119 i Helen\u0119 oraz Stefana Woli\u0144skiego- modli si\u0119 Maria z rodzin\u0105<\/p>\n\n\n\n<p><strong><em>27.08. \u2013 PI\u0104TEK<\/em><\/strong><\/p>\n\n\n\n<p><strong>&nbsp; &nbsp;&nbsp;7.3o\n\u2013<\/strong> &nbsp;+ m\u0119\u017ca\nJ\u00f3zefa Markiewicza oraz ++ z rodziny: Rozali\u0119 i Jana<\/p>\n\n\n\n<p><strong>18.oo\n\u2013 1) <\/strong>W intencji Barbary i Stanis\u0142awa\nAnielskich z okazji 50 rocznicy zawarcia sakramentu ma\u0142\u017ce\u0144stwa- dzi\u0119kczynna z\npro\u015bb\u0105 o zdrowie, Bo\u017ce b\u0142, Dary Ducha \u015awi\u0119tego oraz opiek\u0119 NMP<\/p>\n\n\n\n<p><strong>&nbsp;&nbsp;&nbsp;&nbsp;&nbsp;&nbsp;&nbsp;&nbsp;&nbsp;&nbsp;&nbsp; &nbsp;\n2)<\/strong> &nbsp;++J\u00f3zef\u0119,\nMateusza i Floriana<\/p>\n\n\n\n<p><strong><em>28.08. \u2013 SOBOTA<\/em><\/strong><\/p>\n\n\n\n<p><strong>&nbsp; &nbsp;&nbsp;7.3o \u2013<\/strong> <\/p>\n\n\n\n<p><strong>15.oo \u2013 <\/strong>w 50 rocz. \u015blubu Stanis\u0142awy i Henryka &nbsp;dzi\u0119kczynna z pro\u015bb\u0105 o zdrowie, Bo\u017ce <\/p>\n\n\n\n<p>&nbsp;&nbsp;&nbsp;&nbsp;&nbsp;&nbsp;&nbsp;&nbsp;&nbsp;&nbsp;&nbsp;&nbsp;&nbsp;&nbsp;&nbsp;&nbsp;&nbsp; b\u0142ogos\u0142awie\u0144stwo, dary Ducha \u015awi\u0119tego,\nopiek\u0119 NMP \u2013 modl\u0105 si\u0119<strong><\/strong><\/p>\n\n\n\n<p><strong>18.oo\n\u2013 1) <\/strong>zaj. P. \u0141agoda\n<\/p>\n\n\n\n<p><strong>&nbsp;&nbsp;&nbsp;&nbsp;&nbsp;&nbsp;&nbsp;&nbsp;&nbsp;&nbsp;&nbsp; &nbsp; 2)<\/strong> w 1 rocz. \u015blubu\nMa\u0142gorzaty i Mariusza oraz oraz 11 r. urodzin Patrycji i 10 r. urodzin Bartosza <\/p>\n\n\n\n<p>&nbsp;&nbsp;&nbsp; &nbsp;&nbsp;&nbsp;&nbsp;&nbsp;&nbsp;&nbsp;&nbsp;&nbsp;&nbsp;&nbsp;&nbsp;&nbsp;&nbsp;&nbsp;z pro\u015bb\u0105 o zdrowie, Bo\u017ce b\u0142ogos\u0142awie\u0144stwo, dary\nDucha \u015awi\u0119tego, opiek\u0119 NMP <\/p>\n\n\n\n<p>&nbsp;&nbsp;&nbsp;&nbsp;&nbsp;&nbsp;&nbsp;&nbsp;&nbsp;&nbsp;&nbsp;&nbsp;&nbsp;&nbsp;&nbsp;&nbsp;&nbsp;&nbsp;&nbsp; \u2013 modli si\u0119 rodzina<\/p>\n\n\n\n<p><strong><em>29.08. \u2013\nNIEDZIELA&nbsp; <\/em><\/strong><\/p>\n\n\n\n<p><strong>&nbsp; 8.oo \u2013 1) <\/strong>+m\u0119\u017ca Henryka w 3 r. \u015bm. oraz +tat\u0119 Boles\u0142awa- modli si\u0119 Czes\u0142awa z\nrodzin\u0105 <\/p>\n\n\n\n<p><strong>&nbsp;&nbsp;&nbsp;&nbsp;&nbsp;&nbsp;&nbsp;&nbsp;&nbsp;&nbsp;&nbsp; &nbsp;\n2)<\/strong> + m\u0119\u017ca J\u00f3zefa Rudyka w 2 rocz. \u015bm. \u2013\nmodli si\u0119 \u017cona<\/p>\n\n\n\n<p><strong>&nbsp; 9.3o \u2013 <\/strong>&nbsp;&nbsp;+Ann\u0119\nMiszczuk w 10 r. \u015bm oraz za ++W\u0142adys\u0142awa(on) i Michalin\u0119 Miszczuk\u00f3w- modli si\u0119\nrodzina<\/p>\n\n\n\n<p><strong>11.oo\n\u2013 1) <\/strong>+ J\u00f3zef\u0119 Dobis\nw 9 rocz. \u015bm. oraz ++ z rodziny<\/p>\n\n\n\n<p><strong>&nbsp;&nbsp;&nbsp;&nbsp;&nbsp;&nbsp;&nbsp;&nbsp;&nbsp;&nbsp;&nbsp; &nbsp;\n2) <\/strong>&nbsp;++\nJana, Antoniego i Paraskiewi\u0119 z rodziny Budzi\u0144skich \u2013 modli si\u0119 rodzina<\/p>\n\n\n\n<p>&nbsp;&nbsp;&nbsp;&nbsp;&nbsp;&nbsp;&nbsp;&nbsp;\n&nbsp;&nbsp;&nbsp;&nbsp;&nbsp;<strong>3<\/strong>)\n++Mariann\u0119(ona) i Boles\u0142awa(on) Sztab\u00f3w oraz ++ z rodziny: Ja\u0144czyk\u00f3w i\nSuchodolskich<\/p>\n\n\n\n<p><strong>12.3o\n\u2013 1) <\/strong>zaj.\nBentkowska<\/p>\n\n\n\n<p><strong>&nbsp;&nbsp;&nbsp;&nbsp;&nbsp;&nbsp;&nbsp;&nbsp;&nbsp;&nbsp;&nbsp; &nbsp; 2)<\/strong> w 12 rocz.\nurodzin Magdaleny i w 10 rocz. urodzin Alicji dzi\u0119kczynna z pro\u015bb\u0105 o zdrowie, <\/p>\n\n\n\n<p>&nbsp;&nbsp;&nbsp;&nbsp;&nbsp;&nbsp;&nbsp;&nbsp;&nbsp;&nbsp;&nbsp;&nbsp;&nbsp;&nbsp;&nbsp;&nbsp;&nbsp; Bo\u017ce b\u0142ogos\u0142awie\u0144stwo,\ndary Ducha \u015awi\u0119tego, opiek\u0119 NMP i \u015bw. Patron\u00f3w <\/p>\n\n\n\n<p>&nbsp;&nbsp;&nbsp;&nbsp;&nbsp;&nbsp;&nbsp;&nbsp;&nbsp;&nbsp;&nbsp;&nbsp;&nbsp;&nbsp;&nbsp;&nbsp;&nbsp;&nbsp; \u2013 modli si\u0119\nrodzina<\/p>\n\n\n\n<p><strong>18.oo\n\u2013 1) <\/strong>W intencji Agnieszki\ni Huberta &nbsp;w 12 rocz. zawarcia sakramentu\nma\u0142\u017ce\u0144stwa oraz za ich syna Pawe\u0142ka- dzi\u0119kczynna z pro\u015bb\u0105 o zdrowie, Bo\u017ce b\u0142.,\nDary Ducha \u015awi\u0119tego i&nbsp; opiek\u0119 NMP- modl\u0105\nsi\u0119 rodzice i Przemys\u0142aw<\/p>\n\n\n\n<p><strong>&nbsp;&nbsp;&nbsp;&nbsp;&nbsp;&nbsp;&nbsp;&nbsp;&nbsp;&nbsp;&nbsp;&nbsp;&nbsp; 2)<\/strong>\nW 2 rocz. urodzin Szymona Witowskiego dzi\u0119kczynna\nz pro\u015bb\u0105 o zdrowie, Bo\u017ce <\/p>\n\n\n\n<p>&nbsp;&nbsp;&nbsp;&nbsp;&nbsp;&nbsp;&nbsp;&nbsp;&nbsp;&nbsp;&nbsp;&nbsp;&nbsp;&nbsp;&nbsp;&nbsp; &nbsp;b\u0142ogos\u0142awie\u0144stwo, dary Ducha \u015awi\u0119tego, opiek\u0119\nNMP \u2013 modl\u0105 si\u0119 dziadkowie: Stanis\u0142aw <\/p>\n\n\n\n<p>&nbsp;&nbsp;&nbsp;&nbsp;&nbsp;&nbsp;&nbsp;&nbsp; &nbsp;&nbsp;&nbsp;&nbsp;&nbsp;&nbsp;&nbsp;&nbsp;&nbsp;&nbsp;i Janina z rodzin\u0105\n<\/p>\n","protected":false},"excerpt":{"rendered":"<p>Sk\u0142adaj\u0105c Ofiar\u0119, kt\u00f3ra nam przypomina niezmierzon\u0105 mi\u0142o\u015b\u0107 Twojego Syna, pokornie prosimy Ci\u0119, Bo\u017ce, przyjmij intencje Twoich wiernych i spraw przez dzia\u0142anie Eucharystii, aby w naszych rodzinach wzrasta\u0142a prawdziwa wiara, \u015bwi\u0119to\u015b\u0107 \u017cycia, braterska mi\u0142o\u015b\u0107 i duch modlitwy. Niech Matka Naj\u015bwi\u0119tsza wyprosi \u0142aski, o kt\u00f3re modlili\u015bmy si\u0119 w tej Mszy \u015bw. dla&#8230; <a class=\"continue-reading-link\" href=\"http:\/\/parafia.scinawa.info\/index.php\/2021\/08\/28\/intencje-mszalne-22-08-29-08-2021\/\">Czytaj dalej <span class=\"meta-nav\">&rarr; <\/span><\/a><\/p>\n","protected":false},"author":2,"featured_media":0,"comment_status":"closed","ping_status":"closed","sticky":false,"template":"","format":"standard","meta":{"footnotes":""},"categories":[39],"tags":[],"class_list":["post-1790","post","type-post","status-publish","format-standard","hentry","category-intencje"],"_links":{"self":[{"href":"http:\/\/parafia.scinawa.info\/index.php\/wp-json\/wp\/v2\/posts\/1790","targetHints":{"allow":["GET"]}}],"collection":[{"href":"http:\/\/parafia.scinawa.info\/index.php\/wp-json\/wp\/v2\/posts"}],"about":[{"href":"http:\/\/parafia.scinawa.info\/index.php\/wp-json\/wp\/v2\/types\/post"}],"author":[{"embeddable":true,"href":"http:\/\/parafia.scinawa.info\/index.php\/wp-json\/wp\/v2\/users\/2"}],"replies":[{"embeddable":true,"href":"http:\/\/parafia.scinawa.info\/index.php\/wp-json\/wp\/v2\/comments?post=1790"}],"version-history":[{"count":1,"href":"http:\/\/parafia.scinawa.info\/index.php\/wp-json\/wp\/v2\/posts\/1790\/revisions"}],"predecessor-version":[{"id":1791,"href":"http:\/\/parafia.scinawa.info\/index.php\/wp-json\/wp\/v2\/posts\/1790\/revisions\/1791"}],"wp:attachment":[{"href":"http:\/\/parafia.scinawa.info\/index.php\/wp-json\/wp\/v2\/media?parent=1790"}],"wp:term":[{"taxonomy":"category","embeddable":true,"href":"http:\/\/parafia.scinawa.info\/index.php\/wp-json\/wp\/v2\/categories?post=1790"},{"taxonomy":"post_tag","embeddable":true,"href":"http:\/\/parafia.scinawa.info\/index.php\/wp-json\/wp\/v2\/tags?post=1790"}],"curies":[{"name":"wp","href":"https:\/\/api.w.org\/{rel}","templated":true}]}}