{"id":1792,"date":"2021-08-28T11:53:32","date_gmt":"2021-08-28T09:53:32","guid":{"rendered":"http:\/\/parafia.scinawa.info\/?p=1792"},"modified":"2021-08-28T11:53:32","modified_gmt":"2021-08-28T09:53:32","slug":"ogloszenia-duszpasterskie-uroczystosc-wniebowziecia-nmp-15-08-2021","status":"publish","type":"post","link":"http:\/\/parafia.scinawa.info\/index.php\/2021\/08\/28\/ogloszenia-duszpasterskie-uroczystosc-wniebowziecia-nmp-15-08-2021\/","title":{"rendered":"Og\u0142oszenia duszpasterskie Uroczysto\u015b\u0107 Wniebowzi\u0119cia NMP \u2013 15.08. 2021"},"content":{"rendered":"\n<p><strong>1<\/strong><strong>.<\/strong>\nDzi\u015b prze\u017cywamy <a><strong>uroczysto\u015b\u0107\nWniebowzi\u0119cia NMP<\/strong><\/a>. Msze \u015bw. wed\u0142ug porz\u0105dku wakacyjnego. Po ka\u017cdej Mszy \u015bw. po\u015bwi\u0119cenie zi\u00f3\u0142 i\nkwiat\u00f3w. Taca przeznaczona jest na budow\u0119 ko\u015bcio\u0142\u00f3w w diecezji.<\/p>\n\n\n\n<p><strong>2<\/strong><strong>.<\/strong>\nMsze \u015bw. w tygodniu&nbsp; o <strong>7<sup>30<\/sup><\/strong>\ni <strong>18<sup>00<\/sup><\/strong>. &nbsp;<\/p>\n\n\n\n<p><strong>3.<\/strong>\nCodziennie spowied\u017a i adoracja Naj\u015bwi\u0119tszego Sakramentu o godz. <strong>17<sup>00<\/sup>.<\/strong><\/p>\n\n\n\n<p><strong>4. <\/strong><strong>W tym tygodniu nabo\u017ce\u0144stwa:\n<\/strong><\/p>\n\n\n\n<p><strong>&#8211; w poniedzia\u0142ek\n&nbsp;&nbsp;&nbsp;&nbsp; &#8211; <\/strong>nabo\u017ce\u0144stwo<strong><em>\ndo \u015bw. Jana Paw\u0142a II o godz. <\/em><\/strong><strong>17<sup>00<\/sup><em><\/em><\/strong><\/p>\n\n\n\n<p>&nbsp;&nbsp;&nbsp;&nbsp;&nbsp;&nbsp;&nbsp;&nbsp;&nbsp;&nbsp;&nbsp; &nbsp;&nbsp;&nbsp;&nbsp;&nbsp;&nbsp;&nbsp; &nbsp;&nbsp; &nbsp;&nbsp;i nabo\u017ce\u0144stwo<strong> do Bo\u017cego Mi\u0142osierdzia\n<\/strong>o godz. <strong>17<sup>30<\/sup>.\n<\/strong><\/p>\n\n\n\n<p><strong>&#8211;<\/strong>\n<strong>w \u015brod\u0119<\/strong> &nbsp;&nbsp;&nbsp;&nbsp;&nbsp;&nbsp;&nbsp;&nbsp;&nbsp;&nbsp;&nbsp;&nbsp;&nbsp;&nbsp;&nbsp;&nbsp;&nbsp; &#8211; Nowenna\ndo NMP Nieustaj\u0105cej Pomocy o godz. <strong>17<sup>30<\/sup><\/strong>.<\/p>\n\n\n\n<p><strong>&#8211;<\/strong>\n<strong>w czwartek<\/strong> <strong>&nbsp;&nbsp;&nbsp;&nbsp;&nbsp;&nbsp;&nbsp;&nbsp;&nbsp;&nbsp;&nbsp; &#8211;\n<\/strong>nabo\u017ce\u0144stwo do <strong>\u015bw. J\u00f3zefa<\/strong> o godz. <strong>17<sup>00<\/sup><\/strong><strong><\/strong><\/p>\n\n\n\n<p><strong>&#8211;<\/strong>\n<strong>w niedziel\u0119<\/strong> &nbsp;&nbsp;&nbsp;&nbsp;&nbsp;&nbsp;&nbsp;&nbsp;&nbsp;&nbsp;&nbsp; &#8211; nabo\u017ce\u0144stwo\ndo <strong>\u015bw. Rity<\/strong> o godz.\n<strong>17<sup>00<\/sup><\/strong><\/p>\n\n\n\n<p><strong>5<\/strong><strong>.<\/strong> <strong>&nbsp;<\/strong>W tym tygodniu obchodzimy:<\/p>\n\n\n\n<p>&#8211; <strong>we wtorek<\/strong>&nbsp;\n\u2013 wspomnienie \u015bw. Jacka, prezbitera<strong><\/strong><\/p>\n\n\n\n<p>&#8211; <strong>w pi\u0105tek<\/strong>&nbsp;\n\u2013 wspomnienie \u015bw. Bernarda, opata i doktora Ko\u015bcio\u0142a<\/p>\n\n\n\n<p>&#8211; <strong>w sobot\u0119<\/strong>&nbsp;\n\u2013 wspomnienie \u015bw. Piusa X, papie\u017ca<\/p>\n\n\n\n<p><strong>6<\/strong><strong>. <\/strong>W przysz\u0142\u0105 niedziel\u0119 b\u0119dziemy\nprze\u017cywa\u0107 <strong>21 Niedziel\u0119\nzwyk\u0142\u0105<\/strong>. Msze \u015bw. wed\u0142ug porz\u0105dku wakacyjnego.\n<\/p>\n\n\n\n<p><strong>7<\/strong><strong>.<\/strong>\nKancelaria czynna codziennie po Mszy \u015bw. wieczornej z wyj\u0105tkiem niedziel,\nuroczysto\u015bci i \u015bwi\u0105t.<\/p>\n\n\n\n<p><strong>8<\/strong><strong>.<\/strong>\nDo nabycia jest prasa katolicka: Niedziela, Go\u015b\u0107 Niedzielny i R\u00f3\u017caniec. <\/p>\n\n\n\n<p><strong>9<\/strong><strong>.<\/strong>\nDzi\u0119kuj\u0119 wszystkim, kt\u00f3rzy w tym tygodniu sprz\u0105tali \u015bwi\u0105tyni\u0119 i przygotowali j\u0105\nna nasze spotkanie eucharystyczne.<\/p>\n\n\n\n<p><strong>10<\/strong><strong>.<\/strong>\nSerdeczne B\u00f3g zap\u0142a\u0107 za ofiary sk\u0142adane na remonty w naszej parafii. <\/p>\n\n\n\n<p><strong>11.<\/strong>\nIntencje mszalne, obrazki \u2013 pami\u0105tki odprawionej Mszy \u015bw.<em>\u017byczymy mi\u0142ego tygodnia i obfitych \u0142ask Bo\u017cych.<\/em><\/p>\n","protected":false},"excerpt":{"rendered":"<p>1. Dzi\u015b prze\u017cywamy uroczysto\u015b\u0107 Wniebowzi\u0119cia NMP. Msze \u015bw. wed\u0142ug porz\u0105dku wakacyjnego. Po ka\u017cdej Mszy \u015bw. po\u015bwi\u0119cenie zi\u00f3\u0142 i kwiat\u00f3w. Taca przeznaczona jest na budow\u0119 ko\u015bcio\u0142\u00f3w w diecezji. 2. Msze \u015bw. w tygodniu&nbsp; o 730 i 1800. &nbsp; 3. Codziennie spowied\u017a i adoracja Naj\u015bwi\u0119tszego Sakramentu o godz. 1700. 4. W tym&#8230; <a class=\"continue-reading-link\" href=\"http:\/\/parafia.scinawa.info\/index.php\/2021\/08\/28\/ogloszenia-duszpasterskie-uroczystosc-wniebowziecia-nmp-15-08-2021\/\">Czytaj dalej <span class=\"meta-nav\">&rarr; <\/span><\/a><\/p>\n","protected":false},"author":2,"featured_media":0,"comment_status":"closed","ping_status":"closed","sticky":false,"template":"","format":"standard","meta":{"footnotes":""},"categories":[40],"tags":[],"class_list":["post-1792","post","type-post","status-publish","format-standard","hentry","category-ogloszenia-duszpasterskie"],"_links":{"self":[{"href":"http:\/\/parafia.scinawa.info\/index.php\/wp-json\/wp\/v2\/posts\/1792","targetHints":{"allow":["GET"]}}],"collection":[{"href":"http:\/\/parafia.scinawa.info\/index.php\/wp-json\/wp\/v2\/posts"}],"about":[{"href":"http:\/\/parafia.scinawa.info\/index.php\/wp-json\/wp\/v2\/types\/post"}],"author":[{"embeddable":true,"href":"http:\/\/parafia.scinawa.info\/index.php\/wp-json\/wp\/v2\/users\/2"}],"replies":[{"embeddable":true,"href":"http:\/\/parafia.scinawa.info\/index.php\/wp-json\/wp\/v2\/comments?post=1792"}],"version-history":[{"count":1,"href":"http:\/\/parafia.scinawa.info\/index.php\/wp-json\/wp\/v2\/posts\/1792\/revisions"}],"predecessor-version":[{"id":1793,"href":"http:\/\/parafia.scinawa.info\/index.php\/wp-json\/wp\/v2\/posts\/1792\/revisions\/1793"}],"wp:attachment":[{"href":"http:\/\/parafia.scinawa.info\/index.php\/wp-json\/wp\/v2\/media?parent=1792"}],"wp:term":[{"taxonomy":"category","embeddable":true,"href":"http:\/\/parafia.scinawa.info\/index.php\/wp-json\/wp\/v2\/categories?post=1792"},{"taxonomy":"post_tag","embeddable":true,"href":"http:\/\/parafia.scinawa.info\/index.php\/wp-json\/wp\/v2\/tags?post=1792"}],"curies":[{"name":"wp","href":"https:\/\/api.w.org\/{rel}","templated":true}]}}