{"id":1802,"date":"2021-09-04T10:47:51","date_gmt":"2021-09-04T08:47:51","guid":{"rendered":"http:\/\/parafia.scinawa.info\/?p=1802"},"modified":"2021-09-04T10:47:51","modified_gmt":"2021-09-04T08:47:51","slug":"ogloszenia-duszpasterskie-23-niedziela-zwykla-05-09-2021","status":"publish","type":"post","link":"http:\/\/parafia.scinawa.info\/index.php\/2021\/09\/04\/ogloszenia-duszpasterskie-23-niedziela-zwykla-05-09-2021\/","title":{"rendered":"Og\u0142oszenia duszpasterskie  23 Niedziela zwyk\u0142a \u2013 05.09. 2021"},"content":{"rendered":"\n<p><strong>1<\/strong><strong>.<\/strong> Dzi\u015b prze\u017cywamy\n<strong>23 Niedziel\u0119 zwyk\u0142\u0105<\/strong>. Msze \u015bw. wg\nporz\u0105dku niedzielnego: <strong>8<sup>00<\/sup>, 9<sup>30<\/sup><\/strong>, <strong>11<sup>00<\/sup><\/strong>,\n<strong>12<sup>30<\/sup>, 18<sup>00<\/sup><\/strong>. Zmiana\ntajemnic \u017bywego R\u00f3\u017ca\u0144ca po Mszy o <strong>10<sup>30<\/sup>. <\/strong><\/p>\n\n\n\n<p>Trwamy w duchowym\nprzygotowaniu, do beatyfikacji S\u0142ug Bo\u017cych: kard. Stefana Wyszy\u0144skiego oraz\nmatki El\u017cbiety Czackiej poprzez 9-dniow\u0105 nowenn\u0119 sprawowan\u0105 w dniach 3-11\nwrze\u015bnia br.<\/p>\n\n\n\n<p><strong>2<\/strong><strong>.<\/strong> Msze \u015bw. w\ntygodniu&nbsp; o <strong>7<sup>00<\/sup><\/strong> i <strong>18<sup>00<\/sup><\/strong>.\n&nbsp;<\/p>\n\n\n\n<p><strong>3.<\/strong>\nCodziennie spowied\u017a i adoracja Naj\u015bwi\u0119tszego Sakramentu o godz. <strong>17<sup>00<\/sup>.<\/strong><\/p>\n\n\n\n<p><strong>4. <\/strong><strong>W tym tygodniu nabo\u017ce\u0144stwa: <\/strong><\/p>\n\n\n\n<p><strong>&#8211; w poniedzia\u0142ek &nbsp; &#8211; <\/strong>nabo\u017ce\u0144stwo<strong>\n<em>do Bo\u017cego Mi\u0142osierdzia<\/em> <\/strong>o godz. <strong>17<sup>30<\/sup>. <\/strong><\/p>\n\n\n\n<p><strong>&#8211;<\/strong> <strong>w \u015brod\u0119<\/strong>\n&nbsp;&nbsp;&nbsp;&nbsp;&nbsp;&nbsp;&nbsp;&nbsp;&nbsp;&nbsp;&nbsp;&nbsp;&nbsp; &#8211; Nowenna do <strong><em>NMP\nNieustaj\u0105cej Pomocy<\/em><\/strong> o godz. <strong>17<sup>30<\/sup><\/strong>.<\/p>\n\n\n\n<p><strong>5<\/strong><strong>.<\/strong> <strong>&nbsp;<\/strong>W tym tygodniu obchodzimy:<\/p>\n\n\n\n<p>&#8211; <strong>w \u015brod\u0119<\/strong>&nbsp;\n\u2013 \u015bwi\u0119to Narodzenia NMP. <strong><em>W R\u0119szowie Msza \u015bw. odpustowa o godz. 18<sup>00<\/sup>.<\/em><\/strong><\/p>\n\n\n\n<p><strong>6<\/strong><strong>. <\/strong><a>W\nprzysz\u0142\u0105 niedziel\u0119<\/a> b\u0119dziemy prze\u017cywa\u0107 <strong>24 Niedziel\u0119 zwyk\u0142\u0105<\/strong>. Msze \u015bw. wg porz\u0105dku niedzielnego. <\/p>\n\n\n\n<p>12 wrze\u015bnia 2021 otrzymujemy dar beatyfikacji\nStefana Kardyna\u0142a Wyszy\u0144skiego. Ten wielki Prymas Tysi\u0105clecia uczy nas, jak\nprzetrwa\u0107 ka\u017cdy trudny czas. Zach\u0119ca nas, aby\u015bmy we wszystkim patrzyli z wiar\u0105\nku Bogu. Niech tak b\u0119dzie po\u015br\u00f3d nas. Z Panem Bogiem pokonamy wszystko! Wraz z\ndniem beatyfikacji rozpoczniemy te\u017c XI Tydzie\u0144 Wychowania w Polsce pod has\u0142em <em>W\nblasku ojcostwa \u015bw. J\u00f3zefa<\/em>.<\/p>\n\n\n\n<p><strong>7<\/strong><strong>.<\/strong> Kancelaria\nczynna codziennie po Mszy \u015bw. wieczornej z wyj\u0105tkiem niedziel, uroczysto\u015bci i\n\u015bwi\u0105t.<\/p>\n\n\n\n<p><strong>8<\/strong><strong>.<\/strong> Do nabycia jest\nprasa katolicka: Niedziela, Go\u015b\u0107 Niedzielny i R\u00f3\u017caniec. <\/p>\n\n\n\n<p><strong>9<\/strong><strong>.<\/strong> Dzi\u0119kuj\u0119 wszystkim,\nkt\u00f3rzy w tym tygodniu sprz\u0105tali \u015bwi\u0105tyni\u0119 i przygotowali j\u0105 na nasze spotkanie\neucharystyczne.<\/p>\n\n\n\n<p><strong>10<\/strong><strong>.<\/strong> Serdeczne B\u00f3g\nzap\u0142a\u0107 za ofiary sk\u0142adane na remonty w naszej parafii. <\/p>\n\n\n\n<p><strong>11.<\/strong>\nIntencje mszalne, obrazki \u2013 pami\u0105tki odprawionej Mszy \u015bw.<\/p>\n\n\n\n<p><strong>12.<\/strong>\nW przysz\u0142\u0105 niedziel\u0119 <strong><em>12 wrze\u015bnia<\/em><em> o godz. 12<sup>30<\/sup><\/em><\/strong> <strong><em>spotkanie\ndla rodzic\u00f3w i dzieci Pierwszokomunijnych. <\/em><\/strong><\/p>\n\n\n\n<p><strong>13.<\/strong> We wtorek, <strong><em>7 wrze\u015bnia<\/em><\/strong><strong><em> o godz. 15<sup>30<\/sup> <\/em><\/strong>pr\u00f3ba dzieci do Rocznicy I Komunii \u015bw.<\/p>\n\n\n\n<p><strong>14.<\/strong>\nW niedziel\u0119, <strong><em>19 wrze\u015bnia<\/em><\/strong> <strong><em>o godz. 12<sup>30<\/sup> <\/em><\/strong>Rocznica\nI Komunii \u015bw.<\/p>\n\n\n\n<p><strong>15.<\/strong>\n<strong>W poniedzia\u0142ek (tj. jutro 06.09.2021r.)<\/strong> <strong>o godzinie 19<\/strong> w salce\nparafialnej odb\u0119dzie si\u0119 spotkanie m\u0142odzie\u017cy przygotowuj\u0105cej si\u0119 do\nbierzmowania ze szk\u00f3\u0142 \u015brednich. <\/p>\n\n\n\n<p><strong>16.<\/strong>\n<strong>We wtorek<\/strong> <strong>o godzinie 16<\/strong> zbi\u00f3rka kandydat\u00f3w, ministrant\u00f3w i\nlektor\u00f3w w salce parafialnej. Zapraszamy ch\u0142opc\u00f3w, kt\u00f3rzy chcieliby s\u0142u\u017cy\u0107 przy\no\u0142tarzu, do wst\u0105pienia w szeregi s\u0142u\u017cby liturgicznej. <\/p>\n\n\n\n<p><strong>17.<\/strong>\n<strong>W czwartek (tj. 09.09.2021r.<\/strong>) <strong>o godzinie 19<\/strong> w ko\u015bciele odb\u0119dzie\nsi\u0119 spotkanie <strong>rodzic\u00f3w<\/strong> i dzieci klas 6\nprzygotowuj\u0105cych si\u0119 do bierzmowania.&nbsp; <\/p>\n\n\n\n<p><strong>18.<\/strong>\nZapraszamy m\u0142odzie\u017c i dzieci chc\u0105ce zaanga\u017cowa\u0107 si\u0119 w \u017cycie naszej parafii na\nspotkanie grupy dzieci\u0119co-m\u0142odzie\u017cowej, kt\u00f3re odb\u0119dzie si\u0119 <strong>w pi\u0105tek(tj.\n10.09.2021r.)<\/strong> <strong>o godzinie 19<\/strong> w salce parafialnej.<\/p>\n\n\n\n<p><em>\u017byczymy mi\u0142ego tygodnia\ni obfitych \u0142ask Bo\u017cych.<\/em><\/p>\n","protected":false},"excerpt":{"rendered":"<p>1. Dzi\u015b prze\u017cywamy 23 Niedziel\u0119 zwyk\u0142\u0105. Msze \u015bw. wg porz\u0105dku niedzielnego: 800, 930, 1100, 1230, 1800. Zmiana tajemnic \u017bywego R\u00f3\u017ca\u0144ca po Mszy o 1030. Trwamy w duchowym przygotowaniu, do beatyfikacji S\u0142ug Bo\u017cych: kard. Stefana Wyszy\u0144skiego oraz matki El\u017cbiety Czackiej poprzez 9-dniow\u0105 nowenn\u0119 sprawowan\u0105 w dniach 3-11 wrze\u015bnia br. 2. Msze&#8230; <a class=\"continue-reading-link\" href=\"http:\/\/parafia.scinawa.info\/index.php\/2021\/09\/04\/ogloszenia-duszpasterskie-23-niedziela-zwykla-05-09-2021\/\">Czytaj dalej <span class=\"meta-nav\">&rarr; <\/span><\/a><\/p>\n","protected":false},"author":2,"featured_media":0,"comment_status":"closed","ping_status":"closed","sticky":false,"template":"","format":"standard","meta":{"footnotes":""},"categories":[40],"tags":[],"class_list":["post-1802","post","type-post","status-publish","format-standard","hentry","category-ogloszenia-duszpasterskie"],"_links":{"self":[{"href":"http:\/\/parafia.scinawa.info\/index.php\/wp-json\/wp\/v2\/posts\/1802","targetHints":{"allow":["GET"]}}],"collection":[{"href":"http:\/\/parafia.scinawa.info\/index.php\/wp-json\/wp\/v2\/posts"}],"about":[{"href":"http:\/\/parafia.scinawa.info\/index.php\/wp-json\/wp\/v2\/types\/post"}],"author":[{"embeddable":true,"href":"http:\/\/parafia.scinawa.info\/index.php\/wp-json\/wp\/v2\/users\/2"}],"replies":[{"embeddable":true,"href":"http:\/\/parafia.scinawa.info\/index.php\/wp-json\/wp\/v2\/comments?post=1802"}],"version-history":[{"count":1,"href":"http:\/\/parafia.scinawa.info\/index.php\/wp-json\/wp\/v2\/posts\/1802\/revisions"}],"predecessor-version":[{"id":1803,"href":"http:\/\/parafia.scinawa.info\/index.php\/wp-json\/wp\/v2\/posts\/1802\/revisions\/1803"}],"wp:attachment":[{"href":"http:\/\/parafia.scinawa.info\/index.php\/wp-json\/wp\/v2\/media?parent=1802"}],"wp:term":[{"taxonomy":"category","embeddable":true,"href":"http:\/\/parafia.scinawa.info\/index.php\/wp-json\/wp\/v2\/categories?post=1802"},{"taxonomy":"post_tag","embeddable":true,"href":"http:\/\/parafia.scinawa.info\/index.php\/wp-json\/wp\/v2\/tags?post=1802"}],"curies":[{"name":"wp","href":"https:\/\/api.w.org\/{rel}","templated":true}]}}