{"id":1807,"date":"2021-09-11T10:29:06","date_gmt":"2021-09-11T08:29:06","guid":{"rendered":"http:\/\/parafia.scinawa.info\/?p=1807"},"modified":"2021-09-11T10:29:41","modified_gmt":"2021-09-11T08:29:41","slug":"ogloszenia-duszpasterskie-24-niedziela-zwykla-12-09-2021","status":"publish","type":"post","link":"http:\/\/parafia.scinawa.info\/index.php\/2021\/09\/11\/ogloszenia-duszpasterskie-24-niedziela-zwykla-12-09-2021\/","title":{"rendered":"Og\u0142oszenia duszpasterskie  24 Niedziela zwyk\u0142a \u2013 12.09. 2021"},"content":{"rendered":"\n<p><strong>1<\/strong><strong>.<\/strong>\nDzi\u015b prze\u017cywamy <strong>24 Niedziel\u0119 zwyk\u0142\u0105<\/strong>.\nMsze \u015bw. wg porz\u0105dku niedzielnego.<strong><em> Dzisiaj\no godz. 12<sup>30<\/sup><\/em><\/strong> <strong><em>spotkanie\ndla rodzic\u00f3w i dzieci Pierwszokomunijnych.<\/em> <\/strong>PO Mszach zbi\u00f3rka do puszek\nna Afganistan i Ziemi\u0119 \u015awi\u0119t\u0105. Dzisiaj tak\u017ce beatyfikacja S\u0142ug Bo\u017cych: kard. Stefana Wyszy\u0144skiego oraz matki\nEl\u017cbiety Czackiej i rozpoczniemy te\u017c XI Tydzie\u0144 Wychowania w Polsce pod has\u0142em <em>W\nblasku ojcostwa \u015bw. J\u00f3zefa<\/em>.<\/p>\n\n\n\n<p><strong>2<\/strong><strong>.<\/strong>\nMsze \u015bw. w tygodniu&nbsp; o <strong>7<sup>00<\/sup><\/strong>\ni <strong>18<sup>00<\/sup><\/strong>. &nbsp;<\/p>\n\n\n\n<p><strong>3.<\/strong>\nCodziennie spowied\u017a i adoracja Naj\u015bwi\u0119tszego Sakramentu o godz. <strong>17<sup>00<\/sup>.<\/strong><\/p>\n\n\n\n<p><strong>4. <\/strong><strong>W tym tygodniu nabo\u017ce\u0144stwa:\n<\/strong><\/p>\n\n\n\n<p><strong>&#8211; w poniedzia\u0142ek\n&nbsp;&nbsp;&nbsp;&nbsp; &#8211;\n<\/strong>nabo\u017ce\u0144stwo<strong> <em>do Bo\u017cego\nMi\u0142osierdzia<\/em> <\/strong>o godz. <strong>17<sup>30<\/sup>. <\/strong><\/p>\n\n\n\n<p>\u00a0                nabo\u017ce\u0144stwo <strong>fatimskie 13 dnia miesi\u0105ca<\/strong><em> po Mszy \u015bw.<\/em> o godz. <strong>18<sup>30<\/sup><\/strong><\/p>\n\n\n\n<p><strong>&#8211;<\/strong>\n<strong>w \u015brod\u0119<\/strong> &nbsp;&nbsp;&nbsp;&nbsp;&nbsp;&nbsp;&nbsp;&nbsp;&nbsp;&nbsp;&nbsp;&nbsp;&nbsp;&nbsp;&nbsp;&nbsp;&nbsp; &#8211; Nowenna\ndo <strong><em>NMP Nieustaj\u0105cej Pomocy<\/em><\/strong> o godz. <strong>17<sup>30<\/sup><\/strong>.<\/p>\n\n\n\n<p><strong>&#8211; w czwartek<\/strong>\n<strong>&nbsp;&nbsp;&nbsp;&nbsp;&nbsp;&nbsp;&nbsp;&nbsp;&nbsp;&nbsp;&nbsp; &#8211; <\/strong>nabo\u017ce\u0144stwo<strong><em> do \u015bw. Jana\nPaw\u0142a II o godz. <\/em><\/strong><strong>17<sup>00<\/sup><em><\/em><\/strong><\/p>\n\n\n\n<p><strong>&#8211;<\/strong>\n<strong>w niedziel\u0119 <\/strong><strong>&nbsp;&nbsp;&nbsp;&nbsp;&nbsp;&nbsp;&nbsp;&nbsp;&nbsp;&nbsp;&nbsp; &#8211;\n<\/strong>nabo\u017ce\u0144stwo do <strong>\u015bw. J\u00f3zefa<\/strong> o godz. <strong>17<sup>00<\/sup><\/strong><strong><\/strong><\/p>\n\n\n\n<p><strong>5<\/strong><strong>.<\/strong> <strong>&nbsp;<\/strong>W tym tygodniu obchodzimy:<\/p>\n\n\n\n<p>&#8211; <strong>w\nponiedzia\u0142ek<\/strong> \u2013 wspomnienie\n\u015bw. Jana Chryzostoma, biskupa i doktora Ko\u015bcio\u0142a<\/p>\n\n\n\n<p>&#8211; <strong>we wtorek<\/strong>&nbsp;\n\u2013 <strong><em>w naszej parafii\nuroczysto\u015b\u0107 Podwy\u017cszenia Krzy\u017ca \u015awi\u0119tego. &nbsp;<\/em><\/strong><\/p>\n\n\n\n<p><strong><em>&nbsp;&nbsp;&nbsp;&nbsp;&nbsp;&nbsp;&nbsp;&nbsp;&nbsp;&nbsp;&nbsp;&nbsp;&nbsp;&nbsp;&nbsp;&nbsp;&nbsp;&nbsp; &nbsp;&nbsp;&nbsp;&nbsp;&nbsp;&nbsp;&nbsp;&nbsp;&nbsp;&nbsp;&nbsp;Msze \u015bw. o <\/em><\/strong><strong>&nbsp;7<sup>00<\/sup> <\/strong>&nbsp;i <strong>u<em>roczysta\nMsza odpustowa <a>o godz. 18<sup>00<\/sup><\/a><\/em><\/strong><strong><em>.<\/em><\/strong><\/p>\n\n\n\n<p>&#8211; <strong>w\n\u015brod\u0119<\/strong> \u2013 wspomnienie\nNMP Bolesnej. Odpust w Tymowej <strong><em>o\ngodz. 18<sup>00<\/sup>.<\/em><\/strong> <\/p>\n\n\n\n<p>&#8211; <strong>w\nczwartek<\/strong> &#8211; wspomnienie\n\u015bw. m\u0119czennik\u00f3w Korneliusza, papie\u017ca i Cypriana, biskupa<\/p>\n\n\n\n<p>&#8211; <strong>w\nsobot\u0119<\/strong> \u2013 \u015bwi\u0119to \u015bw.\nStanis\u0142awa Kostki, zakonnika, Patrona Polski<\/p>\n\n\n\n<p><strong>6<\/strong><strong>. <\/strong><a>W\nprzysz\u0142\u0105 niedziel\u0119<\/a> b\u0119dziemy prze\u017cywa\u0107 <strong>25 Niedziel\u0119 zwyk\u0142\u0105<\/strong>. Msze \u015bw. wg porz\u0105dku niedzielnego. <\/p>\n\n\n\n<p>W\nprzysz\u0142\u0105 niedziel\u0119<strong><em> o godz. 12<sup>30<\/sup>\n<\/em><\/strong>Rocznica I Komunii \u015bw.<\/p>\n\n\n\n<p><strong>7<\/strong><strong>.<\/strong>\nKancelaria czynna codziennie po Mszy \u015bw. wieczornej z wyj\u0105tkiem niedziel,\nuroczysto\u015bci i \u015bwi\u0105t.<\/p>\n\n\n\n<p><strong>8<\/strong><strong>.<\/strong>\nDo nabycia jest prasa katolicka: Niedziela, Go\u015b\u0107 Niedzielny i R\u00f3\u017caniec. <\/p>\n\n\n\n<p><strong>9<\/strong><strong>.<\/strong>\nDzi\u0119kuj\u0119 wszystkim, kt\u00f3rzy w tym tygodniu sprz\u0105tali \u015bwi\u0105tyni\u0119 i przygotowali j\u0105\nna nasze spotkanie eucharystyczne.<\/p>\n\n\n\n<p><strong>10<\/strong><strong>.<\/strong>\nSerdeczne B\u00f3g zap\u0142a\u0107 za ofiary sk\u0142adane na remonty w naszej parafii. <\/p>\n\n\n\n<p><strong>11.<\/strong>\nIntencje mszalne, obrazki \u2013 pami\u0105tki odprawionej Mszy \u015bw.<\/p>\n\n\n\n<p><strong>12<\/strong><strong>. <\/strong>We\nwtorek o <strong>15<sup>30<\/sup><\/strong> pr\u00f3ba klas\nczwartych do Rocznicy I Komunii \u015bw., a w sobot\u0119 o <strong>16<sup>30<\/sup><\/strong> spowied\u017a do Rocznicy.<\/p>\n\n\n\n<p><strong>13<\/strong><strong>.<\/strong>\nBierzmowanie w naszej parafii odb\u0119dzie si\u0119 w <strong>czwartek 7.10.2021r<\/strong>. o <strong>godzinie\n18<\/strong>. <\/p>\n\n\n\n<p><strong>14.<\/strong>\n<strong>W poniedzia\u0142ek (tj. jutro 06.09.2021r.)<\/strong> <strong>o godzinie 19<\/strong> w salce\nparafialnej odb\u0119dzie si\u0119 spotkanie m\u0142odzie\u017cy przygotowuj\u0105cej si\u0119 do\nbierzmowania ze szk\u00f3\u0142 \u015brednich. <\/p>\n\n\n\n<p><strong>15<\/strong>.\n<strong>We wtorek<\/strong> <strong>o godzinie 16<\/strong> zbi\u00f3rka kandydat\u00f3w, ministrant\u00f3w i\nlektor\u00f3w w ko\u015bciele. Pr\u00f3ba asysty przed odpustem parafialnym. Zapraszamy\nch\u0142opc\u00f3w, kt\u00f3rzy chcieliby s\u0142u\u017cy\u0107 przy o\u0142tarzu, do wst\u0105pienia w szeregi s\u0142u\u017cby\nliturgicznej. <\/p>\n\n\n\n<p><strong>16.<\/strong>\n<strong>W czwartek (tj. 09.09.2021r.<\/strong>) <strong>o godzinie 19<\/strong> w ko\u015bciele odb\u0119dzie\nsi\u0119 spotkanie <strong>rodzic\u00f3w<\/strong> <\/p>\n\n\n\n<p>i<strong>\nm\u0142odzie\u017cy<\/strong> z <strong>klas 8<\/strong> przygotowuj\u0105cych si\u0119 do bierzmowania.<\/p>\n\n\n\n<p><em>\u017byczymy mi\u0142ego tygodnia\ni obfitych \u0142ask Bo\u017cych.<\/em><\/p>\n","protected":false},"excerpt":{"rendered":"<p>1. Dzi\u015b prze\u017cywamy 24 Niedziel\u0119 zwyk\u0142\u0105. Msze \u015bw. wg porz\u0105dku niedzielnego. Dzisiaj o godz. 1230 spotkanie dla rodzic\u00f3w i dzieci Pierwszokomunijnych. PO Mszach zbi\u00f3rka do puszek na Afganistan i Ziemi\u0119 \u015awi\u0119t\u0105. Dzisiaj tak\u017ce beatyfikacja S\u0142ug Bo\u017cych: kard. Stefana Wyszy\u0144skiego oraz matki El\u017cbiety Czackiej i rozpoczniemy te\u017c XI Tydzie\u0144 Wychowania w&#8230; <a class=\"continue-reading-link\" href=\"http:\/\/parafia.scinawa.info\/index.php\/2021\/09\/11\/ogloszenia-duszpasterskie-24-niedziela-zwykla-12-09-2021\/\">Czytaj dalej <span class=\"meta-nav\">&rarr; <\/span><\/a><\/p>\n","protected":false},"author":2,"featured_media":0,"comment_status":"closed","ping_status":"closed","sticky":false,"template":"","format":"standard","meta":{"footnotes":""},"categories":[40],"tags":[],"class_list":["post-1807","post","type-post","status-publish","format-standard","hentry","category-ogloszenia-duszpasterskie"],"_links":{"self":[{"href":"http:\/\/parafia.scinawa.info\/index.php\/wp-json\/wp\/v2\/posts\/1807","targetHints":{"allow":["GET"]}}],"collection":[{"href":"http:\/\/parafia.scinawa.info\/index.php\/wp-json\/wp\/v2\/posts"}],"about":[{"href":"http:\/\/parafia.scinawa.info\/index.php\/wp-json\/wp\/v2\/types\/post"}],"author":[{"embeddable":true,"href":"http:\/\/parafia.scinawa.info\/index.php\/wp-json\/wp\/v2\/users\/2"}],"replies":[{"embeddable":true,"href":"http:\/\/parafia.scinawa.info\/index.php\/wp-json\/wp\/v2\/comments?post=1807"}],"version-history":[{"count":2,"href":"http:\/\/parafia.scinawa.info\/index.php\/wp-json\/wp\/v2\/posts\/1807\/revisions"}],"predecessor-version":[{"id":1809,"href":"http:\/\/parafia.scinawa.info\/index.php\/wp-json\/wp\/v2\/posts\/1807\/revisions\/1809"}],"wp:attachment":[{"href":"http:\/\/parafia.scinawa.info\/index.php\/wp-json\/wp\/v2\/media?parent=1807"}],"wp:term":[{"taxonomy":"category","embeddable":true,"href":"http:\/\/parafia.scinawa.info\/index.php\/wp-json\/wp\/v2\/categories?post=1807"},{"taxonomy":"post_tag","embeddable":true,"href":"http:\/\/parafia.scinawa.info\/index.php\/wp-json\/wp\/v2\/tags?post=1807"}],"curies":[{"name":"wp","href":"https:\/\/api.w.org\/{rel}","templated":true}]}}