{"id":1820,"date":"2021-10-02T13:56:56","date_gmt":"2021-10-02T11:56:56","guid":{"rendered":"http:\/\/parafia.scinawa.info\/?p=1820"},"modified":"2021-10-02T13:56:56","modified_gmt":"2021-10-02T11:56:56","slug":"intencje-mszalne-03-10-10-10-2021","status":"publish","type":"post","link":"http:\/\/parafia.scinawa.info\/index.php\/2021\/10\/02\/intencje-mszalne-03-10-10-10-2021\/","title":{"rendered":"INTENCJE MSZALNE 03.10. \u2013 10.10. 2021"},"content":{"rendered":"\n<p><strong><em>Sk\u0142adaj\u0105c\nOfiar\u0119, kt\u00f3ra nam przypomina niezmierzon\u0105 mi\u0142o\u015b\u0107 Twojego Syna, pokornie prosimy\nCi\u0119, Bo\u017ce, przyjmij intencje Twoich wiernych i spraw przez dzia\u0142anie\nEucharystii, aby w naszych rodzinach wzrasta\u0142a prawdziwa wiara, \u015bwi\u0119to\u015b\u0107 \u017cycia,\nbraterska mi\u0142o\u015b\u0107 i duch modlitwy. <\/em><\/strong><strong>Niech\nMatka Naj\u015bwi\u0119tsza wyprosi \u0142aski, o kt\u00f3re modlili\u015bmy si\u0119 w tej Mszy \u015bw. dla \u2026\nZa\u015b zmar\u0142ym \u2026 za kt\u00f3rych odprawiali\u015bmy Msz\u0119 \u015bw.: wieczny odpoczynek racz im\nda\u0107 Panie (\u2026); niech odpoczywaj\u0105 w pokoju wiecznym. Amen<\/strong><\/p>\n\n\n\n<p><strong><em>03.10.\n&#8211; NIEDZIELA&nbsp; <\/em><\/strong><em><\/em><\/p>\n\n\n\n<p><strong>8.oo\n\u2013 1) <\/strong>w intencji Ewy i\nKazimierza oraz te\u015bciowej Teresy dzi\u0119kczynna z pro\u015bb\u0105 o zdrowie, <\/p>\n\n\n\n<p>&nbsp;&nbsp;&nbsp;&nbsp;&nbsp;&nbsp;&nbsp;&nbsp;&nbsp;&nbsp;&nbsp;&nbsp;&nbsp;&nbsp;&nbsp;&nbsp; potrzebne \u0142aski, dary\nDucha \u015awi\u0119tego, Bo\u017ce b\u0142ogos\u0142awie\u0144stwo, opiek\u0119 NMP <\/p>\n\n\n\n<p><strong>&nbsp;&nbsp;&nbsp;&nbsp;&nbsp;&nbsp;&nbsp;&nbsp;&nbsp;&nbsp;&nbsp; &nbsp;&nbsp;2)<\/strong>\n++ Stanis\u0142aw\u0119 Posto\u0142 i Mariana oraz ++ rodzic\u00f3w z obu stron \u2013 modli si\u0119 rodzina<\/p>\n\n\n\n<p><strong>&nbsp; 9.3o \u2013 <\/strong>&nbsp;&nbsp;++\nrodzic\u00f3w: Eugeni\u0119 i Franciszka z rodziny Woch\u00f3w \u2013 modl\u0105 si\u0119 dzieci z rodzinami<\/p>\n\n\n\n<p><strong>11.oo\n\u2013 1) <\/strong>za siostry Korneli\u0119 i\nLudmi\u0142\u0119, za siostry, kt\u00f3re pracowa\u0142y w naszej parafii, ca\u0142y zakon si\u00f3str<\/p>\n\n\n\n<p>&nbsp;&nbsp;&nbsp;&nbsp;&nbsp;&nbsp;&nbsp;&nbsp;&nbsp;&nbsp;&nbsp;&nbsp;&nbsp;&nbsp;&nbsp; &nbsp;Jadwi\u017canek i ich rodzin dzi\u0119kczynna z pro\u015bb\u0105 o\nzdrowie, dary Ducha \u015awi\u0119tego, Bo\u017ce <\/p>\n\n\n\n<p>&nbsp;&nbsp;&nbsp;&nbsp;&nbsp;&nbsp;&nbsp;&nbsp;&nbsp;&nbsp;&nbsp;&nbsp;&nbsp;&nbsp; b\u0142ogos\u0142awie\u0144stwo,\nopiek\u0119 NMP oraz o nowe powo\u0142ania zakonne \u2013 modli si\u0119 \u017bywy R\u00f3\u017caniec<\/p>\n\n\n\n<p><strong>&nbsp;&nbsp;&nbsp;&nbsp;&nbsp;&nbsp;&nbsp;&nbsp;&nbsp;&nbsp;&nbsp; &nbsp;\n2) <\/strong>+ Aleksandr\u0119 Szwaluk oraz\nwszystkich ++ z tej rodziny \u2013 modli si\u0119 kole\u017canka z rodzin\u0105<\/p>\n\n\n\n<p>&nbsp;&nbsp;&nbsp;&nbsp;&nbsp;&nbsp;&nbsp;&nbsp;&nbsp;&nbsp;&nbsp; &nbsp; <strong>3)<\/strong> + Wiktori\u0119 Mencel<strong>\n<\/strong>w 16 rocz. \u015bm. oraz ++ z rodziny Nalep\u00f3w: Edwarda w\n33 rocz. \u015bm.<\/p>\n\n\n\n<p><strong>12.3o\n\u2013 1) <\/strong>++ rodzic\u00f3w: Ew\u0119 i\nKazimierza z rodziny Minkin\u00f3w \u2013 modli si\u0119 Pawe\u0142 z rodzin\u0105<\/p>\n\n\n\n<p><strong>&nbsp;&nbsp;&nbsp;&nbsp;&nbsp;&nbsp;&nbsp;&nbsp;&nbsp;&nbsp;&nbsp; &nbsp;\n2)<\/strong> ++ Franciszka w 24 rocz. \u015bm i Zofi\u0119 w 15 rocz. \u015bm.\noraz brata Andrzeja z rodziny Blok\u00f3w<\/p>\n\n\n\n<p>&nbsp;&nbsp;&nbsp;&nbsp;&nbsp;&nbsp;&nbsp;&nbsp;&nbsp;&nbsp;&nbsp; &nbsp; <strong>3)<\/strong> w 5\nrocz. urodzin Helenki, jej braci: B\u0142a\u017ceja, Szymona, Miko\u0142aja i Ignacego oraz\nrodzic\u00f3w:<\/p>\n\n\n\n<p>&nbsp;&nbsp;&nbsp;&nbsp;&nbsp;&nbsp;&nbsp;&nbsp;&nbsp;&nbsp;&nbsp;&nbsp;&nbsp;&nbsp;&nbsp; &nbsp;Renat\u0119 i Dariusza Golczyk\u00f3w dzi\u0119kczynna z pro\u015bb\u0105 o zdrowie, dary Ducha \u015awi\u0119tego,\n<\/p>\n\n\n\n<p>&nbsp; &nbsp;&nbsp;&nbsp;&nbsp;&nbsp;&nbsp;&nbsp;&nbsp;&nbsp;&nbsp;&nbsp;&nbsp;&nbsp;&nbsp;&nbsp;Bo\u017ce b\u0142ogos\u0142awie\u0144stwo, opiek\u0119 NMP\n\u2013 modli si\u0119 babcia<\/p>\n\n\n\n<p><strong><em>chrzest po Mszy: Kaja\nTrznadel<\/em><\/strong><\/p>\n\n\n\n<p><strong>18.oo\n\u2013 &nbsp;<\/strong>&nbsp;+\nJ\u00f3zefa Mazurkiewicza \u2013 gregorianka 3<strong>&nbsp; &nbsp;<\/strong>&nbsp;<\/p>\n\n\n\n<p><strong><em>04.10.\n\u2013 PONIEDZIA\u0141EK<\/em><\/strong><\/p>\n\n\n\n<p><strong>&nbsp; &nbsp;&nbsp;7.oo\n\u2013 <\/strong>&nbsp;<\/p>\n\n\n\n<p><strong>18.oo\n\u2013 1) <\/strong>&nbsp;+ J\u00f3zefa Mazurkiewicza \u2013 gregorianka 4<\/p>\n\n\n\n<p><strong>&nbsp;&nbsp;&nbsp;&nbsp;&nbsp;&nbsp;&nbsp;&nbsp;&nbsp;&nbsp;&nbsp; &nbsp;\n2)<\/strong> + Mari\u0119 \u0141uck\u0105 &#8211; 30 dzie\u0144 od pogrzebu &#8211; intencja od\nuczestnik\u00f3w Mszy pogrzebowej <\/p>\n\n\n\n<p><strong><em>05.10.\n&#8211; WTOREK<\/em><\/strong><em><\/em><\/p>\n\n\n\n<p><strong>&nbsp; 7.oo \u2013 <\/strong>+ J\u00f3zefa Mazurkiewicza \u2013 gregorianka 5<\/p>\n\n\n\n<p><strong>18.oo\n\u2013 <\/strong>&nbsp;<strong>1)<\/strong> ++ z rodziny Drabczy\u0144skich oraz + Stanis\u0142awa\nKowalczyka w 5 rocz. \u015bm. <\/p>\n\n\n\n<p>&nbsp;&nbsp;&nbsp;&nbsp;&nbsp;&nbsp;&nbsp;&nbsp;&nbsp;&nbsp;&nbsp;&nbsp;&nbsp;&nbsp;&nbsp;&nbsp;&nbsp;&nbsp; \u2013 modli si\u0119 Irma\nz rodzin\u0105<strong> <\/strong>&nbsp;<\/p>\n\n\n\n<p><strong>&nbsp;&nbsp;&nbsp;&nbsp;&nbsp;&nbsp;&nbsp;&nbsp;&nbsp;&nbsp;&nbsp; &nbsp;\n2)<\/strong><\/p>\n\n\n\n<p><strong><em>06.10.\n\u2013 \u015aRODA <\/em><\/strong><\/p>\n\n\n\n<p><strong>&nbsp; 7.oo \u2013 <\/strong>+ J\u00f3zefa Mazurkiewicza \u2013 gregorianka 6<strong><\/strong><\/p>\n\n\n\n<p><strong>18.oo\n\u2013&nbsp; intencja zbiorowa nowennowa:<\/strong><\/p>\n\n\n\n<p><strong>1)<\/strong>\nw intencji Karoliny dzi\u0119kczynna z\npro\u015bb\u0105 o zdrowie, dary Ducha \u015awi\u0119tego, dobre rozeznanie drogi <\/p>\n\n\n\n<p>&nbsp;&nbsp;&nbsp;&nbsp; \u017cyciowej, Bo\u017ce b\u0142ogos\u0142awie\u0144stwo,\nopiek\u0119 NMP i jej \u015bw. Patron\u00f3w<\/p>\n\n\n\n<p><strong>2)<\/strong> w 91 rocz. urodzin Heleny Snelli\ndzi\u0119kczynna z pro\u015bb\u0105 o zdrowie, dary\nDucha \u015awi\u0119tego, <\/p>\n\n\n\n<p>&nbsp; &nbsp;&nbsp;&nbsp;&nbsp;Bo\u017ce b\u0142ogos\u0142awie\u0144stwo,\nopiek\u0119 NMP \u2013 modli si\u0119 przyjaci\u00f3\u0142ka<\/p>\n\n\n\n<p><strong>3)<\/strong> + Bogdana Wr\u00f3blewskiego z racji ziemskich urodzin \u2013\nmodli si\u0119 mama i \u017cona z dzie\u0107mi<\/p>\n\n\n\n<p><strong>4)<\/strong>&nbsp; o zdrowie\ndla Dawidka oraz potrzebne \u0142aski dla jego rodzic\u00f3w<\/p>\n\n\n\n<p><strong>5)<\/strong> ++ rodzic\u00f3w: Mariana w 15 rocz. \u015bm. i Helen\u0119 Wiatrowskich\n\u2013 modli si\u0119 c\u00f3rka z rodzin\u0105<\/p>\n\n\n\n<p><strong><em>07.10.\n\u2013 CZWARTEK <\/em><\/strong><em>&nbsp;<\/em><\/p>\n\n\n\n<p><strong>&nbsp; 7.oo \u2013 <\/strong>+ J\u00f3zefa Mazurkiewicza \u2013 gregorianka 7<strong><\/strong><\/p>\n\n\n\n<p><strong>18.oo\n&#8211; 1) <\/strong>w 40 rocz. urodzin c\u00f3rki\nBasi dzi\u0119kczynna z pro\u015bb\u0105 o zdrowie, dary Ducha \u015awi\u0119tego, Bo\u017ce <\/p>\n\n\n\n<p>&nbsp;&nbsp;&nbsp;&nbsp;&nbsp;&nbsp;&nbsp;&nbsp;&nbsp;&nbsp;&nbsp;&nbsp;&nbsp;&nbsp;&nbsp; b\u0142ogos\u0142awie\u0144stwo,\nopiek\u0119 NMP \u2013 modl\u0105 si\u0119 rodzice, rodze\u0144stwo, ciocie, wujkowie i kuzynki<\/p>\n\n\n\n<p><strong>&nbsp;&nbsp;&nbsp;&nbsp;&nbsp;&nbsp;&nbsp;&nbsp;&nbsp;&nbsp;&nbsp; &nbsp;\n2) Bierzmowanie \u2013 <\/strong>za m\u0142odzie\u017c\nprzyst\u0119puj\u0105c\u0105 do bierzmowania i ich rodziny dzi\u0119kczynna <\/p>\n\n\n\n<p>&nbsp;&nbsp;&nbsp;&nbsp;&nbsp;&nbsp;&nbsp;&nbsp;&nbsp;&nbsp;&nbsp;&nbsp;&nbsp;&nbsp;&nbsp;&nbsp;&nbsp; z pro\u015bb\u0105 o\nzdrowie, dary Ducha \u015awi\u0119tego, Bo\u017ce b\u0142ogos\u0142awie\u0144stwo, opiek\u0119 NMP<\/p>\n\n\n\n<p><strong>&nbsp; 3)<\/strong><\/p>\n\n\n\n<p><strong>&nbsp; 4)<\/strong><\/p>\n\n\n\n<p><strong><em>08.10.\n\u2013 PI\u0104TEK<\/em><\/strong><\/p>\n\n\n\n<p><strong>&nbsp; &nbsp;&nbsp;7.oo\n\u2013<\/strong>\n<\/p>\n\n\n\n<p><strong>18.oo\n\u2013 1) <\/strong>+ J\u00f3zefa Mazurkiewicza \u2013\ngregorianka 8 <\/p>\n\n\n\n<p><strong>&nbsp;&nbsp;&nbsp;&nbsp;&nbsp;&nbsp;&nbsp;&nbsp;&nbsp;&nbsp;&nbsp; &nbsp;\n2)<\/strong> w 80 rocz. urodzin Marii dzi\u0119kczynna za otrzymane \u0142aski z pro\u015bb\u0105 o zdrowie, dary Ducha<\/p>\n\n\n\n<p>&nbsp;&nbsp;&nbsp;&nbsp;&nbsp;&nbsp;&nbsp;&nbsp;&nbsp;&nbsp;&nbsp;&nbsp;&nbsp;&nbsp;&nbsp; &nbsp;\u015awi\u0119tego, Bo\u017ce b\u0142., opiek\u0119 NMP i \u015bw. Patron\u00f3w\nna dalsze lata \u017cycia \u2013 modli si\u0119 rodzina <\/p>\n\n\n\n<p><strong><em>09.10.\n\u2013 SOBOTA<\/em><\/strong><\/p>\n\n\n\n<p><strong>&nbsp; &nbsp;&nbsp;7.oo\n\u2013 <\/strong>+ J\u00f3zefa Mazurkiewicza \u2013 gregorianka 9<strong><\/strong><\/p>\n\n\n\n<p><strong>18.oo\n\u2013 1) <\/strong>+ Mari\u0119 Cierlik w 1 rocz.\n\u015bm. \u2013 modli si\u0119 rodzina <\/p>\n\n\n\n<p><strong>&nbsp;&nbsp;&nbsp;&nbsp;&nbsp;&nbsp;&nbsp;&nbsp;&nbsp;&nbsp;&nbsp; &nbsp;\n2)<\/strong> + m\u0119\u017ca Stanis\u0142awa, jego rodzic\u00f3w: Jana i Tekl\u0119,\nbrata Mariana \u2013 modli si\u0119 \u017cona z rodzin\u0105 <\/p>\n\n\n\n<p><strong><em>10.10.\n\u2013 NIEDZIELA&nbsp; <\/em><\/strong><\/p>\n\n\n\n<p><strong>&nbsp; 8.oo \u2013 1)<\/strong> w 88 rocz.\nurodzin Janiny Bilewicz dzi\u0119kczynna za\notrzymane \u0142aski z pro\u015bb\u0105 o zdrowie, <\/p>\n\n\n\n<p>&nbsp;&nbsp;&nbsp;&nbsp;&nbsp;&nbsp;&nbsp;&nbsp;&nbsp;&nbsp;&nbsp;&nbsp;&nbsp;&nbsp;&nbsp;&nbsp;&nbsp; dary Ducha \u015awi\u0119tego,\nBo\u017ce b\u0142., opiek\u0119 NMP \u2013 modli si\u0119 rodzina<\/p>\n\n\n\n<p><strong>&nbsp;&nbsp;&nbsp;&nbsp;&nbsp;&nbsp;&nbsp;&nbsp;&nbsp;&nbsp;&nbsp; &nbsp;\n2)<\/strong> w 85 rocz.\nurodzin Eugenii Mazurkiewicz dzi\u0119kczynna za otrzymane \u0142aski z pro\u015bb\u0105 <\/p>\n\n\n\n<p>&nbsp;&nbsp;&nbsp;&nbsp;&nbsp;&nbsp;&nbsp;&nbsp;&nbsp;&nbsp;&nbsp;&nbsp;&nbsp;&nbsp;&nbsp;&nbsp;&nbsp; o zdrowie, dary\nDucha \u015awi\u0119tego, Bo\u017ce b\u0142., opiek\u0119 NMP \u2013 modl\u0105 si\u0119 dzieci z rodzin\u0105\n<\/p>\n\n\n\n<p>&nbsp;&nbsp;&nbsp;&nbsp;&nbsp;&nbsp;&nbsp;&nbsp;&nbsp;&nbsp;&nbsp; &nbsp;<strong>3)\n<\/strong>+ J\u00f3zefa Mazurkiewicza \u2013 gregorianka 10\n<\/p>\n\n\n\n<p><strong>&nbsp; 9.3o \u2013 <\/strong>&nbsp;&nbsp;<\/p>\n\n\n\n<p><strong>11.oo\n\u2013 1) <\/strong>++ Filomen\u0119 i Franciszka\nTrubickich, El\u017cbiet\u0119 Demczak oraz ++ z rodziny Trubickich, <\/p>\n\n\n\n<p>&nbsp;&nbsp;&nbsp;&nbsp;&nbsp;&nbsp;&nbsp;&nbsp;&nbsp;&nbsp;&nbsp;&nbsp;&nbsp;&nbsp;&nbsp;&nbsp;&nbsp; Koz\u0142owskich,\nKulczyckich i Serafin\u00f3w <\/p>\n\n\n\n<p><strong>&nbsp;&nbsp;&nbsp;&nbsp;&nbsp;&nbsp;&nbsp;&nbsp;&nbsp;&nbsp;&nbsp; &nbsp;\n2)<\/strong> w 80 rocz. urodzin Marii dzi\u0119kczynna za otrzymane \u0142aski z pro\u015bb\u0105 o zdrowie, dary Ducha<\/p>\n\n\n\n<p>&nbsp;&nbsp;&nbsp;&nbsp;&nbsp;&nbsp;&nbsp;&nbsp;&nbsp;&nbsp; \u015awi\u0119tego, Bo\u017ce b\u0142., opiek\u0119\nNMP i \u015bw. Patron\u00f3w na dalsze lata \u017cycia \u2013 modl\u0105 si\u0119 dzieci i wnuki<strong><\/strong><\/p>\n\n\n\n<p>&nbsp;&nbsp;&nbsp;&nbsp;&nbsp;&nbsp;&nbsp;&nbsp;&nbsp;&nbsp;&nbsp; <strong>3)<\/strong>\nw 70 rocz. urodzin Ludwiki dzi\u0119kczynna\nza otrzymane \u0142aski z pro\u015bb\u0105 o zdrowie, dary Ducha<\/p>\n\n\n\n<p>&nbsp;&nbsp;&nbsp;&nbsp;&nbsp;&nbsp;&nbsp;&nbsp;&nbsp;&nbsp;&nbsp;&nbsp;&nbsp;&nbsp; \u015awi\u0119tego, Bo\u017ce b\u0142.,\nopiek\u0119 NMP \u2013 modl\u0105 si\u0119 m\u0105\u017c, dzieci i wnuki<\/p>\n\n\n\n<p><strong>12.3o\n\u2013 1) <\/strong>w 14 rocz. urodzin Katarzyny Pytlarz dzi\u0119kczynna z pro\u015bb\u0105 o zdrowie, dary Ducha <\/p>\n\n\n\n<p>&nbsp;&nbsp;&nbsp;&nbsp;&nbsp;&nbsp;&nbsp;&nbsp;&nbsp;&nbsp;&nbsp;&nbsp;&nbsp;&nbsp;&nbsp;&nbsp; \u015awi\u0119tego, Bo\u017ce b\u0142ogos\u0142awie\u0144stwo,\nopiek\u0119 NMP \u2013 modli si\u0119 rodzina<\/p>\n\n\n\n<p><strong>&nbsp;&nbsp;&nbsp;&nbsp;&nbsp;&nbsp;&nbsp;&nbsp;&nbsp;&nbsp;&nbsp; &nbsp;\n2)<\/strong> w 15 rocz. \u015blubu Iwony i Damiana dzi\u0119kczynna z pro\u015bb\u0105 o zdrowie, dary Ducha <\/p>\n\n\n\n<p>&nbsp;&nbsp;&nbsp;&nbsp;&nbsp;&nbsp;&nbsp;&nbsp;&nbsp;&nbsp;&nbsp;&nbsp;&nbsp;&nbsp;&nbsp;&nbsp; \u015awi\u0119tego, Bo\u017ce b\u0142ogos\u0142awie\u0144stwo,\nopiek\u0119 NMP<\/p>\n\n\n\n<p>&nbsp;&nbsp;&nbsp;&nbsp;&nbsp;&nbsp;&nbsp;&nbsp;&nbsp;&nbsp;&nbsp;&nbsp;&nbsp;&nbsp;&nbsp;&nbsp;&nbsp;&nbsp;&nbsp;&nbsp;&nbsp;&nbsp;&nbsp; <strong><em>chrzest po Mszy: \u0141ukasz\nKiela\u0144ski<\/em><\/strong><\/p>\n\n\n\n<p><strong>18.oo\n\u2013 1)<\/strong> ++ Iren\u0119 i Mariana Flas\u00f3w \u2013 modli si\u0119 rodzina<\/p>\n\n\n\n<p><strong>&nbsp;&nbsp;&nbsp;&nbsp;&nbsp;&nbsp;&nbsp;&nbsp;&nbsp;&nbsp;&nbsp; &nbsp;\n2) <\/strong>+ Zygmunta Hebrycza w 8\nmiesi\u0119cy po \u015bm. \u2013 modli si\u0119 Jan z rodzin\u0105 <\/p>\n","protected":false},"excerpt":{"rendered":"<p>Sk\u0142adaj\u0105c Ofiar\u0119, kt\u00f3ra nam przypomina niezmierzon\u0105 mi\u0142o\u015b\u0107 Twojego Syna, pokornie prosimy Ci\u0119, Bo\u017ce, przyjmij intencje Twoich wiernych i spraw przez dzia\u0142anie Eucharystii, aby w naszych rodzinach wzrasta\u0142a prawdziwa wiara, \u015bwi\u0119to\u015b\u0107 \u017cycia, braterska mi\u0142o\u015b\u0107 i duch modlitwy. Niech Matka Naj\u015bwi\u0119tsza wyprosi \u0142aski, o kt\u00f3re modlili\u015bmy si\u0119 w tej Mszy \u015bw. dla&#8230; <a class=\"continue-reading-link\" href=\"http:\/\/parafia.scinawa.info\/index.php\/2021\/10\/02\/intencje-mszalne-03-10-10-10-2021\/\">Czytaj dalej <span class=\"meta-nav\">&rarr; <\/span><\/a><\/p>\n","protected":false},"author":2,"featured_media":0,"comment_status":"closed","ping_status":"closed","sticky":false,"template":"","format":"standard","meta":{"footnotes":""},"categories":[39],"tags":[],"class_list":["post-1820","post","type-post","status-publish","format-standard","hentry","category-intencje"],"_links":{"self":[{"href":"http:\/\/parafia.scinawa.info\/index.php\/wp-json\/wp\/v2\/posts\/1820","targetHints":{"allow":["GET"]}}],"collection":[{"href":"http:\/\/parafia.scinawa.info\/index.php\/wp-json\/wp\/v2\/posts"}],"about":[{"href":"http:\/\/parafia.scinawa.info\/index.php\/wp-json\/wp\/v2\/types\/post"}],"author":[{"embeddable":true,"href":"http:\/\/parafia.scinawa.info\/index.php\/wp-json\/wp\/v2\/users\/2"}],"replies":[{"embeddable":true,"href":"http:\/\/parafia.scinawa.info\/index.php\/wp-json\/wp\/v2\/comments?post=1820"}],"version-history":[{"count":1,"href":"http:\/\/parafia.scinawa.info\/index.php\/wp-json\/wp\/v2\/posts\/1820\/revisions"}],"predecessor-version":[{"id":1821,"href":"http:\/\/parafia.scinawa.info\/index.php\/wp-json\/wp\/v2\/posts\/1820\/revisions\/1821"}],"wp:attachment":[{"href":"http:\/\/parafia.scinawa.info\/index.php\/wp-json\/wp\/v2\/media?parent=1820"}],"wp:term":[{"taxonomy":"category","embeddable":true,"href":"http:\/\/parafia.scinawa.info\/index.php\/wp-json\/wp\/v2\/categories?post=1820"},{"taxonomy":"post_tag","embeddable":true,"href":"http:\/\/parafia.scinawa.info\/index.php\/wp-json\/wp\/v2\/tags?post=1820"}],"curies":[{"name":"wp","href":"https:\/\/api.w.org\/{rel}","templated":true}]}}