{"id":1822,"date":"2021-10-02T14:20:02","date_gmt":"2021-10-02T12:20:02","guid":{"rendered":"http:\/\/parafia.scinawa.info\/?p=1822"},"modified":"2021-10-02T14:20:02","modified_gmt":"2021-10-02T12:20:02","slug":"ogloszenia-duszpasterskie-27-niedziela-zwykla-03-10-2021","status":"publish","type":"post","link":"http:\/\/parafia.scinawa.info\/index.php\/2021\/10\/02\/ogloszenia-duszpasterskie-27-niedziela-zwykla-03-10-2021\/","title":{"rendered":"Og\u0142oszenia duszpasterskie  27 Niedziela zwyk\u0142a \u2013 03.10. 2021"},"content":{"rendered":"\n<p><strong>1<\/strong><strong>.<\/strong>\nDzi\u015b prze\u017cywamy <strong>27 Niedziel\u0119 zwyk\u0142\u0105<\/strong>.\nMsze \u015bw. wg porz\u0105dku niedzielnego.<a>Zmiana tajemnic \u017bywego R\u00f3\u017ca\u0144ca po Mszy o <strong>10<sup>30<\/sup>.<\/strong><\/a><\/p>\n\n\n\n<p><strong><em>Dzisiaj spotkanie dla\nrodzic\u00f3w i dzieci Pierwszokomunijnych o godz. 12<sup>30<\/sup> po\u0142\u0105czone z\npo\u015bwi\u0119ceniem i przekazaniem dzieciom r\u00f3\u017ca\u0144ca.<\/em><\/strong><strong><\/strong><\/p>\n\n\n\n<p><strong>2<\/strong><strong>.<\/strong>\nMsze \u015bw. w tygodniu&nbsp; o <strong>7<sup>00<\/sup><\/strong>\ni <strong>18<sup>00<\/sup><\/strong>. &nbsp;<\/p>\n\n\n\n<p><strong>3.<\/strong>\nCodziennie spowied\u017a i adoracja Naj\u015bwi\u0119tszego Sakramentu o godz. <strong>17<sup>00<\/sup>.<\/strong><\/p>\n\n\n\n<p><strong>4. <\/strong><strong>W tym tygodniu nabo\u017ce\u0144stwa:\n<\/strong><\/p>\n\n\n\n<p><strong>&#8211; w poniedzia\u0142ek\n&nbsp;&nbsp;&nbsp;&nbsp; &#8211;\n<\/strong>nabo\u017ce\u0144stwo<strong> <em>do Bo\u017cego Mi\u0142osierdzia<\/em>\n<\/strong>o godz. <strong>17<sup>15<\/sup>.\n<\/strong><\/p>\n\n\n\n<p><strong>&#8211;<\/strong>\n<strong>w \u015brod\u0119<\/strong> &nbsp;&nbsp;&nbsp;&nbsp;&nbsp;&nbsp;&nbsp;&nbsp;&nbsp;&nbsp;&nbsp;&nbsp;&nbsp;&nbsp;&nbsp;&nbsp;&nbsp; <strong><sup>&#8211;\n<\/sup><\/strong>Nowenna do <strong><em>NMP Nieustaj\u0105cej Pomocy<\/em><\/strong> o godz. <strong>17<sup>15<\/sup><\/strong>.<\/p>\n\n\n\n<p>&#8211; <strong>w czwartek<\/strong> &nbsp;&nbsp;&nbsp;&nbsp;&nbsp;&nbsp;&nbsp;&nbsp;&nbsp;&nbsp;&nbsp; &#8211;\nnabo\u017ce\u0144stwoi adoracja<strong>\n&#8211; I czwartek miesi\u0105ca <\/strong>o godz. <strong>17<sup>00<\/sup><\/strong><\/p>\n\n\n\n<p><strong>5<\/strong><strong>.<\/strong> <strong>&nbsp;<\/strong>W tym tygodniu obchodzimy:<\/p>\n\n\n\n<p>&#8211; <strong>w\nponiedzia\u0142ek<\/strong> \u2013 wspomnienie\n\u015bw. Franciszka z Asy\u017cu<\/p>\n\n\n\n<p>&#8211; <strong>we\nwtorek<\/strong> \u2013 wspomnienie \u015bw. Faustyny, dziewicy<\/p>\n\n\n\n<p>&#8211; <strong>w czwartek<\/strong> \u2013 wspomnienie NMP R\u00f3\u017ca\u0144cowej \u2013 zapraszam cz\u0142onk\u00f3w \u017bywego R\u00f3\u017ca\u0144ca i\nwszystkich ch\u0119tnych na Msz\u0119 \u015bw., odpust dla \u017bywego R\u00f3\u017ca\u0144ca<\/p>\n\n\n\n<p><strong>6<\/strong><strong>. <\/strong><a>W\nprzysz\u0142\u0105 niedziel\u0119<\/a> b\u0119dziemy prze\u017cywa\u0107 <strong>27 Niedziel\u0119 zwyk\u0142\u0105<\/strong>. Msze \u015bw. wg porz\u0105dku niedzielnego. We\nwszystkich ko\u015bcio\u0142ach Polski zbierane s\u0105 ofiary do puszek przeznaczone na\nFundacj\u0119 Jana Paw\u0142a II \u2013 Dzie\u0142o Nowego Tysi\u0105clecia. <\/p>\n\n\n\n<p><strong>7<\/strong><strong>.<\/strong>\nKancelaria czynna codziennie po Mszy \u015bw. wieczornej z wyj\u0105tkiem niedziel,\nuroczysto\u015bci i \u015bwi\u0105t.<\/p>\n\n\n\n<p><strong>8<\/strong><strong>.<\/strong>\nDo nabycia jest prasa katolicka: Niedziela, Go\u015b\u0107 Niedzielny i R\u00f3\u017caniec. <\/p>\n\n\n\n<p><strong>9<\/strong><strong>.<\/strong>\nDzi\u0119kuj\u0119 wszystkim, kt\u00f3rzy w tym tygodniu sprz\u0105tali \u015bwi\u0105tyni\u0119 i przygotowali j\u0105\nna nasze spotkanie eucharystyczne.<\/p>\n\n\n\n<p><strong>10<\/strong><strong>.<\/strong>\nSerdeczne B\u00f3g zap\u0142a\u0107 za ofiary sk\u0142adane na remonty w naszej parafii. <\/p>\n\n\n\n<p><strong>11.<\/strong>\nIntencje mszalne, obrazki \u2013 pami\u0105tki odprawionej Mszy \u015bw.<\/p>\n\n\n\n<p><strong>12.<\/strong>\n<strong>W poniedzia\u0142ek <a>(tj. jutro 03.10.2021r.)<\/a><\/strong> <strong>o godzinie 19<sup>00<\/sup><\/strong>w ko\u015bciele, odb\u0119dzie si\u0119 spotkanie m\u0142odzie\u017cy ze szk\u00f3\u0142 \u015brednich\nprzygotowuj\u0105cej si\u0119 do bierzmowania. <\/p>\n\n\n\n<p><strong>13.<\/strong>\n<strong>W poniedzia\u0142ek (tj. jutro 03.10.2021r.)<\/strong> <strong>o godzinie 16<sup>00<\/sup><\/strong>\nzbi\u00f3rka kandydat\u00f3w, ministrant\u00f3w i lektor\u00f3w w ko\u015bciele. Zapraszamy ch\u0142opc\u00f3w,\nkt\u00f3rzy chcieliby s\u0142u\u017cy\u0107 przy o\u0142tarzu, do wst\u0105pienia w szeregi s\u0142u\u017cby\nliturgicznej.<\/p>\n\n\n\n<p><strong>14.<\/strong>\n<strong>w \u015brod\u0119<\/strong> <strong>(tj. 06.10.2021r.<\/strong>)spowied\u017a przed bierzmowaniem od godz. <strong>17<sup>00<\/sup><\/strong>\ndo <strong>18<sup>30<\/sup><\/strong><\/p>\n\n\n\n<p><strong>15.<\/strong>\n<strong>W czwartek (tj. 07.10.2021r.<\/strong>) podczas mszy \u015bwi\u0119tej <strong>o godzinie 18<sup>00<\/sup><\/strong>&nbsp; m\u0142odzie\u017c naszej parafii przyjmie sakrament\nbierzmowania.<\/p>\n\n\n\n<p><strong>16.<\/strong>\n<strong>W pi\u0105tek (tj. 08.10.2021r.) o godzinie 19<sup>00<\/sup><\/strong>, spotkanie dzieci\ni m\u0142odzie\u017cy w salce parafialnej.<em>\u017byczymy mi\u0142ego tygodnia i obfitych \u0142ask Bo\u017cych.<\/em><\/p>\n","protected":false},"excerpt":{"rendered":"<p>1. Dzi\u015b prze\u017cywamy 27 Niedziel\u0119 zwyk\u0142\u0105. Msze \u015bw. wg porz\u0105dku niedzielnego.Zmiana tajemnic \u017bywego R\u00f3\u017ca\u0144ca po Mszy o 1030. Dzisiaj spotkanie dla rodzic\u00f3w i dzieci Pierwszokomunijnych o godz. 1230 po\u0142\u0105czone z po\u015bwi\u0119ceniem i przekazaniem dzieciom r\u00f3\u017ca\u0144ca. 2. Msze \u015bw. w tygodniu&nbsp; o 700 i 1800. &nbsp; 3. Codziennie spowied\u017a i adoracja&#8230; <a class=\"continue-reading-link\" href=\"http:\/\/parafia.scinawa.info\/index.php\/2021\/10\/02\/ogloszenia-duszpasterskie-27-niedziela-zwykla-03-10-2021\/\">Czytaj dalej <span class=\"meta-nav\">&rarr; <\/span><\/a><\/p>\n","protected":false},"author":2,"featured_media":0,"comment_status":"closed","ping_status":"closed","sticky":false,"template":"","format":"standard","meta":{"footnotes":""},"categories":[40],"tags":[],"class_list":["post-1822","post","type-post","status-publish","format-standard","hentry","category-ogloszenia-duszpasterskie"],"_links":{"self":[{"href":"http:\/\/parafia.scinawa.info\/index.php\/wp-json\/wp\/v2\/posts\/1822","targetHints":{"allow":["GET"]}}],"collection":[{"href":"http:\/\/parafia.scinawa.info\/index.php\/wp-json\/wp\/v2\/posts"}],"about":[{"href":"http:\/\/parafia.scinawa.info\/index.php\/wp-json\/wp\/v2\/types\/post"}],"author":[{"embeddable":true,"href":"http:\/\/parafia.scinawa.info\/index.php\/wp-json\/wp\/v2\/users\/2"}],"replies":[{"embeddable":true,"href":"http:\/\/parafia.scinawa.info\/index.php\/wp-json\/wp\/v2\/comments?post=1822"}],"version-history":[{"count":1,"href":"http:\/\/parafia.scinawa.info\/index.php\/wp-json\/wp\/v2\/posts\/1822\/revisions"}],"predecessor-version":[{"id":1823,"href":"http:\/\/parafia.scinawa.info\/index.php\/wp-json\/wp\/v2\/posts\/1822\/revisions\/1823"}],"wp:attachment":[{"href":"http:\/\/parafia.scinawa.info\/index.php\/wp-json\/wp\/v2\/media?parent=1822"}],"wp:term":[{"taxonomy":"category","embeddable":true,"href":"http:\/\/parafia.scinawa.info\/index.php\/wp-json\/wp\/v2\/categories?post=1822"},{"taxonomy":"post_tag","embeddable":true,"href":"http:\/\/parafia.scinawa.info\/index.php\/wp-json\/wp\/v2\/tags?post=1822"}],"curies":[{"name":"wp","href":"https:\/\/api.w.org\/{rel}","templated":true}]}}