{"id":1824,"date":"2021-10-09T22:28:46","date_gmt":"2021-10-09T20:28:46","guid":{"rendered":"http:\/\/parafia.scinawa.info\/?p=1824"},"modified":"2021-10-09T22:28:46","modified_gmt":"2021-10-09T20:28:46","slug":"intencje-mszalne-10-10-17-10-2021","status":"publish","type":"post","link":"http:\/\/parafia.scinawa.info\/index.php\/2021\/10\/09\/intencje-mszalne-10-10-17-10-2021\/","title":{"rendered":"INTENCJE MSZALNE 10.10. \u2013 17.10. 2021"},"content":{"rendered":"\n<p><strong><em>Sk\u0142adaj\u0105c\nOfiar\u0119, kt\u00f3ra nam przypomina niezmierzon\u0105 mi\u0142o\u015b\u0107 Twojego Syna, pokornie prosimy\nCi\u0119, Bo\u017ce, przyjmij intencje Twoich wiernych i spraw przez dzia\u0142anie\nEucharystii, aby w naszych rodzinach wzrasta\u0142a prawdziwa wiara, \u015bwi\u0119to\u015b\u0107 \u017cycia,\nbraterska mi\u0142o\u015b\u0107 i duch modlitwy. <\/em><\/strong><strong>Niech\nMatka Naj\u015bwi\u0119tsza wyprosi \u0142aski, o kt\u00f3re modlili\u015bmy si\u0119 w tej Mszy \u015bw. dla \u2026\nZa\u015b zmar\u0142ym \u2026 za kt\u00f3rych odprawiali\u015bmy Msz\u0119 \u015bw.: wieczny odpoczynek racz im\nda\u0107 Panie (\u2026); niech odpoczywaj\u0105 w pokoju wiecznym. Amen<\/strong><\/p>\n\n\n\n<p><strong><em>10.10.\n&#8211; NIEDZIELA&nbsp; <\/em><\/strong><em><\/em><\/p>\n\n\n\n<p><strong>&nbsp; 8.oo \u2013 1)<\/strong> w 88 rocz.\nurodzin Janiny Bilewicz dzi\u0119kczynna za\notrzymane \u0142aski z pro\u015bb\u0105 o zdrowie, <\/p>\n\n\n\n<p>&nbsp;&nbsp;&nbsp;&nbsp;&nbsp;&nbsp;&nbsp;&nbsp;&nbsp;&nbsp;&nbsp;&nbsp;&nbsp;&nbsp;&nbsp;&nbsp;&nbsp; dary Ducha \u015awi\u0119tego,\nBo\u017ce b\u0142., opiek\u0119 NMP \u2013 modli si\u0119 rodzina<\/p>\n\n\n\n<p><strong>&nbsp;&nbsp;&nbsp;&nbsp;&nbsp;&nbsp;&nbsp;&nbsp;&nbsp;&nbsp;&nbsp; &nbsp;\n2)<\/strong> w 85 rocz.\nurodzin Eugenii Mazurkiewicz dzi\u0119kczynna za otrzymane \u0142aski z pro\u015bb\u0105 <\/p>\n\n\n\n<p>&nbsp;&nbsp;&nbsp;&nbsp;&nbsp;&nbsp;&nbsp;&nbsp;&nbsp;&nbsp;&nbsp;&nbsp;&nbsp;&nbsp;&nbsp;&nbsp;&nbsp; o zdrowie, dary\nDucha \u015awi\u0119tego, Bo\u017ce b\u0142., opiek\u0119 NMP \u2013 modl\u0105 si\u0119 dzieci z rodzin\u0105\n<\/p>\n\n\n\n<p>&nbsp;&nbsp;&nbsp;&nbsp;&nbsp;&nbsp;&nbsp;&nbsp;&nbsp;&nbsp;&nbsp; &nbsp;<strong>3)\n<\/strong>+ J\u00f3zefa Mazurkiewicza \u2013 gregorianka 10\n<\/p>\n\n\n\n<p><strong>&nbsp; 9.3o \u2013 <\/strong>&nbsp;&nbsp;<\/p>\n\n\n\n<p><strong>11.oo\n\u2013 1) <\/strong>++ Filomen\u0119 i Franciszka\nTrubickich, El\u017cbiet\u0119 Demczak oraz ++ z rodziny Trubickich, <\/p>\n\n\n\n<p>&nbsp;&nbsp;&nbsp;&nbsp;&nbsp;&nbsp;&nbsp;&nbsp;&nbsp;&nbsp;&nbsp;&nbsp;&nbsp;&nbsp;&nbsp;&nbsp;&nbsp; Koz\u0142owskich,\nKulczyckich i Serafin\u00f3w <\/p>\n\n\n\n<p><strong>&nbsp;&nbsp;&nbsp;&nbsp;&nbsp;&nbsp;&nbsp;&nbsp;&nbsp;&nbsp;&nbsp; &nbsp;\n2)<\/strong> w 80 rocz. urodzin Marii dzi\u0119kczynna za otrzymane \u0142aski z pro\u015bb\u0105 o zdrowie, dary Ducha<\/p>\n\n\n\n<p>&nbsp;&nbsp;&nbsp;&nbsp;&nbsp;&nbsp;&nbsp;&nbsp;&nbsp;&nbsp; \u015awi\u0119tego, Bo\u017ce b\u0142., opiek\u0119\nNMP i \u015bw. Patron\u00f3w na dalsze lata \u017cycia \u2013 modl\u0105 si\u0119 dzieci i wnuki<strong><\/strong><\/p>\n\n\n\n<p>&nbsp;&nbsp;&nbsp;&nbsp;&nbsp;&nbsp;&nbsp;&nbsp;&nbsp;&nbsp;&nbsp; <strong>3)<\/strong>\nw 70 rocz. urodzin Ludwiki dzi\u0119kczynna\nza otrzymane \u0142aski z pro\u015bb\u0105 o zdrowie, dary Ducha<\/p>\n\n\n\n<p>&nbsp;&nbsp;&nbsp;&nbsp;&nbsp;&nbsp;&nbsp;&nbsp;&nbsp;&nbsp;&nbsp;&nbsp;&nbsp;&nbsp; \u015awi\u0119tego, Bo\u017ce b\u0142.,\nopiek\u0119 NMP \u2013 modl\u0105 si\u0119 m\u0105\u017c, dzieci i wnuki<\/p>\n\n\n\n<p><strong>12.3o\n\u2013 1) <\/strong>w 14 rocz. urodzin Katarzyny Pytlarz dzi\u0119kczynna z pro\u015bb\u0105 o zdrowie, dary Ducha <\/p>\n\n\n\n<p>&nbsp;&nbsp;&nbsp;&nbsp;&nbsp;&nbsp;&nbsp;&nbsp;&nbsp;&nbsp;&nbsp;&nbsp;&nbsp;&nbsp;&nbsp;&nbsp; \u015awi\u0119tego, Bo\u017ce b\u0142ogos\u0142awie\u0144stwo,\nopiek\u0119 NMP \u2013 modli si\u0119 rodzina<\/p>\n\n\n\n<p><strong>&nbsp;&nbsp;&nbsp;&nbsp;&nbsp;&nbsp;&nbsp;&nbsp;&nbsp;&nbsp;&nbsp; &nbsp;\n2)<\/strong> w 15 rocz. \u015blubu Iwony i Damiana dzi\u0119kczynna z pro\u015bb\u0105 o zdrowie, dary Ducha <\/p>\n\n\n\n<p>&nbsp;&nbsp;&nbsp;&nbsp;&nbsp;&nbsp;&nbsp;&nbsp;&nbsp;&nbsp;&nbsp;&nbsp;&nbsp;&nbsp;&nbsp;&nbsp; \u015awi\u0119tego, Bo\u017ce b\u0142ogos\u0142awie\u0144stwo,\nopiek\u0119 NMP<\/p>\n\n\n\n<p>&nbsp;&nbsp;&nbsp;&nbsp;&nbsp;&nbsp;&nbsp;&nbsp;&nbsp;&nbsp;&nbsp;&nbsp;&nbsp;&nbsp;&nbsp;&nbsp;&nbsp;&nbsp;&nbsp;&nbsp;&nbsp;&nbsp;&nbsp; <strong><em>chrzest po Mszy: \u0141ukasz\nKiela\u0144ski<\/em><\/strong><\/p>\n\n\n\n<p><strong>18.oo\n\u2013 1)<\/strong> ++ Iren\u0119 i Mariana Flas\u00f3w \u2013 modli si\u0119 rodzina<\/p>\n\n\n\n<p><strong>&nbsp;&nbsp;&nbsp;&nbsp;&nbsp;&nbsp;&nbsp;&nbsp;&nbsp;&nbsp;&nbsp; &nbsp;\n2) <\/strong>+ Zygmunta Hebrycza w 8\nmiesi\u0119cy po \u015bm. \u2013 modli si\u0119 Jan z rodzin\u0105<strong>&nbsp; &nbsp;<\/strong>&nbsp;<\/p>\n\n\n\n<p><strong><em>11.10.\n\u2013 PONIEDZIA\u0141EK<\/em><\/strong><\/p>\n\n\n\n<p><strong>&nbsp; &nbsp;&nbsp;7.oo\n\u2013 <\/strong>&nbsp;<\/p>\n\n\n\n<p><strong>18.oo\n\u2013 1) <\/strong>&nbsp;+ J\u00f3zefa Mazurkiewicza \u2013 gregorianka 11<\/p>\n\n\n\n<p><strong>&nbsp;&nbsp;&nbsp;&nbsp;&nbsp;&nbsp;&nbsp;&nbsp;&nbsp;&nbsp;&nbsp; &nbsp;\n2)<\/strong> ++ rodzic\u00f3w: Ann\u0119 i J\u00f3zefa oraz m\u0119\u017ca Stefana \u2013\nmodli si\u0119 c\u00f3rka i \u017cona<\/p>\n\n\n\n<p><strong><em>12.10.\n&#8211; WTOREK<\/em><\/strong><em><\/em><\/p>\n\n\n\n<p><strong>&nbsp; 7.oo \u2013 <\/strong>+ J\u00f3zefa Mazurkiewicza \u2013 gregorianka 12<\/p>\n\n\n\n<p><strong>18.oo\n\u2013 <\/strong>&nbsp;<strong>1) <\/strong>+\nMart\u0119 Wandycz \u2013 modli si\u0119 rodzina<\/p>\n\n\n\n<p><strong>&nbsp;&nbsp;&nbsp;&nbsp;&nbsp;&nbsp;&nbsp;&nbsp;&nbsp;&nbsp;&nbsp; &nbsp;\n2)<\/strong><\/p>\n\n\n\n<p><strong><em>13.10.\n\u2013 \u015aRODA <\/em><\/strong><\/p>\n\n\n\n<p><strong>&nbsp; 7.oo \u2013 <\/strong>+ J\u00f3zefa Mazurkiewicza \u2013 gregorianka 13<strong><\/strong><\/p>\n\n\n\n<p><strong>18.oo\n\u2013&nbsp; intencja zbiorowa nowennowa:<\/strong><\/p>\n\n\n\n<p><strong>&nbsp;1)<\/strong> + Wit\u0119 Wysock\u0105 \u2013 modl\u0105\nsi\u0119 s\u0105siedzi<\/p>\n\n\n\n<p><strong>&nbsp;2)<\/strong> ++ Romana w 31 rocz.\n\u015bm. i Janin\u0119 W\u00f3jcik\u00f3w oraz ++ z rodziny W\u00f3jcik\u00f3w, Matczak\u00f3w<\/p>\n\n\n\n<p>&nbsp;&nbsp;&nbsp;&nbsp; &nbsp;i\nB\u0142a\u017cejewskich \u2013 modl\u0105 si\u0119 c\u00f3rki z rodzinami<\/p>\n\n\n\n<p><strong>&nbsp;3)<\/strong><\/p>\n\n\n\n<p><strong><em>14.10. \u2013 CZWARTEK <\/em><\/strong><em>&nbsp;<\/em><\/p>\n\n\n\n<p><strong>&nbsp; 7.oo \u2013 <\/strong>+ J\u00f3zefa Mazurkiewicza \u2013 gregorianka 14<strong><\/strong><\/p>\n\n\n\n<p><strong>18.oo\n\u2013 1) <\/strong>&nbsp;<\/p>\n\n\n\n<p><strong>&nbsp;&nbsp;&nbsp;&nbsp;&nbsp;&nbsp;&nbsp;&nbsp;&nbsp;&nbsp;&nbsp; &nbsp;\n2)<\/strong><\/p>\n\n\n\n<p><strong><em>15.10. \u2013 PI\u0104TEK<\/em><\/strong><\/p>\n\n\n\n<p><strong>&nbsp; &nbsp;&nbsp;7.oo\n\u2013<\/strong>\n++ rodzic\u00f3w: Tekl\u0119, Antoniego, Franciszka, Janin\u0119, Adama oraz ++ z rodziny\nTyndyk\u00f3w, <\/p>\n\n\n\n<p>&nbsp;&nbsp;&nbsp;&nbsp;&nbsp;&nbsp;&nbsp;&nbsp;&nbsp;&nbsp;&nbsp;&nbsp;&nbsp;&nbsp;\nS\u0142odownik\u00f3w, Rabiejewskich i Skowro\u0144skich<\/p>\n\n\n\n<p><strong>18.oo\n\u2013 1) <\/strong>+ J\u00f3zefa Mazurkiewicza \u2013\ngregorianka 15 <\/p>\n\n\n\n<p><strong>&nbsp;&nbsp;&nbsp;&nbsp;&nbsp;&nbsp;&nbsp;&nbsp;&nbsp;&nbsp;&nbsp; &nbsp;\n2)<\/strong> + Jana \u017bwira &#8211; 30 dzie\u0144 od pogrzebu &#8211; intencja od\nuczestnik\u00f3w Mszy pogrzebowej<\/p>\n\n\n\n<p><strong><em>16.10. \u2013 SOBOTA<\/em><\/strong><\/p>\n\n\n\n<p><strong>&nbsp; &nbsp;&nbsp;7.oo\n\u2013 <\/strong>+ J\u00f3zefa Mazurkiewicza \u2013 gregorianka 16<strong><\/strong><\/p>\n\n\n\n<p><strong>&nbsp;15.oo \u2013 <\/strong>Chrzest z Msz\u0105 \u015bw.<strong>\n\u2013 Jan Turski<\/strong><\/p>\n\n\n\n<p><strong>18.oo\n\u2013 1) <\/strong>++ Ann\u0119 Szelig\u0119 w 20 rocz.\n\u015bm. i Janin\u0119 Majewsk\u0105 w 2 rocz. \u015bm. \u2013 modli si\u0119 przyjaci\u00f3\u0142ka<\/p>\n\n\n\n<p>&nbsp;&nbsp;&nbsp;&nbsp;&nbsp;&nbsp;&nbsp;&nbsp;&nbsp;&nbsp;&nbsp;&nbsp;&nbsp;&nbsp;&nbsp; &nbsp;Wies\u0142awa <\/p>\n\n\n\n<p><strong>&nbsp;&nbsp;&nbsp;&nbsp;&nbsp; 2)<\/strong> za Siostry Jadwi\u017canki\nz racji patronalnego \u015bwi\u0119ta dzi\u0119kczynna\nz pro\u015bb\u0105 o zdrowie, dary Ducha<\/p>\n\n\n\n<p>&nbsp;&nbsp;&nbsp;&nbsp;&nbsp; &nbsp;&nbsp;&nbsp;\u015awi\u0119tego,\nBo\u017ce b\u0142ogos\u0142awie\u0144stwo, opiek\u0119 NMP i \u015bw. Jadwigi oraz o nowe powo\u0142ania do zakonu\n&nbsp;<\/p>\n\n\n\n<p><strong><em>17.10. \u2013 NIEDZIELA&nbsp; <\/em><\/strong><\/p>\n\n\n\n<p><strong>&nbsp; 8.oo \u2013 1) <\/strong>++ W\u0142adys\u0142aw\u0119 w 8 rocz. \u015bm., Stanis\u0142awa, Kazimier\u0119 i J\u00f3zefa Szymczak\u00f3w\noraz siostr\u0119<\/p>\n\n\n\n<p>&nbsp;&nbsp;&nbsp;&nbsp;&nbsp;&nbsp;&nbsp;&nbsp;&nbsp;&nbsp;&nbsp;&nbsp;&nbsp;&nbsp;&nbsp;&nbsp; &nbsp;Mari\u0119 Sta\u0144czyk z domu Szymczak \u2013 modli si\u0119\nrodzina\n<\/p>\n\n\n\n<p><strong>&nbsp;&nbsp;&nbsp;&nbsp;&nbsp;&nbsp;&nbsp;&nbsp;&nbsp;&nbsp;&nbsp; &nbsp;\n2)<\/strong> + Stanis\u0142awa w 18 rocz. \u015bm \u2013 modli si\u0119 \u017cona i syn<\/p>\n\n\n\n<p><strong>&nbsp; 9.3o \u2013 <\/strong>&nbsp;++ Ann\u0119 i Henryka Formusiewicz\u00f3w oraz\nStanis\u0142aw\u0119 i Stanis\u0142awa Adamskich <\/p>\n\n\n\n<p><strong>11.oo\n\u2013 1) <\/strong>w 4 rocz. urodzin Bartosza\ndzi\u0119kczynna z pro\u015bb\u0105 o zdrowie, dary Ducha \u015awi\u0119tego, Bo\u017ce <\/p>\n\n\n\n<p>&nbsp;&nbsp;&nbsp;&nbsp;&nbsp;&nbsp;&nbsp;&nbsp;&nbsp;&nbsp;&nbsp;&nbsp;&nbsp;&nbsp;&nbsp;&nbsp;&nbsp; b\u0142ogos\u0142awie\u0144stwo i opiek\u0119 NMP\n\u2013 modl\u0105 si\u0119 rodzice <\/p>\n\n\n\n<p><strong>&nbsp;&nbsp;&nbsp;&nbsp;&nbsp;&nbsp;&nbsp;&nbsp;&nbsp;&nbsp;&nbsp; &nbsp;\n2) <\/strong>+ Jana \u017bebrowskiego w 6\nrocz. \u015bm., ++ rodzic\u00f3w: Genowef\u0119 i Wiktora \u017bebrowskich oraz<\/p>\n\n\n\n<p>&nbsp;&nbsp;&nbsp;&nbsp;&nbsp;&nbsp;&nbsp;&nbsp;&nbsp;&nbsp;&nbsp;&nbsp;&nbsp;&nbsp;&nbsp;&nbsp; &nbsp;Stanis\u0142awa i Stefani\u0119 Rzepeckich \u2013 modli si\u0119 rodzina\n<strong>&nbsp;<\/strong><\/p>\n\n\n\n<p><strong>12.3o\n\u2013 1) <\/strong>zaj. P. Zdobylak<\/p>\n\n\n\n<p><strong>&nbsp;&nbsp;&nbsp;&nbsp;&nbsp;&nbsp;&nbsp;&nbsp;&nbsp;&nbsp;&nbsp; &nbsp;\n2)<\/strong> zaj. P. Szulc<\/p>\n\n\n\n<p><strong><em>Chrzest\nw czasie Mszy \u015bw. Antonina Szulc i Zofia Adamska<\/em><\/strong><\/p>\n\n\n\n<p><strong>18.oo\n\u2013 1) <\/strong>+ J\u00f3zefa Mazurkiewicza \u2013\ngregorianka 17 <\/p>\n\n\n\n<p><strong>&nbsp;&nbsp;&nbsp;&nbsp;&nbsp;&nbsp;&nbsp;&nbsp;&nbsp;&nbsp;&nbsp; &nbsp;\n2)<\/strong> ++ rodzic\u00f3w w rocz. ich \u015bmierci \u2013 modli si\u0119 c\u00f3rka<\/p>\n\n\n\n<p>&nbsp;&nbsp;&nbsp;&nbsp;&nbsp;&nbsp;&nbsp;&nbsp;&nbsp;&nbsp;&nbsp; <strong>&nbsp;&nbsp;3)<\/strong>\n+ Micha\u0142a Czuczo\u0142\u0119 &#8211; 30 dzie\u0144 od pogrzebu &#8211; intencja od uczestnik\u00f3w Mszy pogrzebowej<\/p>\n","protected":false},"excerpt":{"rendered":"<p>Sk\u0142adaj\u0105c Ofiar\u0119, kt\u00f3ra nam przypomina niezmierzon\u0105 mi\u0142o\u015b\u0107 Twojego Syna, pokornie prosimy Ci\u0119, Bo\u017ce, przyjmij intencje Twoich wiernych i spraw przez dzia\u0142anie Eucharystii, aby w naszych rodzinach wzrasta\u0142a prawdziwa wiara, \u015bwi\u0119to\u015b\u0107 \u017cycia, braterska mi\u0142o\u015b\u0107 i duch modlitwy. Niech Matka Naj\u015bwi\u0119tsza wyprosi \u0142aski, o kt\u00f3re modlili\u015bmy si\u0119 w tej Mszy \u015bw. dla&#8230; <a class=\"continue-reading-link\" href=\"http:\/\/parafia.scinawa.info\/index.php\/2021\/10\/09\/intencje-mszalne-10-10-17-10-2021\/\">Czytaj dalej <span class=\"meta-nav\">&rarr; <\/span><\/a><\/p>\n","protected":false},"author":2,"featured_media":0,"comment_status":"closed","ping_status":"closed","sticky":false,"template":"","format":"standard","meta":{"footnotes":""},"categories":[39],"tags":[],"class_list":["post-1824","post","type-post","status-publish","format-standard","hentry","category-intencje"],"_links":{"self":[{"href":"http:\/\/parafia.scinawa.info\/index.php\/wp-json\/wp\/v2\/posts\/1824","targetHints":{"allow":["GET"]}}],"collection":[{"href":"http:\/\/parafia.scinawa.info\/index.php\/wp-json\/wp\/v2\/posts"}],"about":[{"href":"http:\/\/parafia.scinawa.info\/index.php\/wp-json\/wp\/v2\/types\/post"}],"author":[{"embeddable":true,"href":"http:\/\/parafia.scinawa.info\/index.php\/wp-json\/wp\/v2\/users\/2"}],"replies":[{"embeddable":true,"href":"http:\/\/parafia.scinawa.info\/index.php\/wp-json\/wp\/v2\/comments?post=1824"}],"version-history":[{"count":1,"href":"http:\/\/parafia.scinawa.info\/index.php\/wp-json\/wp\/v2\/posts\/1824\/revisions"}],"predecessor-version":[{"id":1825,"href":"http:\/\/parafia.scinawa.info\/index.php\/wp-json\/wp\/v2\/posts\/1824\/revisions\/1825"}],"wp:attachment":[{"href":"http:\/\/parafia.scinawa.info\/index.php\/wp-json\/wp\/v2\/media?parent=1824"}],"wp:term":[{"taxonomy":"category","embeddable":true,"href":"http:\/\/parafia.scinawa.info\/index.php\/wp-json\/wp\/v2\/categories?post=1824"},{"taxonomy":"post_tag","embeddable":true,"href":"http:\/\/parafia.scinawa.info\/index.php\/wp-json\/wp\/v2\/tags?post=1824"}],"curies":[{"name":"wp","href":"https:\/\/api.w.org\/{rel}","templated":true}]}}