{"id":1826,"date":"2021-10-09T22:30:30","date_gmt":"2021-10-09T20:30:30","guid":{"rendered":"http:\/\/parafia.scinawa.info\/?p=1826"},"modified":"2021-10-09T22:30:30","modified_gmt":"2021-10-09T20:30:30","slug":"ogloszenia-duszpasterskie-28-niedziela-zwykla-10-10-2021","status":"publish","type":"post","link":"http:\/\/parafia.scinawa.info\/index.php\/2021\/10\/09\/ogloszenia-duszpasterskie-28-niedziela-zwykla-10-10-2021\/","title":{"rendered":"Og\u0142oszenia duszpasterskie  28 Niedziela zwyk\u0142a \u2013 10.10. 2021"},"content":{"rendered":"\n<p><strong>1<\/strong><strong>.<\/strong>\nDzi\u015b prze\u017cywamy <strong><em>28 Niedziel\u0119 zwyk\u0142\u0105 <\/em><\/strong>oraz Niedziel\u0119\npapiesk\u0105. We wszystkich ko\u015bcio\u0142ach Polski zbierane s\u0105 ofiary do puszek\nprzeznaczone na Fundacj\u0119 Jana Paw\u0142a II \u2013 Dzie\u0142o Nowego Tysi\u0105clecia. Msze \u015bw. wg porz\u0105dku niedzielnego.\n&nbsp;<strong><em>&nbsp;<\/em><\/strong><\/p>\n\n\n\n<p><strong>2<\/strong><strong>.<\/strong>\nMsze \u015bw. w tygodniu&nbsp; o <strong>7<sup>00<\/sup><\/strong>\ni <strong>18<sup>00<\/sup><\/strong>. <\/p>\n\n\n\n<p><strong>3.<\/strong>\nCodziennie spowied\u017a i adoracja Naj\u015bwi\u0119tszego Sakramentu o godz. <strong>17<sup>00<\/sup>,\na R\u00f3\u017caniec o <\/strong><strong>17<sup>30<\/sup>. <\/strong><\/p>\n\n\n\n<p><strong>4<\/strong><strong>.<\/strong> <strong>&nbsp;<\/strong>W tym tygodniu obchodzimy:<\/p>\n\n\n\n<p>&#8211; <strong>w\n\u015brod\u0119<\/strong> \u2013 wspomnienie b\u0142. Honorata Ko\u017ami\u0144skiego, prezbitera<\/p>\n\n\n\n<p>&#8211; <strong>w\npi\u0105tek<\/strong> \u2013 wspomnienie\n\u015bw. Teresy od Jezusa, dziewicy i doktora Ko\u015bcio\u0142a<\/p>\n\n\n\n<p>&#8211; <strong>w\nsobot\u0119<\/strong> \u2013 uroczysto\u015b\u0107\n\u015bw. Jadwigi \u015al\u0105skiej \u2013 g\u0142\u00f3wnej Patronki \u015al\u0105ska, Si\u00f3str Jadwi\u017canek<\/p>\n\n\n\n<p><strong>5<\/strong><strong>. <\/strong>W przysz\u0142\u0105 niedziel\u0119 b\u0119dziemy prze\u017cywa\u0107 <strong><em>29 Niedziel\u0119 zwyk\u0142\u0105<\/em><\/strong> Msze\n\u015bw. wg porz\u0105dku niedzielnego. <\/p>\n\n\n\n<p><strong>6<\/strong><strong>.<\/strong>\nKancelaria czynna codziennie po Mszy \u015bw. wieczornej z wyj\u0105tkiem niedziel,\nuroczysto\u015bci i \u015bwi\u0105t.<\/p>\n\n\n\n<p><strong>7<\/strong><strong>.<\/strong>\nDo nabycia jest prasa katolicka: Niedziela, Go\u015b\u0107 Niedzielny i R\u00f3\u017caniec. <\/p>\n\n\n\n<p><strong>8<\/strong><strong>.<\/strong>\nDzi\u0119kuj\u0119 wszystkim, kt\u00f3rzy w tym tygodniu sprz\u0105tali \u015bwi\u0105tyni\u0119 i przygotowali j\u0105\nna nasze spotkanie eucharystyczne.<\/p>\n\n\n\n<p><strong>9<\/strong><strong>.<\/strong>\nSerdeczne B\u00f3g zap\u0142a\u0107 za ofiary sk\u0142adane na remonty w naszej parafii. <\/p>\n\n\n\n<p><strong>10.<\/strong>\n<strong>W poniedzia\u0142ek (tj. jutro 11.10.2021r.)<\/strong> <strong>o godzinie 16<sup>00<\/sup><\/strong>\nzbi\u00f3rka kandydat\u00f3w, ministrant\u00f3w i lektor\u00f3w w ko\u015bciele. Zapraszamy ch\u0142opc\u00f3w,\nkt\u00f3rzy chcieliby s\u0142u\u017cy\u0107 przy o\u0142tarzu, do wst\u0105pienia w szeregi s\u0142u\u017cby\nliturgicznej.<\/p>\n\n\n\n<p><strong>11.<\/strong>\n<strong>W pi\u0105tek (tj. 15.10.2021r.) o godzinie 19<sup>00<\/sup><\/strong>, spotkanie dzieci\ni m\u0142odzie\u017cy w salce parafialnej.<\/p>\n\n\n\n<p><strong>12.<\/strong>\n<strong>W przysz\u0142\u0105 niedziel\u0119 (tj.17.10.2021r.)<\/strong> w naszej parafii po ka\u017cdej mszy\n\u015bwi\u0119tej b\u0119d\u0105 sprzedawane <strong><em>przepyszne krem\u00f3wki papieskie<\/em><\/strong>! Pieni\u0105dze\nz krem\u00f3wek b\u0119d\u0105 przeznaczone na dzieci i m\u0142odzie\u017c z naszej parafii.<\/p>\n\n\n\n<p><strong>13.<\/strong><strong> <em>Nabo\u017ce\u0144stwo fatimskie w \u015brod\u0119 13 pa\u017adziernika\ntradycyjnie po Mszy wieczornej.<\/em><\/strong><\/p>\n\n\n\n<p><strong>14.<\/strong>\n&nbsp;Intencje mszalne, obrazki \u2013 pami\u0105tki odprawionej\nMszy \u015bw.<\/p>\n\n\n\n<p><strong>15<\/strong><strong>. <\/strong>Zosta\u0142y\nprzygotowane <strong><em>kartki wypominkowe<\/em><\/strong> wraz z zaproszeniem do\nwsp\u00f3lnej modlitwy za zmar\u0142ych i planem wypominek, kt\u00f3ry prosz\u0119 zostawi\u0107 sobie w\ndomu. Mo\u017cna je bra\u0107 ze stolika w przedsionku ko\u015bcio\u0142a, zakrystii i pod ambon\u0105.\nWypisane kartki wypominkowe prosz\u0119 sk\u0142ada\u0107 w kopertach z adresem do skarbony\npod ambon\u0105.<\/p>\n\n\n\n<p><em>\u017byczymy mi\u0142ego tygodnia\ni obfitych \u0142ask Bo\u017cych.<\/em><\/p>\n","protected":false},"excerpt":{"rendered":"<p>1. Dzi\u015b prze\u017cywamy 28 Niedziel\u0119 zwyk\u0142\u0105 oraz Niedziel\u0119 papiesk\u0105. We wszystkich ko\u015bcio\u0142ach Polski zbierane s\u0105 ofiary do puszek przeznaczone na Fundacj\u0119 Jana Paw\u0142a II \u2013 Dzie\u0142o Nowego Tysi\u0105clecia. Msze \u015bw. wg porz\u0105dku niedzielnego. &nbsp;&nbsp; 2. Msze \u015bw. w tygodniu&nbsp; o 700 i 1800. 3. Codziennie spowied\u017a i adoracja Naj\u015bwi\u0119tszego Sakramentu&#8230; <a class=\"continue-reading-link\" href=\"http:\/\/parafia.scinawa.info\/index.php\/2021\/10\/09\/ogloszenia-duszpasterskie-28-niedziela-zwykla-10-10-2021\/\">Czytaj dalej <span class=\"meta-nav\">&rarr; <\/span><\/a><\/p>\n","protected":false},"author":2,"featured_media":0,"comment_status":"closed","ping_status":"closed","sticky":false,"template":"","format":"standard","meta":{"footnotes":""},"categories":[40],"tags":[],"class_list":["post-1826","post","type-post","status-publish","format-standard","hentry","category-ogloszenia-duszpasterskie"],"_links":{"self":[{"href":"http:\/\/parafia.scinawa.info\/index.php\/wp-json\/wp\/v2\/posts\/1826","targetHints":{"allow":["GET"]}}],"collection":[{"href":"http:\/\/parafia.scinawa.info\/index.php\/wp-json\/wp\/v2\/posts"}],"about":[{"href":"http:\/\/parafia.scinawa.info\/index.php\/wp-json\/wp\/v2\/types\/post"}],"author":[{"embeddable":true,"href":"http:\/\/parafia.scinawa.info\/index.php\/wp-json\/wp\/v2\/users\/2"}],"replies":[{"embeddable":true,"href":"http:\/\/parafia.scinawa.info\/index.php\/wp-json\/wp\/v2\/comments?post=1826"}],"version-history":[{"count":1,"href":"http:\/\/parafia.scinawa.info\/index.php\/wp-json\/wp\/v2\/posts\/1826\/revisions"}],"predecessor-version":[{"id":1827,"href":"http:\/\/parafia.scinawa.info\/index.php\/wp-json\/wp\/v2\/posts\/1826\/revisions\/1827"}],"wp:attachment":[{"href":"http:\/\/parafia.scinawa.info\/index.php\/wp-json\/wp\/v2\/media?parent=1826"}],"wp:term":[{"taxonomy":"category","embeddable":true,"href":"http:\/\/parafia.scinawa.info\/index.php\/wp-json\/wp\/v2\/categories?post=1826"},{"taxonomy":"post_tag","embeddable":true,"href":"http:\/\/parafia.scinawa.info\/index.php\/wp-json\/wp\/v2\/tags?post=1826"}],"curies":[{"name":"wp","href":"https:\/\/api.w.org\/{rel}","templated":true}]}}