{"id":1829,"date":"2021-10-16T12:29:15","date_gmt":"2021-10-16T10:29:15","guid":{"rendered":"http:\/\/parafia.scinawa.info\/?p=1829"},"modified":"2021-10-16T12:29:15","modified_gmt":"2021-10-16T10:29:15","slug":"intencje-mszalne-17-10-24-10-2021","status":"publish","type":"post","link":"http:\/\/parafia.scinawa.info\/index.php\/2021\/10\/16\/intencje-mszalne-17-10-24-10-2021\/","title":{"rendered":"INTENCJE MSZALNE 17.10. \u2013 24.10. 2021"},"content":{"rendered":"\n<p><strong><em>Sk\u0142adaj\u0105c\nOfiar\u0119, kt\u00f3ra nam przypomina niezmierzon\u0105 mi\u0142o\u015b\u0107 Twojego Syna, pokornie prosimy\nCi\u0119, Bo\u017ce, przyjmij intencje Twoich wiernych i spraw przez dzia\u0142anie\nEucharystii, aby w naszych rodzinach wzrasta\u0142a prawdziwa wiara, \u015bwi\u0119to\u015b\u0107 \u017cycia,\nbraterska mi\u0142o\u015b\u0107 i duch modlitwy. <\/em><\/strong><strong>Niech\nMatka Naj\u015bwi\u0119tsza wyprosi \u0142aski, o kt\u00f3re modlili\u015bmy si\u0119 w tej Mszy \u015bw. dla \u2026\nZa\u015b zmar\u0142ym \u2026 za kt\u00f3rych odprawiali\u015bmy Msz\u0119 \u015bw.: wieczny odpoczynek racz im\nda\u0107 Panie (\u2026); niech odpoczywaj\u0105 w pokoju wiecznym. Amen<\/strong><\/p>\n\n\n\n<p><strong><em>17.10.\n&#8211; NIEDZIELA&nbsp; <\/em><\/strong><em><\/em><\/p>\n\n\n\n<p><strong>&nbsp; &nbsp;&nbsp;8.oo\n\u2013 1) <\/strong>++ W\u0142adys\u0142aw\u0119 w 8 rocz.\n\u015bm., Stanis\u0142awa, Kazimier\u0119 i J\u00f3zefa Szymczak\u00f3w oraz siostr\u0119<\/p>\n\n\n\n<p>&nbsp; &nbsp;&nbsp;&nbsp;&nbsp;&nbsp;&nbsp;&nbsp;&nbsp;&nbsp;&nbsp;&nbsp;&nbsp;&nbsp;&nbsp;&nbsp;&nbsp;Mari\u0119 Sta\u0144czyk z domu Szymczak \u2013 modli si\u0119\nrodzina\n<\/p>\n\n\n\n<p><strong>&nbsp;&nbsp;&nbsp;&nbsp;&nbsp;&nbsp;&nbsp;&nbsp;&nbsp;&nbsp;&nbsp; &nbsp;\n2)<\/strong> + Stanis\u0142awa w 18 rocz. \u015bm \u2013 modli si\u0119 \u017cona i syn<\/p>\n\n\n\n<p><strong>&nbsp; 9.3o \u2013 <\/strong>&nbsp;++ Ann\u0119 i Henryka Formusiewicz\u00f3w oraz\nStanis\u0142aw\u0119 i Stanis\u0142awa Adamskich <\/p>\n\n\n\n<p><strong>11.oo\n\u2013 1) <\/strong>w 4 rocz. urodzin Bartosza\ndzi\u0119kczynna z pro\u015bb\u0105 o zdrowie, dary Ducha \u015awi\u0119tego, Bo\u017ce <\/p>\n\n\n\n<p>&nbsp;&nbsp;&nbsp;&nbsp;&nbsp;&nbsp;&nbsp;&nbsp;&nbsp;&nbsp;&nbsp;&nbsp;&nbsp;&nbsp;&nbsp;&nbsp;&nbsp; b\u0142ogos\u0142awie\u0144stwo\ni opiek\u0119 NMP \u2013 modl\u0105 si\u0119 rodzice <\/p>\n\n\n\n<p><strong>&nbsp;&nbsp;&nbsp;&nbsp;&nbsp;&nbsp;&nbsp;&nbsp;&nbsp;&nbsp;&nbsp; &nbsp;\n2) <\/strong>+ Jana \u017bebrowskiego w 6\nrocz. \u015bm., ++ rodzic\u00f3w: Genowef\u0119 i Wiktora \u017bebrowskich oraz<\/p>\n\n\n\n<p>&nbsp;&nbsp;&nbsp;&nbsp;&nbsp;&nbsp;&nbsp;&nbsp;&nbsp;&nbsp;&nbsp;&nbsp;&nbsp;&nbsp;&nbsp;&nbsp; &nbsp;Stanis\u0142awa i Stefani\u0119 Rzepeckich \u2013 modli si\u0119 rodzina\n<\/p>\n\n\n\n<p>&nbsp;&nbsp;&nbsp;&nbsp;&nbsp;&nbsp;&nbsp;&nbsp;&nbsp;&nbsp;&nbsp; <strong>3) <\/strong>++ rodzic\u00f3w: Zofi\u0119 i Jana Ca\u0142ych, dziadk\u00f3w: Rozali\u0119\ni Franciszka Ca\u0142ych, Mari\u0119 i Franciszka<\/p>\n\n\n\n<p>&nbsp;&nbsp;&nbsp;&nbsp;&nbsp;&nbsp;&nbsp;&nbsp;&nbsp;&nbsp;&nbsp;&nbsp;&nbsp;&nbsp; &nbsp;Krawczyszyn\u00f3w oraz J\u00f3zefa Grzywniaka \u2013 modli si\u0119\nrodzina<\/p>\n\n\n\n<p><strong>12.3o\n\u2013 1) <\/strong>++ Zofi\u0119 i Kazimierza\nKrzy\u017canowskich, Helen\u0119 i Piotra Mularczyk\u00f3w oraz Eugeniusza <\/p>\n\n\n\n<p>&nbsp;&nbsp;&nbsp;&nbsp;&nbsp;&nbsp;&nbsp;&nbsp;&nbsp;&nbsp;&nbsp;&nbsp;&nbsp;&nbsp;&nbsp;&nbsp;&nbsp; Zdobylaka \u2013 modli\nsi\u0119 rodzina<\/p>\n\n\n\n<p><strong>&nbsp;&nbsp;&nbsp;&nbsp;&nbsp;&nbsp;&nbsp;&nbsp;&nbsp;&nbsp;&nbsp; &nbsp;\n2)<\/strong> + El\u017cbiet\u0119 Konkel<\/p>\n\n\n\n<p><strong><em>Chrzest\npo Mszy \u015bw. Antonina Szulc i Zofia Adamska<\/em><\/strong><\/p>\n\n\n\n<p><strong>18.oo\n\u2013 1) <\/strong>+ J\u00f3zefa Mazurkiewicza \u2013\ngregorianka 17 <\/p>\n\n\n\n<p><strong>&nbsp;&nbsp;&nbsp;&nbsp;&nbsp;&nbsp;&nbsp;&nbsp;&nbsp;&nbsp;&nbsp; &nbsp;\n2)<\/strong> ++ rodzic\u00f3w w rocz. ich \u015bmierci \u2013 modli si\u0119 c\u00f3rka<\/p>\n\n\n\n<p>&nbsp;&nbsp;&nbsp;&nbsp;&nbsp;&nbsp;&nbsp;&nbsp;&nbsp;&nbsp;&nbsp; <strong>&nbsp;&nbsp;3)<\/strong> + Micha\u0142a Czuczo\u0142\u0119 &#8211; 30 dzie\u0144 od pogrzebu\n&#8211; intencja od uczestnik\u00f3w Mszy pogrzebowej<strong>&nbsp; &nbsp;<\/strong>&nbsp;<\/p>\n\n\n\n<p><strong><em>18.10.\n\u2013 PONIEDZIA\u0141EK<\/em><\/strong><\/p>\n\n\n\n<p><strong>&nbsp; &nbsp;&nbsp;7.oo\n\u2013 <\/strong>&nbsp;+\nJ\u00f3zefa Mazurkiewicza \u2013 gregorianka 18<\/p>\n\n\n\n<p><strong>18.oo\n\u2013 1) <\/strong>w 70 rocz. urodzin Doroty Szko\u0142udy dzi\u0119kczynna z pro\u015bb\u0105 o zdrowie, dary Ducha \u015awi\u0119tego,\n<\/p>\n\n\n\n<p>&nbsp;&nbsp;&nbsp;&nbsp;&nbsp;&nbsp;&nbsp; Bo\u017ce b\u0142., opiek\u0119 NMP i \u015bw.\nPatron\u00f3w na dalsze lata \u017cycia \u2013 modli si\u0119 kuzynka Wac\u0142awa z rodzin\u0105<\/p>\n\n\n\n<p><strong>&nbsp;2)<\/strong> + Wies\u0142awa&nbsp; z racji ziemskich urodzin \u2013 modl\u0105 si\u0119\nrodzice, rodze\u0144stwo, \u017cona z dzie\u0107mi <\/p>\n\n\n\n<p>&nbsp;&nbsp;&nbsp;&nbsp;&nbsp; i najbli\u017csza rodzina<\/p>\n\n\n\n<p><strong><em>19.10.\n&#8211; WTOREK<\/em><\/strong><em><\/em><\/p>\n\n\n\n<p><strong>&nbsp; 7.oo \u2013 <\/strong>+ J\u00f3zefa Mazurkiewicza \u2013 gregorianka 19<\/p>\n\n\n\n<p><strong>18.oo\n\u2013 <\/strong>&nbsp;<strong>1) <\/strong>&nbsp;<\/p>\n\n\n\n<p><strong>&nbsp;&nbsp;&nbsp;&nbsp;&nbsp;&nbsp;&nbsp;&nbsp;&nbsp;&nbsp;&nbsp; &nbsp;\n&nbsp;2)<\/strong><\/p>\n\n\n\n<p><strong><em>20.10.\n\u2013 \u015aRODA <\/em><\/strong><\/p>\n\n\n\n<p><strong>&nbsp; 7.oo \u2013 <\/strong>+ J\u00f3zefa Mazurkiewicza \u2013 gregorianka 20<strong><\/strong><\/p>\n\n\n\n<p><strong>18.oo\n\u2013&nbsp; intencja zbiorowa nowennowa:<\/strong><\/p>\n\n\n\n<p><strong>&nbsp;1)<\/strong> w 22 rocz. \u015blubu\nMa\u0142gorzaty i Andrzeja Posmyk\u00f3w dzi\u0119kczynna\nz pro\u015bb\u0105 o zdrowie, dary Ducha <\/p>\n\n\n\n<p>&nbsp;&nbsp;&nbsp;&nbsp; \u015awi\u0119tego, Bo\u017ce b\u0142ogos\u0142awie\u0144stwo\ni opiek\u0119 NMP<\/p>\n\n\n\n<p><strong>&nbsp;2)<\/strong> w intencji Wojciecha i\nOliwii dzi\u0119kczynna z pro\u015bb\u0105 o zdrowie, dary\nDucha \u015awi\u0119tego, Bo\u017ce <\/p>\n\n\n\n<p>&nbsp;&nbsp;&nbsp;&nbsp; b\u0142ogos\u0142awie\u0144stwo i opiek\u0119 NMP \u2013\nmodli si\u0119 babcia<\/p>\n\n\n\n<p><strong>&nbsp;3)<\/strong> + Katarzyn\u0119 Piskursk\u0105 \u2013 modli si\u0119 rodzina z Kurzycka i Mieszkowic<\/p>\n\n\n\n<p><strong>4)<\/strong> w 20 rocz. \u015blubu Jadwigi i Piotra Gabryjelskich\noraz za ich dzieci dzi\u0119kczynna z pro\u015bb\u0105 o zdrowie,<\/p>\n\n\n\n<p>&nbsp; &nbsp;dary Ducha \u015awi\u0119tego, Bo\u017ce b\u0142ogos\u0142awie\u0144stwo i opiek\u0119\nNMP na dalsze lata \u017cycia \u2013 modl\u0105 si\u0119 rodzice<\/p>\n\n\n\n<p><strong><em>21.10.\n\u2013 CZWARTEK <\/em><\/strong><em>&nbsp;<\/em><\/p>\n\n\n\n<p><strong>&nbsp; 7.oo \u20131) <\/strong>&nbsp;+\nJ\u00f3zefa Mazurkiewicza \u2013 gregorianka 21<\/p>\n\n\n\n<p><strong>&nbsp;&nbsp;&nbsp;&nbsp;&nbsp;&nbsp;&nbsp;&nbsp;&nbsp;&nbsp;&nbsp; &nbsp;\n2)<\/strong> ++ rodzic\u00f3w: Ma\u0142gorzat\u0119 i\nJ\u00f3zefa, Mari\u0119 i W\u0142adys\u0142awa, siostr\u0119 zakonn\u0105 Gemm\u0119 oraz dusze<\/p>\n\n\n\n<p>&nbsp;&nbsp;&nbsp;&nbsp;&nbsp;&nbsp;&nbsp;&nbsp;&nbsp;&nbsp;&nbsp;&nbsp;&nbsp;&nbsp;&nbsp;&nbsp; &nbsp;w czy\u015b\u0107cu cierpi\u0105ce \u2013 modli si\u0119 rodzina<\/p>\n\n\n\n<p><strong>18.oo\n\u2013 <\/strong>&nbsp;<strong>1) <\/strong>++ z rodziny Winnowicz\u00f3w: brata Boles\u0142awa,\nbratow\u0105 Janin\u0119 w 1 rocz. \u015bm., Andrzeja <\/p>\n\n\n\n<p>&nbsp;&nbsp;&nbsp;&nbsp;&nbsp;&nbsp;&nbsp;&nbsp;&nbsp;&nbsp;&nbsp;&nbsp;&nbsp;&nbsp;&nbsp;&nbsp;&nbsp;&nbsp; i Bo\u017cen\u0119 w rocz.\n\u015bm. \u2013 modli si\u0119 siostra z rodzin\u0105 <\/p>\n\n\n\n<p><strong>&nbsp;&nbsp;&nbsp;&nbsp;&nbsp;&nbsp;&nbsp;&nbsp;&nbsp;&nbsp;&nbsp; &nbsp;\n2)<\/strong><\/p>\n\n\n\n<p><strong><em>22.10.\n\u2013 PI\u0104TEK<\/em><\/strong><\/p>\n\n\n\n<p><strong>&nbsp; &nbsp;&nbsp;7.oo\n\u2013<\/strong>\n<\/p>\n\n\n\n<p><strong>18.oo\n\u2013 1) <\/strong>&nbsp;+ J\u00f3zefa Mazurkiewicza \u2013 gregorianka 22<\/p>\n\n\n\n<p><strong>&nbsp;&nbsp;&nbsp;&nbsp;&nbsp;&nbsp;&nbsp;&nbsp;&nbsp;&nbsp;&nbsp; &nbsp;\n2)<\/strong> + m\u0119\u017ca Stefana Kota w 19 rocz. \u015bm. \u2013 modli si\u0119 \u017cona\nz dzie\u0107mi <\/p>\n\n\n\n<p><strong><em>23.10.\n\u2013 SOBOTA<\/em><\/strong><\/p>\n\n\n\n<p><strong>&nbsp; &nbsp;&nbsp;7.oo\n\u2013 <\/strong>+ J\u00f3zefa Mazurkiewicza \u2013 gregorianka 23<strong><\/strong><\/p>\n\n\n\n<p><strong>18.oo\n\u2013 1) <\/strong>zaj. P. Bilewicz &nbsp;<\/p>\n\n\n\n<p><strong>&nbsp;&nbsp;&nbsp;&nbsp;&nbsp;&nbsp;&nbsp;&nbsp;&nbsp;&nbsp;&nbsp; &nbsp;\n2)<\/strong> ++ z rodziny Anielskich, Foremniak\u00f3w i Kocel\u00f3w<\/p>\n\n\n\n<p><strong><em>24.10.\n\u2013 NIEDZIELA&nbsp; <\/em><\/strong><\/p>\n\n\n\n<p><strong>&nbsp; 8.oo \u2013 1) <\/strong>++ W\u0142odzimierza, Krystyn\u0119 i Les\u0142awa oraz ++ z rodziny Grajk\u00f3w \u2013 modli si\u0119\nrodzina\n<\/p>\n\n\n\n<p><strong>&nbsp;&nbsp;&nbsp;&nbsp;&nbsp;&nbsp;&nbsp;&nbsp;&nbsp;&nbsp;&nbsp; &nbsp;\n2)<\/strong> + Tadeusza Mejera z racji ziemskich imienin \u2013 modli\nsi\u0119 \u017cona z dzie\u0107mi oraz + Kazimierza<\/p>\n\n\n\n<p>&nbsp;&nbsp;&nbsp;&nbsp;&nbsp;&nbsp;&nbsp;&nbsp;&nbsp;&nbsp;&nbsp;&nbsp;&nbsp;&nbsp;&nbsp; &nbsp;Jamrozika z racji ziemskich urodzin \u2013 modli si\u0119\n\u017cona i wnuczka z m\u0119\u017cem<\/p>\n\n\n\n<p><strong>9.3o\n\u2013 <\/strong>+ Edwarda Paszkowiaka w 50 rocz. \u015bm. oraz ++ z\nrodziny Paszkowiak\u00f3w \u2013 modli si\u0119\nsyn z rodzin\u0105 &nbsp;<\/p>\n\n\n\n<p><strong>11.oo\n\u2013 1) <\/strong>w 13 rocz. urodzin Leny i\nw 4 rocz. urodzin Huberta Gitler\u00f3w dzi\u0119kczynna z pro\u015bb\u0105 <\/p>\n\n\n\n<p>&nbsp;&nbsp;&nbsp;&nbsp;&nbsp;&nbsp;&nbsp;&nbsp;&nbsp;&nbsp;&nbsp;&nbsp;&nbsp;&nbsp;&nbsp; o zdrowie, dary\nDucha \u015awi\u0119tego, Bo\u017ce b\u0142ogos\u0142awie\u0144stwo i opiek\u0119 NMP \u2013 modli si\u0119 babcia <\/p>\n\n\n\n<p><strong>&nbsp;2) <\/strong>++ Jadwig\u0119 i Ryszarda Machtylskich oraz ++ z rodziny Zdobylak\u00f3w \u2013 modli si\u0119\nkuzynka z rodzin\u0105<\/p>\n\n\n\n<p>&nbsp;<strong>3)<\/strong> o szcz\u0119\u015bliw\u0105 operacj\u0119, \u0142ask\u0119 zdrowia i opiek\u0119 NMP\ndla m\u0119\u017ca Stanis\u0142awa \u2013 modli si\u0119 \u017cona z rodzin\u0105 <\/p>\n\n\n\n<p><strong>12.3o\n\u2013 1) <\/strong>+ J\u00f3zefa Pawlaczka w 1\nrocz. \u015bm. \u2013 modli si\u0119 \u017cona z dzie\u0107mi<\/p>\n\n\n\n<p><strong>&nbsp;&nbsp;&nbsp;&nbsp;&nbsp;&nbsp;&nbsp;&nbsp;&nbsp;&nbsp;&nbsp; &nbsp;\n2)<\/strong> + Tadeusza Nowickiego z racji ziemskich imienin \u2013\nmodli si\u0119 te\u015bciowa z rodzin\u0105<\/p>\n\n\n\n<p><strong>18.oo\n\u2013 &nbsp;<\/strong>+ J\u00f3zefa Mazurkiewicza \u2013 gregorianka 24 <\/p>\n","protected":false},"excerpt":{"rendered":"<p>Sk\u0142adaj\u0105c Ofiar\u0119, kt\u00f3ra nam przypomina niezmierzon\u0105 mi\u0142o\u015b\u0107 Twojego Syna, pokornie prosimy Ci\u0119, Bo\u017ce, przyjmij intencje Twoich wiernych i spraw przez dzia\u0142anie Eucharystii, aby w naszych rodzinach wzrasta\u0142a prawdziwa wiara, \u015bwi\u0119to\u015b\u0107 \u017cycia, braterska mi\u0142o\u015b\u0107 i duch modlitwy. Niech Matka Naj\u015bwi\u0119tsza wyprosi \u0142aski, o kt\u00f3re modlili\u015bmy si\u0119 w tej Mszy \u015bw. dla&#8230; <a class=\"continue-reading-link\" href=\"http:\/\/parafia.scinawa.info\/index.php\/2021\/10\/16\/intencje-mszalne-17-10-24-10-2021\/\">Czytaj dalej <span class=\"meta-nav\">&rarr; <\/span><\/a><\/p>\n","protected":false},"author":2,"featured_media":0,"comment_status":"closed","ping_status":"closed","sticky":false,"template":"","format":"standard","meta":{"footnotes":""},"categories":[39],"tags":[],"class_list":["post-1829","post","type-post","status-publish","format-standard","hentry","category-intencje"],"_links":{"self":[{"href":"http:\/\/parafia.scinawa.info\/index.php\/wp-json\/wp\/v2\/posts\/1829","targetHints":{"allow":["GET"]}}],"collection":[{"href":"http:\/\/parafia.scinawa.info\/index.php\/wp-json\/wp\/v2\/posts"}],"about":[{"href":"http:\/\/parafia.scinawa.info\/index.php\/wp-json\/wp\/v2\/types\/post"}],"author":[{"embeddable":true,"href":"http:\/\/parafia.scinawa.info\/index.php\/wp-json\/wp\/v2\/users\/2"}],"replies":[{"embeddable":true,"href":"http:\/\/parafia.scinawa.info\/index.php\/wp-json\/wp\/v2\/comments?post=1829"}],"version-history":[{"count":1,"href":"http:\/\/parafia.scinawa.info\/index.php\/wp-json\/wp\/v2\/posts\/1829\/revisions"}],"predecessor-version":[{"id":1830,"href":"http:\/\/parafia.scinawa.info\/index.php\/wp-json\/wp\/v2\/posts\/1829\/revisions\/1830"}],"wp:attachment":[{"href":"http:\/\/parafia.scinawa.info\/index.php\/wp-json\/wp\/v2\/media?parent=1829"}],"wp:term":[{"taxonomy":"category","embeddable":true,"href":"http:\/\/parafia.scinawa.info\/index.php\/wp-json\/wp\/v2\/categories?post=1829"},{"taxonomy":"post_tag","embeddable":true,"href":"http:\/\/parafia.scinawa.info\/index.php\/wp-json\/wp\/v2\/tags?post=1829"}],"curies":[{"name":"wp","href":"https:\/\/api.w.org\/{rel}","templated":true}]}}