{"id":1831,"date":"2021-10-16T14:50:56","date_gmt":"2021-10-16T12:50:56","guid":{"rendered":"http:\/\/parafia.scinawa.info\/?p=1831"},"modified":"2021-10-16T14:50:56","modified_gmt":"2021-10-16T12:50:56","slug":"ogloszenia-duszpasterskie-29-niedziela-zwykla-17-10-2021","status":"publish","type":"post","link":"http:\/\/parafia.scinawa.info\/index.php\/2021\/10\/16\/ogloszenia-duszpasterskie-29-niedziela-zwykla-17-10-2021\/","title":{"rendered":"Og\u0142oszenia duszpasterskie  29 Niedziela zwyk\u0142a \u2013 17.10. 2021"},"content":{"rendered":"\n<p><strong>1<\/strong><strong>.<\/strong>\nDzi\u015b prze\u017cywamy <strong><em>29 Niedziel\u0119 zwyk\u0142\u0105<\/em><\/strong>. Msze \u015bw. wg porz\u0105dku niedzielnego.\nDzi\u015b po ka\u017cdej Mszy \u015bwi\u0119tej, przy g\u0142\u00f3wnym wyj\u015bciu z ko\u015bcio\u0142a <strong>sprzedawane s\u0105\nkrem\u00f3wki papieskie<\/strong>. Pieni\u0105dze ze sprzeda\u017cy b\u0119d\u0105 przeznaczone na dzieci i\nm\u0142odzie\u017c z naszej parafii. <strong><em>&nbsp;<\/em><\/strong><\/p>\n\n\n\n<p><strong>2<\/strong><strong>.<\/strong>\nMsze \u015bw. w tygodniu&nbsp; o <strong>7<sup>00<\/sup><\/strong>\ni <strong>18<sup>00<\/sup><\/strong>. <\/p>\n\n\n\n<p><strong>3.<\/strong>\nCodziennie spowied\u017a i adoracja Naj\u015bwi\u0119tszego Sakramentu o godz. <strong>17<sup>00<\/sup>,\na R\u00f3\u017caniec o <\/strong><strong>17<sup>30<\/sup>. <\/strong><\/p>\n\n\n\n<p><strong>4<\/strong><strong>.<\/strong> <strong>&nbsp;<\/strong>W tym tygodniu obchodzimy:<\/p>\n\n\n\n<p>&#8211; <strong>w\nponiedzia\u0142ek<\/strong> \u2013 \u015bwi\u0119to \u015bw.\n\u0141ukasza Ewangelisty &#8211; Patrona Pracownik\u00f3w S\u0142u\u017cby Zdrowia<\/p>\n\n\n\n<p>&#8211; <strong>w\n\u015brod\u0119<\/strong> \u2013 wspomnienie \u015bw. Jana Kantego, prezbitera<\/p>\n\n\n\n<p>&#8211; <strong>w\npi\u0105tek<\/strong> \u2013 wspomnienie\n\u015bw. Jana Paw\u0142a II, papie\u017ca<\/p>\n\n\n\n<p><strong>5. <\/strong><strong>W tym tygodniu nabo\u017ce\u0144stwa:\n<\/strong><\/p>\n\n\n\n<p><strong>&#8211; w poniedzia\u0142ek\n&nbsp;&nbsp;&nbsp;&nbsp; &#8211;\n<\/strong>nabo\u017ce\u0144stwo<strong> <em>do Bo\u017cego\nMi\u0142osierdzia<\/em> <\/strong>o godz. <strong>17<sup>15<\/sup><\/strong><\/p>\n\n\n\n<p><strong>&#8211;<\/strong>\n<strong>we wtorek<\/strong><strong>&nbsp;&nbsp; &nbsp;&nbsp;&nbsp;&nbsp;&nbsp;&nbsp;&nbsp;&nbsp;&nbsp;&nbsp;&nbsp; &#8211;\n<\/strong>nabo\u017ce\u0144stwo do <strong>\u015bw. J\u00f3zefa<\/strong> o godz. <strong>17<sup>00<\/sup><\/strong><strong><\/strong><\/p>\n\n\n\n<p><strong>&#8211;<\/strong>\n<strong>w \u015brod\u0119<\/strong> &nbsp;&nbsp;&nbsp;&nbsp;&nbsp; &nbsp;&nbsp;&nbsp;&nbsp;&nbsp;&nbsp;&nbsp;&nbsp;&nbsp;&nbsp;&nbsp; <strong>&#8211;\n<\/strong>Nowenna do <strong><em>NMP Nieustaj\u0105cej Pomocy<\/em><\/strong> o godz. <strong>17<sup>15<\/sup><\/strong><\/p>\n\n\n\n<p><strong>&#8211;<\/strong>\n<strong>w pi\u0105tek<\/strong> &nbsp;&nbsp;&nbsp;&nbsp;&nbsp;&nbsp;&nbsp;&nbsp;&nbsp;&nbsp;&nbsp;&nbsp;&nbsp;&nbsp;&nbsp;&nbsp; &#8211; nabo\u017ce\u0144stwo\ndo <strong>\u015bw. Rity<\/strong> o godz.\n<strong>17<sup>00<\/sup><\/strong><\/p>\n\n\n\n<p><strong>&#8211; w sobot\u0119<\/strong> <strong>&nbsp;&nbsp;&nbsp; &nbsp;&nbsp;&nbsp;&nbsp;&nbsp;&nbsp;&nbsp;&nbsp;&nbsp;&nbsp;&nbsp; &#8211; <\/strong>nabo\u017ce\u0144stwodo <strong>\u015bw.\nOjca Pio<em> o godz. <\/em><\/strong><strong>17<sup>00<\/sup><\/strong><strong><\/strong><\/p>\n\n\n\n<p><strong>6<\/strong><strong>. <\/strong>W przysz\u0142\u0105 niedziel\u0119 b\u0119dziemy prze\u017cywa\u0107 <strong><em>30 Niedziel\u0119 zwyk\u0142\u0105<\/em><\/strong>\noraz Niedziel\u0119 misyjn\u0105. Msze \u015bw. wg\nporz\u0105dku niedzielnego. Ofiary z przysz\u0142ej niedzieli przeznaczone s\u0105 na cele\nmisyjne Ko\u015bcio\u0142a.<\/p>\n\n\n\n<p><strong>7<\/strong><strong>.<\/strong>\nKancelaria czynna codziennie po Mszy \u015bw. wieczornej z wyj\u0105tkiem niedziel,\nuroczysto\u015bci i \u015bwi\u0105t.<\/p>\n\n\n\n<p><strong>8<\/strong><strong>.<\/strong>\nDo nabycia jest prasa katolicka: Niedziela, Go\u015b\u0107 Niedzielny i R\u00f3\u017caniec. <\/p>\n\n\n\n<p><strong>9<\/strong><strong>.<\/strong>\nDzi\u0119kuj\u0119 wszystkim, kt\u00f3rzy w tym tygodniu sprz\u0105tali \u015bwi\u0105tyni\u0119 i przygotowali j\u0105\nna nasze spotkanie eucharystyczne.<\/p>\n\n\n\n<p><strong>10<\/strong><strong>.<\/strong>\nSerdeczne B\u00f3g zap\u0142a\u0107 za ofiary sk\u0142adane na remonty w naszej parafii. <\/p>\n\n\n\n<p><strong>11.<\/strong>\n<strong>W poniedzia\u0142ek (tj. jutro 18.10.2021r.) o godzinie 16<sup>00<\/sup> <\/strong>zbi\u00f3rka\nkandydat\u00f3w, ministrant\u00f3w i lektor\u00f3w<strong> w salce parafialnej. <\/strong>Zapraszamy\nch\u0142opc\u00f3w, kt\u00f3rzy chcieliby s\u0142u\u017cy\u0107 przy o\u0142tarzu, do wst\u0105pienia w szeregi s\u0142u\u017cby\nliturgicznej.<\/p>\n\n\n\n<p><strong>12.<\/strong>\n<strong>W czwartek (21.10.2021r.) o godzinie 19<sup>00<\/sup> <\/strong>spotkanie uczni\u00f3w<strong>\nklas 7 i 8 <\/strong>przygotowuj\u0105cych si\u0119 do bierzmowania. <strong>Spotkanie odb\u0119dzie si\u0119\nw ko\u015bciele.<\/strong><\/p>\n\n\n\n<p><strong>13.<\/strong>\n<strong>W pi\u0105tek (22.10.2021r.) o godzinie 19<sup>00<\/sup>, <\/strong>spotkanie dzieci i\nm\u0142odzie\u017cy w salce parafialnej.<\/p>\n\n\n\n<p><strong>14.<\/strong>\n&nbsp;Intencje mszalne, obrazki \u2013 pami\u0105tki odprawionej\nMszy \u015bw.<\/p>\n\n\n\n<p><strong>15<\/strong><strong>. <\/strong>Zosta\u0142y\nprzygotowane <strong><em>kartki wypominkowe<\/em><\/strong> wraz z zaproszeniem do\nwsp\u00f3lnej modlitwy za zmar\u0142ych i planem wypominek, kt\u00f3ry prosz\u0119 zostawi\u0107 sobie w\ndomu. Mo\u017cna je bra\u0107 ze stolika w przedsionku ko\u015bcio\u0142a, zakrystii i przy figurze\n\u015bw. J\u00f3zefa. Wypisane kartki wypominkowe prosz\u0119 sk\u0142ada\u0107 w kopertach z adresem do\n<strong><em>skarbony pod ambon\u0105<\/em><\/strong>.<em>\u017byczymy mi\u0142ego tygodnia i obfitych \u0142ask Bo\u017cych.<\/em><\/p>\n","protected":false},"excerpt":{"rendered":"<p>1. Dzi\u015b prze\u017cywamy 29 Niedziel\u0119 zwyk\u0142\u0105. Msze \u015bw. wg porz\u0105dku niedzielnego. Dzi\u015b po ka\u017cdej Mszy \u015bwi\u0119tej, przy g\u0142\u00f3wnym wyj\u015bciu z ko\u015bcio\u0142a sprzedawane s\u0105 krem\u00f3wki papieskie. Pieni\u0105dze ze sprzeda\u017cy b\u0119d\u0105 przeznaczone na dzieci i m\u0142odzie\u017c z naszej parafii. &nbsp; 2. Msze \u015bw. w tygodniu&nbsp; o 700 i 1800. 3. Codziennie spowied\u017a&#8230; <a class=\"continue-reading-link\" href=\"http:\/\/parafia.scinawa.info\/index.php\/2021\/10\/16\/ogloszenia-duszpasterskie-29-niedziela-zwykla-17-10-2021\/\">Czytaj dalej <span class=\"meta-nav\">&rarr; <\/span><\/a><\/p>\n","protected":false},"author":2,"featured_media":0,"comment_status":"closed","ping_status":"closed","sticky":false,"template":"","format":"standard","meta":{"footnotes":""},"categories":[40],"tags":[],"class_list":["post-1831","post","type-post","status-publish","format-standard","hentry","category-ogloszenia-duszpasterskie"],"_links":{"self":[{"href":"http:\/\/parafia.scinawa.info\/index.php\/wp-json\/wp\/v2\/posts\/1831","targetHints":{"allow":["GET"]}}],"collection":[{"href":"http:\/\/parafia.scinawa.info\/index.php\/wp-json\/wp\/v2\/posts"}],"about":[{"href":"http:\/\/parafia.scinawa.info\/index.php\/wp-json\/wp\/v2\/types\/post"}],"author":[{"embeddable":true,"href":"http:\/\/parafia.scinawa.info\/index.php\/wp-json\/wp\/v2\/users\/2"}],"replies":[{"embeddable":true,"href":"http:\/\/parafia.scinawa.info\/index.php\/wp-json\/wp\/v2\/comments?post=1831"}],"version-history":[{"count":1,"href":"http:\/\/parafia.scinawa.info\/index.php\/wp-json\/wp\/v2\/posts\/1831\/revisions"}],"predecessor-version":[{"id":1832,"href":"http:\/\/parafia.scinawa.info\/index.php\/wp-json\/wp\/v2\/posts\/1831\/revisions\/1832"}],"wp:attachment":[{"href":"http:\/\/parafia.scinawa.info\/index.php\/wp-json\/wp\/v2\/media?parent=1831"}],"wp:term":[{"taxonomy":"category","embeddable":true,"href":"http:\/\/parafia.scinawa.info\/index.php\/wp-json\/wp\/v2\/categories?post=1831"},{"taxonomy":"post_tag","embeddable":true,"href":"http:\/\/parafia.scinawa.info\/index.php\/wp-json\/wp\/v2\/tags?post=1831"}],"curies":[{"name":"wp","href":"https:\/\/api.w.org\/{rel}","templated":true}]}}