{"id":1845,"date":"2021-10-30T12:40:56","date_gmt":"2021-10-30T10:40:56","guid":{"rendered":"http:\/\/parafia.scinawa.info\/?p=1845"},"modified":"2021-10-30T13:57:36","modified_gmt":"2021-10-30T11:57:36","slug":"ogloszenia-duszpasterskie-31-niedziela-zwykla-31-10-2021","status":"publish","type":"post","link":"http:\/\/parafia.scinawa.info\/index.php\/2021\/10\/30\/ogloszenia-duszpasterskie-31-niedziela-zwykla-31-10-2021\/","title":{"rendered":"Og\u0142oszenia duszpasterskie  31 Niedziela zwyk\u0142a \u2013 31.10. 2021"},"content":{"rendered":"\n<p><strong>1<\/strong><strong>.<\/strong>\nDzi\u015b prze\u017cywamy <strong><em>31 Niedziel\u0119 zwyk\u0142\u0105<\/em><\/strong> oraz Rocznic\u0119\npo\u015bwi\u0119cenia w\u0142asnego ko\u015bcio\u0142a. Msze \u015bw. wg porz\u0105dku niedzielnego. <\/p>\n\n\n\n<p><strong>2<\/strong><strong>.<\/strong>\nMsze \u015bw. w tygodniu&nbsp; o <strong>7<sup>00<\/sup><\/strong>\ni <strong>18<sup>00<\/sup><\/strong>. <\/p>\n\n\n\n<p><strong>3.<\/strong>\nCodziennie spowied\u017a i adoracja Naj\u015bwi\u0119tszego Sakramentu o godz. <strong>17<sup>00<\/sup>,\na od 3 listopada nabo\u017ce\u0144stwa wypominkowe o <\/strong><strong>17<sup>30<\/sup> wg planu. <\/strong><\/p>\n\n\n\n<p><strong>4<\/strong><strong>.<\/strong> <strong>&nbsp;<\/strong>W tym tygodniu obchodzimy:<\/p>\n\n\n\n<p>&#8211; <strong><em>W poniedzia\u0142ek uroczysto\u015b\u0107\nWszystkich \u015awi\u0119tych<\/em><\/strong>. Porz\u0105dek Mszy \u015bw. w ko\u015bcio\u0142ach: <strong>8<sup>00<\/sup>, 9<sup>30<\/sup> i R\u0119sz\u00f3w &#8211; 9<sup>30.<\/sup>\nNatomiast &nbsp;Msza i&nbsp; procesja na cmentarzu o 12<sup>00<\/sup>.\nMsza \u015bw. na cmentarzu b\u0119dzie odprawiana za wszystkich zmar\u0142ych spoczywaj\u0105cych\nna naszym cmentarzu i w intencjach przez Was podanych.&nbsp; <\/strong>&nbsp;Tradycyjnie\n<strong><em>1\ni 2 Listopada zbierane s\u0105 ofiary do puszek na Wy\u017csze Seminarium Duchowne w\nLegnicy. B\u00f3g zap\u0142a\u0107 za ofiary. <\/em><\/strong><\/p>\n\n\n\n<p><strong>5<\/strong><strong>.<\/strong> Wierni, kt\u00f3rzy\npobo\u017cnie nawiedz\u0105 cmentarz i pomodl\u0105 si\u0119 za zmar\u0142ych, mog\u0105 uzyska\u0107 i ofiarowa\u0107\nza nich <strong>odpust zupe\u0142ny<\/strong> w\ndniach od 1 do 8 listopada, w inne dni cz\u0105stkowy. <\/p>\n\n\n\n<p><strong><em>Warunki\nodpustu<\/em><\/strong>: stan \u0142aski u\u015bwi\u0119caj\u0105cej; pe\u0142ne\nuczestnictwo w Eucharystii z Komuni\u0105 \u015bw.; nawiedzenie cmentarza; odm\u00f3wienie\nmodlitwy Ojcze nasz.., w intencjach Ojca \u015awi\u0119tego (np. Pod Twoj\u0105 obron\u0119);\nmodlitwa za zmar\u0142ych, brak przywi\u0105zania do jakiegokolwiek grzechu, nawet\npowszedniego.<\/p>\n\n\n\n<p><strong>6<\/strong><strong>.<\/strong>\n&nbsp;<strong>We wtorek \u2013 2 listopada &#8211; &nbsp;wspomnienie Wszystkich Wiernych Zmar\u0142ych. Msze\n\u015bw. zbiorowe w ko\u015bciele parafialnym o godz. <\/strong><strong>8<sup>00<\/sup><\/strong><strong>, <\/strong><strong>11<sup>00<\/sup><\/strong><strong> i <\/strong><strong>18<sup>00<\/sup><\/strong><strong>. W<\/strong><strong>\nR\u0119szowie o 17<sup>00<\/sup>.<\/strong><\/p>\n\n\n\n<p><strong>7. <\/strong><strong>W tym tygodniu nabo\u017ce\u0144stwa:\n<\/strong><\/p>\n\n\n\n<p><strong>&#8211;<\/strong>\n<strong>w \u015brod\u0119<\/strong> &nbsp;&nbsp;&nbsp;&nbsp;&nbsp;&nbsp;&nbsp;&nbsp;&nbsp;&nbsp;&nbsp;&nbsp;&nbsp;&nbsp;&nbsp;&nbsp;&nbsp; <strong><sup>&#8211;\n<\/sup><\/strong>Nowenna do <strong><em>NMP Nieustaj\u0105cej Pomocy<\/em><\/strong> o godz. <strong>17<sup>15<\/sup><\/strong>.<\/p>\n\n\n\n<p>&#8211; <strong>w czwartek<\/strong> &nbsp;&nbsp;&nbsp;&nbsp;&nbsp;&nbsp;&nbsp;&nbsp;&nbsp;&nbsp;&nbsp; &#8211;\nadoracja<strong> &#8211; I czwartek miesi\u0105ca <\/strong>o godz. <strong>17<sup>00<\/sup> \u2013 Klerycy WSD Legnica <\/strong><\/p>\n\n\n\n<p>&#8211; <strong>w pi\u0105tek<\/strong>\n&nbsp;&nbsp;&nbsp;&nbsp;&nbsp;&nbsp;&nbsp;&nbsp;&nbsp;&nbsp;&nbsp;&nbsp;&nbsp;&nbsp;&nbsp;&nbsp; &#8211;&nbsp; nabo\u017ce\u0144stwo <strong>I pi\u0105tku miesi\u0105ca <\/strong>o godz. <strong>17<sup>15<\/sup><\/strong><\/p>\n\n\n\n<p>&#8211; <strong>w sobot\u0119<\/strong>\n&nbsp;&nbsp;&nbsp;&nbsp;&nbsp;&nbsp;&nbsp;&nbsp;&nbsp;&nbsp;&nbsp;&nbsp;&nbsp;&nbsp; &#8211;&nbsp; nabo\u017ce\u0144stwo <strong>I soboty miesi\u0105ca<\/strong> <em>o\ngodz.<\/em><strong>17<sup>00<\/sup><\/strong><\/p>\n\n\n\n<p><strong>8<\/strong><strong>.<\/strong> W tym tygodniu\nobchodzimy I czwartek i I pi\u0105tek i I sobot\u0119 miesi\u0105ca. <\/p>\n\n\n\n<p><strong>9<\/strong><strong>.<\/strong>\n<strong><em>Odwiedziny\nchorych w I pi\u0105tek miesi\u0105ca od godz. 8.30.<\/em><\/strong><\/p>\n\n\n\n<p><strong>10<\/strong><strong>. <\/strong>W przysz\u0142\u0105 niedziel\u0119 b\u0119dziemy prze\u017cywa\u0107 <strong><em>32 Niedziel\u0119 zwyk\u0142\u0105.<\/em><\/strong>\nMsze \u015bw. wg porz\u0105dku niedzielnego. Zmiana\ntajemnic \u017bywego R\u00f3\u017ca\u0144ca o <strong>10<sup>30<\/sup>. Relikwie \u015bw. Szarbela.<\/strong><\/p>\n\n\n\n<p><strong>11<\/strong><strong>.<\/strong>\nKancelaria czynna codziennie po Mszy \u015bw. wieczornej z wyj\u0105tkiem niedziel,\nuroczysto\u015bci i \u015bwi\u0105t.<\/p>\n\n\n\n<p><strong>12<\/strong><strong>.<\/strong>\nDo nabycia jest prasa katolicka: Niedziela, Go\u015b\u0107 Niedzielny i R\u00f3\u017caniec. <\/p>\n\n\n\n<p><strong>13<\/strong><strong>.<\/strong>\nDzi\u0119kuj\u0119 wszystkim, kt\u00f3rzy w tym tygodniu sprz\u0105tali \u015bwi\u0105tyni\u0119 i przygotowali j\u0105\nna nasze spotkanie eucharystyczne.<\/p>\n\n\n\n<p><strong>14<\/strong><strong>.<\/strong>\nSerdeczne B\u00f3g zap\u0142a\u0107 za ofiary sk\u0142adane na remonty w naszej parafii. <\/p>\n\n\n\n<p> <strong>15.<\/strong> <strong>W czwartek (04.11.2021r.)<\/strong> spotkanie dla uczni\u00f3w <strong>klas 7 i 8<\/strong> przygotowuj\u0105cych si\u0119 do sakramentu bierzmowanie. <strong>Spotkanie rozpocznie Msza \u015bwi\u0119ta o godzinie 18<sup>00<\/sup><\/strong>. Zapraszamy wcze\u015bniej na adoracj\u0119 i wypominki o godz. <strong>17<sup>00<\/sup><\/strong><\/p>\n\n\n\n<p> <strong>W pi\u0105tek o godzinie 19<sup>00<\/sup>, <\/strong>spotkanie dzieci i m\u0142odzie\u017cy w salce parafialnej.<\/p>\n\n\n\n<p><strong>16.<\/strong>\n&nbsp;Intencje mszalne, obrazki \u2013 pami\u0105tki odprawionej\nMszy \u015bw.<\/p>\n\n\n\n<p><strong>17<\/strong><strong>. <\/strong>Kartki\nwypominkowe znajduj\u0105 si\u0119 w przedsionku ko\u015bcio\u0142a, zakrystii i przy figurze \u015bw.\nJ\u00f3zefa. Wypisane kartki wypominkowe prosz\u0119 sk\u0142ada\u0107 w kopertach z adresem do <strong><em>skarbony\npod ambon\u0105<\/em><\/strong>.<\/p>\n\n\n\n<p><em>\u017byczymy mi\u0142ego tygodnia\ni obfitych \u0142ask Bo\u017cych.<\/em><\/p>\n","protected":false},"excerpt":{"rendered":"<p>1. Dzi\u015b prze\u017cywamy 31 Niedziel\u0119 zwyk\u0142\u0105 oraz Rocznic\u0119 po\u015bwi\u0119cenia w\u0142asnego ko\u015bcio\u0142a. Msze \u015bw. wg porz\u0105dku niedzielnego. 2. Msze \u015bw. w tygodniu&nbsp; o 700 i 1800. 3. Codziennie spowied\u017a i adoracja Naj\u015bwi\u0119tszego Sakramentu o godz. 1700, a od 3 listopada nabo\u017ce\u0144stwa wypominkowe o 1730 wg planu. 4. &nbsp;W tym tygodniu obchodzimy:&#8230; <a class=\"continue-reading-link\" href=\"http:\/\/parafia.scinawa.info\/index.php\/2021\/10\/30\/ogloszenia-duszpasterskie-31-niedziela-zwykla-31-10-2021\/\">Czytaj dalej <span class=\"meta-nav\">&rarr; <\/span><\/a><\/p>\n","protected":false},"author":2,"featured_media":0,"comment_status":"closed","ping_status":"closed","sticky":false,"template":"","format":"standard","meta":{"footnotes":""},"categories":[40],"tags":[],"class_list":["post-1845","post","type-post","status-publish","format-standard","hentry","category-ogloszenia-duszpasterskie"],"_links":{"self":[{"href":"http:\/\/parafia.scinawa.info\/index.php\/wp-json\/wp\/v2\/posts\/1845","targetHints":{"allow":["GET"]}}],"collection":[{"href":"http:\/\/parafia.scinawa.info\/index.php\/wp-json\/wp\/v2\/posts"}],"about":[{"href":"http:\/\/parafia.scinawa.info\/index.php\/wp-json\/wp\/v2\/types\/post"}],"author":[{"embeddable":true,"href":"http:\/\/parafia.scinawa.info\/index.php\/wp-json\/wp\/v2\/users\/2"}],"replies":[{"embeddable":true,"href":"http:\/\/parafia.scinawa.info\/index.php\/wp-json\/wp\/v2\/comments?post=1845"}],"version-history":[{"count":2,"href":"http:\/\/parafia.scinawa.info\/index.php\/wp-json\/wp\/v2\/posts\/1845\/revisions"}],"predecessor-version":[{"id":1847,"href":"http:\/\/parafia.scinawa.info\/index.php\/wp-json\/wp\/v2\/posts\/1845\/revisions\/1847"}],"wp:attachment":[{"href":"http:\/\/parafia.scinawa.info\/index.php\/wp-json\/wp\/v2\/media?parent=1845"}],"wp:term":[{"taxonomy":"category","embeddable":true,"href":"http:\/\/parafia.scinawa.info\/index.php\/wp-json\/wp\/v2\/categories?post=1845"},{"taxonomy":"post_tag","embeddable":true,"href":"http:\/\/parafia.scinawa.info\/index.php\/wp-json\/wp\/v2\/tags?post=1845"}],"curies":[{"name":"wp","href":"https:\/\/api.w.org\/{rel}","templated":true}]}}