{"id":1859,"date":"2021-11-13T13:31:50","date_gmt":"2021-11-13T12:31:50","guid":{"rendered":"http:\/\/parafia.scinawa.info\/?p=1859"},"modified":"2021-11-13T13:31:50","modified_gmt":"2021-11-13T12:31:50","slug":"ogloszenia-duszpasterskie-33-niedziela-zwykla-14-11-2021","status":"publish","type":"post","link":"http:\/\/parafia.scinawa.info\/index.php\/2021\/11\/13\/ogloszenia-duszpasterskie-33-niedziela-zwykla-14-11-2021\/","title":{"rendered":"Og\u0142oszenia duszpasterskie  33 Niedziela zwyk\u0142a \u2013 14.11. 2021"},"content":{"rendered":"\n<p><strong>1<\/strong><strong>.<\/strong> Dzi\u015b prze\u017cywamy\n<strong><em>33 Niedziel\u0119 zwyk\u0142\u0105<\/em><\/strong>.\nMsze \u015bw. wg porz\u0105dku niedzielnego.\n&nbsp;R\u00f3wnie\u017c dzisiaj o godz. <strong>12<sup>30<\/sup> <\/strong>&nbsp;spotkanie\ndla rodzic\u00f3w i dzieci Pierwszokomunijnych po\u0142\u0105czone z po\u015bwi\u0119ceniem i przekazaniem dzieciom ksi\u0105\u017ceczek.<\/p>\n\n\n\n<p><strong>2<\/strong><strong>.<\/strong> Msze \u015bw. w\ntygodniu&nbsp; o <strong>7<sup>00<\/sup><\/strong> i <strong>18<sup>00<\/sup><\/strong>.\n<\/p>\n\n\n\n<p><strong>3.<\/strong>\nCodziennie spowied\u017a i adoracja Naj\u015bwi\u0119tszego Sakramentu o godz. <strong>17<sup>00<\/sup>,\na wypominki &nbsp;do czwartku w\u0142\u0105cznie o <\/strong><strong>17<sup>30<\/sup>. <\/strong><\/p>\n\n\n\n<p><strong>4<\/strong><strong>.<\/strong> <strong>&nbsp;<\/strong>W tym tygodniu obchodzimy:<\/p>\n\n\n\n<p>&#8211; <strong>w \u015brod\u0119<\/strong> \u2013 wspomnienie \u015bw. El\u017cbiety W\u0119gierskiej, zakonnicy<\/p>\n\n\n\n<p>&#8211; <strong>w czwartek<\/strong> &#8211; wspomnienie b\u0142. Karoliny\nK\u00f3zk\u00f3wny, dziewicy i m\u0119czennicy<\/p>\n\n\n\n<p>&#8211; <strong>w\n<em>sobot\u0119<\/em><\/strong> \u2013 wspomnienie \u015bw. Rafa\u0142a Kalinowskiego, prezbitera<\/p>\n\n\n\n<p><strong>5. <\/strong><strong>W tym tygodniu nabo\u017ce\u0144stwa: <\/strong><\/p>\n\n\n\n<p><strong>&#8211;<\/strong> <strong>we wtorek<\/strong>\n&nbsp;&nbsp;&nbsp;&nbsp;&nbsp;&nbsp;&nbsp;&nbsp;&nbsp;&nbsp; &#8211;&nbsp; nabo\u017ce\u0144stwodo<strong><em> \u015bw. Jana\nPaw\u0142a II<\/em><\/strong><em> o godz<strong>. <\/strong><\/em><strong>17<sup>00<\/sup><\/strong><\/p>\n\n\n\n<p><strong>&#8211;<\/strong> <strong>w \u015brod\u0119<\/strong>\n&nbsp;&nbsp;&nbsp;&nbsp;&nbsp;&nbsp;&nbsp;&nbsp;&nbsp;&nbsp;&nbsp;&nbsp;&nbsp;&nbsp; <strong><sup>&#8211; <\/sup><\/strong>Nowenna\ndo <strong><em>NMP Nieustaj\u0105cej Pomocy<\/em><\/strong> o godz. <strong>17<sup>15<\/sup><\/strong>.<\/p>\n\n\n\n<p>&#8211; <strong>w pi\u0105tek <\/strong>&nbsp;&nbsp;&nbsp;&nbsp;&nbsp;&nbsp;&nbsp;&nbsp;&nbsp;&nbsp;&nbsp;&nbsp;&nbsp; &#8211;&nbsp;\nnabo\u017ce\u0144stwo do <strong>\u015bw. J\u00f3zefa<\/strong> <em>o godz<strong>. <\/strong><\/em><strong>17<sup>00<\/sup><\/strong><\/p>\n\n\n\n<p><strong>6<\/strong><strong>. <\/strong>W przysz\u0142\u0105 niedziel\u0119\nb\u0119dziemy prze\u017cywa\u0107 <strong><em>34 Niedziel\u0119 zwyk\u0142\u0105<\/em><\/strong> i zarazem Uroczysto\u015b\u0107 Chrystusa Kr\u00f3la\nWszech\u015bwiata. Msze \u015bw. wg porz\u0105dku niedzielnego. <\/p>\n\n\n\n<p><strong><em>Za\npubliczne odm\u00f3wienie \u201eAktu po\u015bwi\u0119cenia\u201d w uroczysto\u015b\u0107 Jezusa Chrystusa Kr\u00f3la\nWszech\u015bwiata mo\u017cna uzyska\u0107 odpust zupe\u0142ny.<\/em><\/strong> <\/p>\n\n\n\n<p><strong>7<\/strong><strong>.<\/strong> Kancelaria\nczynna codziennie po Mszy \u015bw. wieczornej z wyj\u0105tkiem niedziel, uroczysto\u015bci i\n\u015bwi\u0105t.<\/p>\n\n\n\n<p><strong>8<\/strong><strong>.<\/strong> Do nabycia jest\nprasa katolicka: Niedziela, Go\u015b\u0107 Niedzielny, Ma\u0142y Go\u015b\u0107 Niedzielny i R\u00f3\u017caniec. <\/p>\n\n\n\n<p><strong>9<\/strong><strong>.<\/strong> Dzi\u0119kuj\u0119 wszystkim,\nkt\u00f3rzy w tym tygodniu sprz\u0105tali \u015bwi\u0105tyni\u0119 i przygotowali j\u0105 na nasze spotkanie\neucharystyczne.<\/p>\n\n\n\n<p><strong>10<\/strong><strong>.<\/strong> Serdeczne B\u00f3g\nzap\u0142a\u0107 za ofiary sk\u0142adane na remonty w naszej parafii. <\/p>\n\n\n\n<p><strong>11.<\/strong>\n&nbsp;Intencje mszalne, obrazki \u2013 pami\u0105tki odprawionej\nMszy \u015bw.<\/p>\n\n\n\n<p><strong>12.<\/strong>\n<strong>W poniedzia\u0142ek o godzinie 16<sup>00<\/sup><\/strong> zbi\u00f3rka kandydat\u00f3w,\nministrant\u00f3w i lektor\u00f3w w ko\u015bciele. Zapraszamy ch\u0142opc\u00f3w, kt\u00f3rzy chcieliby\ns\u0142u\u017cy\u0107 przy o\u0142tarzu, do wst\u0105pienia w szeregi s\u0142u\u017cby liturgicznej.<\/p>\n\n\n\n<p><strong>13.<\/strong>\n<strong>W pi\u0105tek o godzinie 19<sup>00<\/sup>, <\/strong>spotkanie dzieci i m\u0142odzie\u017cy w\nsalce parafialnej.<\/p>\n\n\n\n<p><em>\u017byczymy mi\u0142ego tygodnia\ni obfitych \u0142ask Bo\u017cych.<\/em><\/p>\n","protected":false},"excerpt":{"rendered":"<p>1. Dzi\u015b prze\u017cywamy 33 Niedziel\u0119 zwyk\u0142\u0105. Msze \u015bw. wg porz\u0105dku niedzielnego. &nbsp;R\u00f3wnie\u017c dzisiaj o godz. 1230 &nbsp;spotkanie dla rodzic\u00f3w i dzieci Pierwszokomunijnych po\u0142\u0105czone z po\u015bwi\u0119ceniem i przekazaniem dzieciom ksi\u0105\u017ceczek. 2. Msze \u015bw. w tygodniu&nbsp; o 700 i 1800. 3. Codziennie spowied\u017a i adoracja Naj\u015bwi\u0119tszego Sakramentu o godz. 1700, a wypominki&#8230; <a class=\"continue-reading-link\" href=\"http:\/\/parafia.scinawa.info\/index.php\/2021\/11\/13\/ogloszenia-duszpasterskie-33-niedziela-zwykla-14-11-2021\/\">Czytaj dalej <span class=\"meta-nav\">&rarr; <\/span><\/a><\/p>\n","protected":false},"author":2,"featured_media":0,"comment_status":"closed","ping_status":"closed","sticky":false,"template":"","format":"standard","meta":{"footnotes":""},"categories":[40],"tags":[],"class_list":["post-1859","post","type-post","status-publish","format-standard","hentry","category-ogloszenia-duszpasterskie"],"_links":{"self":[{"href":"http:\/\/parafia.scinawa.info\/index.php\/wp-json\/wp\/v2\/posts\/1859","targetHints":{"allow":["GET"]}}],"collection":[{"href":"http:\/\/parafia.scinawa.info\/index.php\/wp-json\/wp\/v2\/posts"}],"about":[{"href":"http:\/\/parafia.scinawa.info\/index.php\/wp-json\/wp\/v2\/types\/post"}],"author":[{"embeddable":true,"href":"http:\/\/parafia.scinawa.info\/index.php\/wp-json\/wp\/v2\/users\/2"}],"replies":[{"embeddable":true,"href":"http:\/\/parafia.scinawa.info\/index.php\/wp-json\/wp\/v2\/comments?post=1859"}],"version-history":[{"count":1,"href":"http:\/\/parafia.scinawa.info\/index.php\/wp-json\/wp\/v2\/posts\/1859\/revisions"}],"predecessor-version":[{"id":1860,"href":"http:\/\/parafia.scinawa.info\/index.php\/wp-json\/wp\/v2\/posts\/1859\/revisions\/1860"}],"wp:attachment":[{"href":"http:\/\/parafia.scinawa.info\/index.php\/wp-json\/wp\/v2\/media?parent=1859"}],"wp:term":[{"taxonomy":"category","embeddable":true,"href":"http:\/\/parafia.scinawa.info\/index.php\/wp-json\/wp\/v2\/categories?post=1859"},{"taxonomy":"post_tag","embeddable":true,"href":"http:\/\/parafia.scinawa.info\/index.php\/wp-json\/wp\/v2\/tags?post=1859"}],"curies":[{"name":"wp","href":"https:\/\/api.w.org\/{rel}","templated":true}]}}