{"id":1864,"date":"2021-11-20T12:50:40","date_gmt":"2021-11-20T11:50:40","guid":{"rendered":"http:\/\/parafia.scinawa.info\/?p=1864"},"modified":"2021-11-20T12:50:40","modified_gmt":"2021-11-20T11:50:40","slug":"ogloszenia-duszpasterskie-34-niedziela-zwykla-21-11-2021","status":"publish","type":"post","link":"http:\/\/parafia.scinawa.info\/index.php\/2021\/11\/20\/ogloszenia-duszpasterskie-34-niedziela-zwykla-21-11-2021\/","title":{"rendered":"Og\u0142oszenia duszpasterskie  34 Niedziela zwyk\u0142a \u2013 21.11. 2021"},"content":{"rendered":"\n<p><strong>1.<\/strong>\nDzi\u015b prze\u017cywamy <strong><em>34 Niedziel\u0119 zwyk\u0142\u0105 <\/em><\/strong>i zarazem Uroczysto\u015b\u0107 Chrystusa Kr\u00f3la\nWszech\u015bwiata. Msze \u015bw. wg porz\u0105dku niedzielnego. Dzisiaj o <strong>14<sup>00<\/sup><\/strong>\nw D\u0142u\u017cycach odpust ku czci Chrystusa Kr\u00f3la. <\/p>\n\n\n\n<p><strong><em>Za\npubliczne odm\u00f3wienie \u201eAktu po\u015bwi\u0119cenia\u201d w uroczysto\u015b\u0107 Jezusa Chrystusa Kr\u00f3la\nWszech\u015bwiata mo\u017cna uzyska\u0107 odpust zupe\u0142ny.<\/em><\/strong><\/p>\n\n\n\n<p><strong>2<\/strong><strong>.<\/strong>\nMsze \u015bw. w tygodniu&nbsp; o <strong>7<sup>00<\/sup><\/strong>\ni <strong>18<sup>00<\/sup><\/strong>.&nbsp; <\/p>\n\n\n\n<p><strong>3.<\/strong>\nCodziennie spowied\u017a i adoracja Naj\u015bwi\u0119tszego Sakramentu o godz. <strong>17<sup>00<\/sup>.\n<\/strong><\/p>\n\n\n\n<p><strong>4. <\/strong><strong>W tym tygodniu nabo\u017ce\u0144stwa:\n<\/strong><\/p>\n\n\n\n<p><strong>&#8211; w poniedzia\u0142ek\n&nbsp;&nbsp;&nbsp;&nbsp; <\/strong>&#8211;\nnabo\u017ce\u0144stwo do <strong>\u015bw. Rity<\/strong> o godz. <strong>17<sup>00<\/sup><\/strong><\/p>\n\n\n\n<p><strong>&#8211;\n<\/strong>nabo\u017ce\u0144stwo<strong> <em>do Bo\u017cego\nMi\u0142osierdzia<\/em> <\/strong>o godz. <strong>17<sup>30<\/sup><\/strong><\/p>\n\n\n\n<p><strong>&#8211; we wtorek<\/strong>\n<strong>&nbsp; &nbsp;&nbsp;&nbsp;&nbsp;&nbsp;&nbsp;&nbsp;&nbsp;&nbsp;&nbsp;&nbsp; &#8211;\n<\/strong>nabo\u017ce\u0144stwodo <strong>\u015bw. Ojca Pio<em> o godz. <\/em><\/strong><strong>17<sup>00<\/sup><\/strong><\/p>\n\n\n\n<p><strong>&#8211;<\/strong>\n<strong>w \u015brod\u0119<\/strong> &nbsp;&nbsp;&nbsp;&nbsp;&nbsp; &nbsp;&nbsp;&nbsp;&nbsp;&nbsp;&nbsp;&nbsp;&nbsp;&nbsp;&nbsp;&nbsp; <strong>&#8211;\n<\/strong>Nowenna do <strong><em>NMP Nieustaj\u0105cej Pomocy<\/em><\/strong> o godz. <strong>17<sup>30<\/sup><\/strong><\/p>\n\n\n\n<p><strong>&#8211; w niedziel\u0119<\/strong> <strong>&nbsp;&nbsp;&nbsp;&nbsp;&nbsp;&nbsp;&nbsp;&nbsp;&nbsp;&nbsp;&nbsp; &#8211;\n<\/strong>nabo\u017ce\u0144stwodo <strong>\u015bw. Ojca Szarbela<em> o godz. <\/em><\/strong><strong>17<sup>00<\/sup><\/strong><strong><\/strong><\/p>\n\n\n\n<p><strong>5<\/strong><strong>. <\/strong>W tym tygodniu obchodzimy:<\/p>\n\n\n\n<p>&#8211; <strong><em>w<\/em><\/strong>\n<strong><em>poniedzia\u0142ek<\/em><\/strong> &nbsp;&nbsp;&nbsp;&nbsp; \u2013 wspomnienie \u015bw. Cecylii, dziewicy i\nm\u0119czennicy, Patronki muzyki ko\u015bcielnej<\/p>\n\n\n\n<p>&#8211;<strong><em> w<\/em><\/strong>\n<strong><em>\u015brod\u0119<\/em><\/strong> &nbsp;&nbsp;&nbsp;&nbsp;&nbsp;&nbsp;&nbsp;&nbsp;&nbsp;&nbsp;&nbsp;&nbsp;&nbsp;&nbsp;&nbsp;&nbsp;&nbsp; \u2013\nwspomnienie \u015bw. m\u0119czennik\u00f3w Andrzeja Dunc-Laca, prezbitera i Towarzyszy <\/p>\n\n\n\n<p>&nbsp;&nbsp;&nbsp;&nbsp;&nbsp;&nbsp;&nbsp;&nbsp;&nbsp;&nbsp;&nbsp;&nbsp;&nbsp;&nbsp;&nbsp;&nbsp;&nbsp;\n&nbsp;&nbsp;&nbsp;&nbsp;&nbsp;&nbsp;&nbsp;&nbsp;&nbsp;&nbsp;&nbsp;&nbsp;&nbsp;&nbsp;&nbsp; \u2013 <strong><em>nauka o \u017bywym R\u00f3\u017ca\u0144cu<\/em><\/strong><\/p>\n\n\n\n<p><strong>6<\/strong><strong>. <\/strong>W przysz\u0142\u0105 niedziel\u0119 b\u0119dziemy prze\u017cywa\u0107 <strong><em>1 Niedziel\u0119 Adwentu<\/em><\/strong>.\nPocz\u0105tek nowego roku liturgicznego.&nbsp; W 1\nniedziel\u0119 Adwentu &#8211; po\u015bwi\u0119cenie op\u0142atk\u00f3w wigilijnych.<\/p>\n\n\n\n<p><strong>7<\/strong><strong>.<\/strong>\nKancelaria czynna codziennie po Mszy \u015bw. wieczornej z wyj\u0105tkiem niedziel,\nuroczysto\u015bci i \u015bwi\u0105t.<\/p>\n\n\n\n<p><strong>8<\/strong><strong>.<\/strong>\nDo nabycia jest prasa katolicka: Niedziela, Go\u015b\u0107 Niedzielny, Ma\u0142y Go\u015b\u0107\nNiedzielny i R\u00f3\u017caniec. <\/p>\n\n\n\n<p><strong>9<\/strong><strong>.<\/strong>\nDzi\u0119kuj\u0119 wszystkim, kt\u00f3rzy w tym tygodniu sprz\u0105tali \u015bwi\u0105tyni\u0119 i przygotowali j\u0105\nna nasze spotkanie eucharystyczne.<\/p>\n\n\n\n<p><strong>10<\/strong><strong>.<\/strong>\nSerdeczne B\u00f3g zap\u0142a\u0107 za ofiary sk\u0142adane na remonty w naszej parafii. <\/p>\n\n\n\n<p><strong>11<\/strong><strong>.<\/strong>\nIntencje mszalne, obrazki \u2013 pami\u0105tki odprawionej Mszy \u015bw.<\/p>\n\n\n\n<p><strong>12.<\/strong>\n<strong>W poniedzia\u0142ek o godzinie 16<sup>00<\/sup><\/strong> zbi\u00f3rka kandydat\u00f3w, ministrant\u00f3w\ni lektor\u00f3w w ko\u015bciele. Zapraszamy ch\u0142opc\u00f3w, kt\u00f3rzy chcieliby s\u0142u\u017cy\u0107 przy\no\u0142tarzu, do wst\u0105pienia w szeregi s\u0142u\u017cby liturgicznej.<\/p>\n\n\n\n<p><strong>13.<\/strong>\n<strong>W pi\u0105tek o godzinie 19<sup>00<\/sup>, <\/strong>spotkanie dzieci i m\u0142odzie\u017cy w\nsalce parafialnej.<\/p>\n\n\n\n<p><em>\u017byczymy mi\u0142ego tygodnia\ni obfitych \u0142ask Bo\u017cych.<\/em><\/p>\n","protected":false},"excerpt":{"rendered":"<p>1. Dzi\u015b prze\u017cywamy 34 Niedziel\u0119 zwyk\u0142\u0105 i zarazem Uroczysto\u015b\u0107 Chrystusa Kr\u00f3la Wszech\u015bwiata. Msze \u015bw. wg porz\u0105dku niedzielnego. Dzisiaj o 1400 w D\u0142u\u017cycach odpust ku czci Chrystusa Kr\u00f3la. Za publiczne odm\u00f3wienie \u201eAktu po\u015bwi\u0119cenia\u201d w uroczysto\u015b\u0107 Jezusa Chrystusa Kr\u00f3la Wszech\u015bwiata mo\u017cna uzyska\u0107 odpust zupe\u0142ny. 2. Msze \u015bw. w tygodniu&nbsp; o 700 i&#8230; <a class=\"continue-reading-link\" href=\"http:\/\/parafia.scinawa.info\/index.php\/2021\/11\/20\/ogloszenia-duszpasterskie-34-niedziela-zwykla-21-11-2021\/\">Czytaj dalej <span class=\"meta-nav\">&rarr; <\/span><\/a><\/p>\n","protected":false},"author":2,"featured_media":0,"comment_status":"closed","ping_status":"closed","sticky":false,"template":"","format":"standard","meta":{"footnotes":""},"categories":[40],"tags":[],"class_list":["post-1864","post","type-post","status-publish","format-standard","hentry","category-ogloszenia-duszpasterskie"],"_links":{"self":[{"href":"http:\/\/parafia.scinawa.info\/index.php\/wp-json\/wp\/v2\/posts\/1864","targetHints":{"allow":["GET"]}}],"collection":[{"href":"http:\/\/parafia.scinawa.info\/index.php\/wp-json\/wp\/v2\/posts"}],"about":[{"href":"http:\/\/parafia.scinawa.info\/index.php\/wp-json\/wp\/v2\/types\/post"}],"author":[{"embeddable":true,"href":"http:\/\/parafia.scinawa.info\/index.php\/wp-json\/wp\/v2\/users\/2"}],"replies":[{"embeddable":true,"href":"http:\/\/parafia.scinawa.info\/index.php\/wp-json\/wp\/v2\/comments?post=1864"}],"version-history":[{"count":1,"href":"http:\/\/parafia.scinawa.info\/index.php\/wp-json\/wp\/v2\/posts\/1864\/revisions"}],"predecessor-version":[{"id":1865,"href":"http:\/\/parafia.scinawa.info\/index.php\/wp-json\/wp\/v2\/posts\/1864\/revisions\/1865"}],"wp:attachment":[{"href":"http:\/\/parafia.scinawa.info\/index.php\/wp-json\/wp\/v2\/media?parent=1864"}],"wp:term":[{"taxonomy":"category","embeddable":true,"href":"http:\/\/parafia.scinawa.info\/index.php\/wp-json\/wp\/v2\/categories?post=1864"},{"taxonomy":"post_tag","embeddable":true,"href":"http:\/\/parafia.scinawa.info\/index.php\/wp-json\/wp\/v2\/tags?post=1864"}],"curies":[{"name":"wp","href":"https:\/\/api.w.org\/{rel}","templated":true}]}}