{"id":1869,"date":"2021-11-27T14:28:39","date_gmt":"2021-11-27T13:28:39","guid":{"rendered":"http:\/\/parafia.scinawa.info\/?p=1869"},"modified":"2021-11-27T14:28:39","modified_gmt":"2021-11-27T13:28:39","slug":"ogloszenia-duszpasterskie-1-niedziela-adwentu-28-11-2021","status":"publish","type":"post","link":"http:\/\/parafia.scinawa.info\/index.php\/2021\/11\/27\/ogloszenia-duszpasterskie-1-niedziela-adwentu-28-11-2021\/","title":{"rendered":"Og\u0142oszenia duszpasterskie    1 Niedziela Adwentu \u2013 28.11. 2021"},"content":{"rendered":"\n<p><strong>1.<\/strong>\nDzi\u015b prze\u017cywamy <strong><em>1 Niedziel\u0119 Adwentu<\/em><\/strong>. Pocz\u0105tek nowego roku liturgicznego. Msze \u015bw.\nwed\u0142ug porz\u0105dku niedzielnego. Dzisiaj na ka\u017cdej Mszy \u015bw. po\u015bwi\u0119cenie op\u0142atk\u00f3w wigilijnych, kt\u00f3re mo\u017cna nabywa\u0107\nw zakrystii, przy wyj\u015bciu z ko\u015bcio\u0142a i u so\u0142tys\u00f3w na wioskach.\n<\/p>\n\n\n\n<p><strong>2.<\/strong>\nMsze \u015bw. w tygodniu&nbsp; o <strong>7<sup>00<\/sup><\/strong>\ni <strong>18<sup>00<\/sup><\/strong>. &nbsp;<\/p>\n\n\n\n<p><strong>3. <\/strong>Codziennie\nspowied\u017a i adoracja Naj\u015bwi\u0119tszego Sakramentu o godz. <strong>17<sup>00<\/sup>.<\/strong><\/p>\n\n\n\n<p><strong>4. <\/strong><strong>W tym tygodniu nabo\u017ce\u0144stwa:\n<\/strong><\/p>\n\n\n\n<p><strong>&#8211; w niedziel\u0119<\/strong>\n<strong>&nbsp;&nbsp;&nbsp;&nbsp;&nbsp;&nbsp;&nbsp;&nbsp;&nbsp;&nbsp;&nbsp; &#8211; <\/strong>nabo\u017ce\u0144stwodo <strong>\u015bw.\nOjca Szarbela<\/strong>o godz.<strong>17<sup>00<\/sup><\/strong><\/p>\n\n\n\n<p><strong>&#8211; w poniedzia\u0142ek\n&nbsp;&nbsp;&nbsp;&nbsp; <\/strong>&#8211;\nnabo\u017ce\u0144stwo do <strong>\u015bw. Micha\u0142a Archanio\u0142a<\/strong>o godz.<strong>17<sup>00<\/sup><\/strong><\/p>\n\n\n\n<p><strong>&#8211;\n<\/strong>nabo\u017ce\u0144stwo<strong> <em>do Bo\u017cego\nMi\u0142osierdzia<\/em> <\/strong>o godz. <strong>17<sup>30<\/sup><\/strong><\/p>\n\n\n\n<p><strong>&#8211;<\/strong>\n<strong>w \u015brod\u0119<\/strong> &nbsp;&nbsp;&nbsp;&nbsp;&nbsp; &nbsp;&nbsp;&nbsp;&nbsp;&nbsp;&nbsp;&nbsp;&nbsp;&nbsp;&nbsp;&nbsp; <strong>&#8211;\n<\/strong>Nowenna do <strong><em>NMP Nieustaj\u0105cej Pomocy<\/em><\/strong> o godz. <strong>17<sup>30<\/sup><\/strong><\/p>\n\n\n\n<p>&#8211; <strong>w czwartek<\/strong> &nbsp;&nbsp;&nbsp;&nbsp;&nbsp;&nbsp;&nbsp;&nbsp;&nbsp;&nbsp;&nbsp; &#8211;\nadoracja<strong> &#8211; I czwartek miesi\u0105ca <\/strong>o godz. <strong>17<sup>30<\/sup> <\/strong><\/p>\n\n\n\n<p>&#8211; <strong>w pi\u0105tek<\/strong>\n&nbsp;&nbsp;&nbsp;&nbsp;&nbsp;&nbsp;&nbsp;&nbsp;&nbsp;&nbsp;&nbsp;&nbsp;&nbsp;&nbsp;&nbsp;&nbsp; &#8211;&nbsp; nabo\u017ce\u0144stwo <strong>I pi\u0105tku miesi\u0105ca <\/strong>o godz. <strong>17<sup>30<\/sup><\/strong><\/p>\n\n\n\n<p>&#8211; <strong>w sobot\u0119<\/strong>\n&nbsp;&nbsp;&nbsp;&nbsp;&nbsp;&nbsp;&nbsp;&nbsp;&nbsp;&nbsp;&nbsp;&nbsp;&nbsp;&nbsp; &#8211;&nbsp; nabo\u017ce\u0144stwo <strong>I soboty miesi\u0105ca<\/strong> <em>o\ngodz.<\/em><strong>17<sup>00<\/sup><\/strong><strong><\/strong><\/p>\n\n\n\n<p><strong>5<\/strong><strong>. <\/strong>W tym tygodniu obchodzimy:<\/p>\n\n\n\n<p>&#8211; <strong>we\nwtorek<\/strong> &#8211; &nbsp;\u015bwi\u0119to \u015bw. Andrzeja Aposto\u0142a<\/p>\n\n\n\n<p>&#8211; <strong>w pi\u0105tek<\/strong> \u2013 wspomnienie \u015bw. Franciszka\nKsawerego, prezbitera<\/p>\n\n\n\n<p>&#8211; <strong>w sobot\u0119 <\/strong>\u2013 wspomnienie \u015bw. Barbary,\nm\u0119czennicy i patronki g\u00f3rnik\u00f3w<\/p>\n\n\n\n<p><strong>6<\/strong><strong>.<\/strong> W tym tygodniu\nobchodzimy I czwartek i I pi\u0105tek i I sobot\u0119 miesi\u0105ca. <\/p>\n\n\n\n<p><strong>7<\/strong><strong>.<\/strong>\n<strong><em>Odwiedziny\nchorych w I pi\u0105tek miesi\u0105ca od godz. 8.30.<\/em><\/strong><strong><\/strong><\/p>\n\n\n\n<p><strong>8<\/strong><strong>.\n<\/strong>W przysz\u0142\u0105\nniedziel\u0119 b\u0119dziemy prze\u017cywa\u0107 <strong><em>2 Niedziel\u0119 Adwentu<\/em><\/strong> Msze \u015bw. wed\u0142ug porz\u0105dku\nniedzielnego. W\ndrug\u0105 niedziel\u0119 Adwentu, tradycyjnie b\u0119dzie obchodzony w Ko\u015bciele w Polsce\nDzie\u0144 Modlitwy i Pomocy Materialnej Ko\u015bcio\u0142owi na Wschodzie. Wesprze\u0107 Ko\u015bci\u00f3\u0142\nkatolicki na Wschodzie mo\u017cna przede wszystkim poprzez modlitw\u0119 i zbi\u00f3rk\u0119 ofiar\ndo puszek w ko\u015bcio\u0142ach w niedziel\u0119 5 grudnia. <strong><em>Zmiana tajemnic \u017bywego\nR\u00f3\u017ca\u0144ca dzisiaj o 10<sup>30<\/sup>.<\/em><\/strong><strong><em><\/em><\/strong><\/p>\n\n\n\n<p><strong>9<\/strong><strong>.<\/strong>\nKancelaria czynna codziennie po Mszy \u015bw. wieczornej z wyj\u0105tkiem niedziel,\nuroczysto\u015bci i \u015bwi\u0105t.<\/p>\n\n\n\n<p><strong>10<\/strong><strong>.<\/strong>\nDo nabycia jest prasa katolicka: Niedziela, Go\u015b\u0107 Niedzielny i R\u00f3\u017caniec. <\/p>\n\n\n\n<p><strong>11<\/strong><strong>.<\/strong>\nDzi\u0119kuj\u0119 wszystkim, kt\u00f3rzy w tym tygodniu sprz\u0105tali \u015bwi\u0105tyni\u0119 i przygotowali j\u0105\nna nasze spotkanie eucharystyczne.<\/p>\n\n\n\n<p><strong>12<\/strong><strong>.<\/strong>\nSerdeczne B\u00f3g zap\u0142a\u0107 za ofiary sk\u0142adane na remonty w naszej parafii. <\/p>\n\n\n\n<p><strong>13<\/strong><strong>.<\/strong>\nIntencje mszalne, obrazki \u2013 pami\u0105tki odprawionej Mszy \u015bw.<\/p>\n\n\n\n<p><strong>14<\/strong>.\nW tygodniu roraty o godz. <strong>18<sup>00<\/sup><\/strong>. Dzieci zapraszam na roraty z\nsercami, na kt\u00f3rych wypisz\u0105 dobry uczynek z bie\u017c\u0105cego dnia. Serca bior\u0105 udzia\u0142\ncodziennie w losowaniu nagr\u00f3d.<\/p>\n\n\n\n<p><strong>15<\/strong><strong>.<\/strong> W tygodniu po otrzymaniu\nb\u0119d\u0105 rozprowadzane \u015bwiece wigilijne jako \u201eWigilijne Dzie\u0142o Pomocy Dzieciom\u201d. <strong>Ma\u0142a \u015bwieca 7 z\u0142, a du\u017ca 16 z\u0142<\/strong>, &nbsp;tak\u017ce kartki \u015bwi\u0105teczne, kalendarze parafialne. <\/p>\n\n\n\n<p><strong>16.<\/strong>\n<strong>W poniedzia\u0142ek o godzinie 16<sup>00<\/sup><\/strong> zbi\u00f3rka kandydat\u00f3w, ministrant\u00f3w\ni lektor\u00f3w w ko\u015bciele. <\/p>\n\n\n\n<p><strong>17.<\/strong>\n<strong>W pi\u0105tek o godzinie 19<sup>00<\/sup>, <\/strong>spotkanie dzieci i m\u0142odzie\u017cy w\nsalce parafialnej.<\/p>\n\n\n\n<p><strong><em>\u017byczymy\nmi\u0142ego tygodnia i obfitych \u0142ask Bo\u017cych.<\/em><\/strong><strong><\/strong><\/p>\n","protected":false},"excerpt":{"rendered":"<p>1. Dzi\u015b prze\u017cywamy 1 Niedziel\u0119 Adwentu. Pocz\u0105tek nowego roku liturgicznego. Msze \u015bw. wed\u0142ug porz\u0105dku niedzielnego. Dzisiaj na ka\u017cdej Mszy \u015bw. po\u015bwi\u0119cenie op\u0142atk\u00f3w wigilijnych, kt\u00f3re mo\u017cna nabywa\u0107 w zakrystii, przy wyj\u015bciu z ko\u015bcio\u0142a i u so\u0142tys\u00f3w na wioskach. 2. Msze \u015bw. w tygodniu&nbsp; o 700 i 1800. &nbsp; 3. Codziennie spowied\u017a&#8230; <a class=\"continue-reading-link\" href=\"http:\/\/parafia.scinawa.info\/index.php\/2021\/11\/27\/ogloszenia-duszpasterskie-1-niedziela-adwentu-28-11-2021\/\">Czytaj dalej <span class=\"meta-nav\">&rarr; <\/span><\/a><\/p>\n","protected":false},"author":2,"featured_media":0,"comment_status":"closed","ping_status":"closed","sticky":false,"template":"","format":"standard","meta":{"footnotes":""},"categories":[40],"tags":[],"class_list":["post-1869","post","type-post","status-publish","format-standard","hentry","category-ogloszenia-duszpasterskie"],"_links":{"self":[{"href":"http:\/\/parafia.scinawa.info\/index.php\/wp-json\/wp\/v2\/posts\/1869","targetHints":{"allow":["GET"]}}],"collection":[{"href":"http:\/\/parafia.scinawa.info\/index.php\/wp-json\/wp\/v2\/posts"}],"about":[{"href":"http:\/\/parafia.scinawa.info\/index.php\/wp-json\/wp\/v2\/types\/post"}],"author":[{"embeddable":true,"href":"http:\/\/parafia.scinawa.info\/index.php\/wp-json\/wp\/v2\/users\/2"}],"replies":[{"embeddable":true,"href":"http:\/\/parafia.scinawa.info\/index.php\/wp-json\/wp\/v2\/comments?post=1869"}],"version-history":[{"count":1,"href":"http:\/\/parafia.scinawa.info\/index.php\/wp-json\/wp\/v2\/posts\/1869\/revisions"}],"predecessor-version":[{"id":1870,"href":"http:\/\/parafia.scinawa.info\/index.php\/wp-json\/wp\/v2\/posts\/1869\/revisions\/1870"}],"wp:attachment":[{"href":"http:\/\/parafia.scinawa.info\/index.php\/wp-json\/wp\/v2\/media?parent=1869"}],"wp:term":[{"taxonomy":"category","embeddable":true,"href":"http:\/\/parafia.scinawa.info\/index.php\/wp-json\/wp\/v2\/categories?post=1869"},{"taxonomy":"post_tag","embeddable":true,"href":"http:\/\/parafia.scinawa.info\/index.php\/wp-json\/wp\/v2\/tags?post=1869"}],"curies":[{"name":"wp","href":"https:\/\/api.w.org\/{rel}","templated":true}]}}