{"id":1877,"date":"2021-12-11T12:24:46","date_gmt":"2021-12-11T11:24:46","guid":{"rendered":"http:\/\/parafia.scinawa.info\/?p=1877"},"modified":"2021-12-11T12:24:46","modified_gmt":"2021-12-11T11:24:46","slug":"intencje-mszalne-12-12-19-12-2021","status":"publish","type":"post","link":"http:\/\/parafia.scinawa.info\/index.php\/2021\/12\/11\/intencje-mszalne-12-12-19-12-2021\/","title":{"rendered":"INTENCJE MSZALNE 12.12. \u2013 19.12. 2021"},"content":{"rendered":"\n<p><strong><em>Sk\u0142adaj\u0105c\nOfiar\u0119, kt\u00f3ra nam przypomina niezmierzon\u0105 mi\u0142o\u015b\u0107 Twojego Syna, pokornie prosimy\nCi\u0119, Bo\u017ce, przyjmij intencje Twoich wiernych i spraw przez dzia\u0142anie\nEucharystii, aby w naszych rodzinach wzrasta\u0142a prawdziwa wiara, \u015bwi\u0119to\u015b\u0107 \u017cycia,\nbraterska mi\u0142o\u015b\u0107 i duch modlitwy. <\/em><\/strong><strong>Niech\nMatka Naj\u015bwi\u0119tsza wyprosi \u0142aski, o kt\u00f3re modlili\u015bmy si\u0119 w tej Mszy \u015bw. dla \u2026\nZa\u015b zmar\u0142ym \u2026 za kt\u00f3rych odprawiali\u015bmy Msz\u0119 \u015bw.: wieczny odpoczynek racz im\nda\u0107 Panie (\u2026); niech odpoczywaj\u0105 w pokoju wiecznym. Amen<\/strong><\/p>\n\n\n\n<p><strong><em>12.12.\n&#8211; NIEDZIELA&nbsp; <\/em><\/strong><em><\/em><\/p>\n\n\n\n<p><strong>8.oo\n\u2013 1) <\/strong>+ Boles\u0142awa Bilewicza \u2013\ngregorianka 11 <\/p>\n\n\n\n<p><strong>&nbsp;&nbsp;&nbsp;&nbsp;&nbsp;&nbsp;&nbsp;&nbsp;&nbsp;&nbsp;&nbsp; &nbsp;\n2)<\/strong> + Janusza Draczy\u0144skiego \u2013 modl\u0105 si\u0119 s\u0105siedzi<\/p>\n\n\n\n<p>&nbsp;&nbsp;&nbsp;&nbsp;&nbsp; &nbsp;&nbsp;&nbsp;&nbsp;&nbsp;&nbsp;&nbsp;<strong>3)<\/strong> + siostr\u0119 zakonn\u0105 Agnieszk\u0119 i\npozosta\u0142e siostry, kt\u00f3re pracowa\u0142y w \u015acinawie \u2013 modl\u0105 si\u0119<\/p>\n\n\n\n<p>&nbsp;&nbsp; &nbsp;&nbsp;&nbsp;&nbsp;&nbsp;&nbsp;&nbsp;&nbsp;&nbsp;&nbsp;&nbsp;&nbsp;&nbsp;&nbsp;&nbsp;znajomi<\/p>\n\n\n\n<p><strong>&nbsp; 9.3o \u2013 1) <\/strong>+ \u017con\u0119 Janin\u0119 w\n12 rocz. \u015bm., brata Mariana, ++ rodzic\u00f3w, te\u015bci\u00f3w, bratow\u0105 El\u017cbiet\u0119 oraz <\/p>\n\n\n\n<p>&nbsp;&nbsp;&nbsp;&nbsp;&nbsp;&nbsp;&nbsp;&nbsp;&nbsp;&nbsp;&nbsp;&nbsp; ++ z rodziny Lenart\u00f3w, Manieckich,\nKu\u015bwik\u00f3w, Wronowskich \u2013 modli si\u0119 Kazimierz z rodzin\u0105 <\/p>\n\n\n\n<p>&nbsp;&nbsp;&nbsp;&nbsp;&nbsp;&nbsp;&nbsp;&nbsp;&nbsp;&nbsp;&nbsp; &nbsp; <strong>2)<\/strong> ++ z\nrodziny Lewandowskich i Kobl\u00f3w \u2013 modli si\u0119 rodzina<\/p>\n\n\n\n<p><strong>11.oo\n\u2013 1)<\/strong> + Mari\u0119 Radzik, ++ z rodziny Radzik\u00f3w, Kasjan\u00f3w i\nPekar\u00f3w \u2013 modl\u0105 si\u0119 dzieci z rodzinami<strong>\n<\/strong><\/p>\n\n\n\n<p><strong>&nbsp;&nbsp;&nbsp;&nbsp;&nbsp;&nbsp;&nbsp;&nbsp;&nbsp;&nbsp;&nbsp; &nbsp;\n2) <\/strong>++ Czes\u0142awa, Mariann\u0119 i\nHelen\u0119 Gabryjelskich \u2013 modli si\u0119 rodzina<\/p>\n\n\n\n<p>&nbsp;&nbsp;&nbsp;&nbsp;&nbsp;&nbsp;&nbsp;&nbsp;&nbsp;&nbsp;&nbsp; &nbsp; <strong>3)<\/strong> + Adolfa Sikor\u0119 w 21 rocz. \u015bm., ++ Bronis\u0142awa,\nZdzis\u0142awa, El\u017cbiet\u0119 Awdziewicz\u00f3w oraz<\/p>\n\n\n\n<p>&nbsp;&nbsp;&nbsp;&nbsp;&nbsp;&nbsp;&nbsp;&nbsp;&nbsp;&nbsp;&nbsp;&nbsp;&nbsp;&nbsp; &nbsp;&nbsp;Helen\u0119 i\nOlgina Selzer\u00f3w \u2013 modli si\u0119 \u017cona z dzie\u0107mi i rodzin\u0105\n<\/p>\n\n\n\n<p><strong>12.3o\n\u2013 1) <\/strong>w 2 rocz. urodzin Poli\noraz za jej rodzic\u00f3w: Barbar\u0119 i Macieja dzi\u0119kczynna &nbsp;z pro\u015bb\u0105 <\/p>\n\n\n\n<p>&nbsp;&nbsp;&nbsp;&nbsp;&nbsp;&nbsp;&nbsp;&nbsp;&nbsp;&nbsp;&nbsp;&nbsp;&nbsp;&nbsp;&nbsp;&nbsp; o zdrowie, \u0142aski, Bo\u017ce b\u0142ogos\u0142awie\u0144stwo,\nopiek\u0119 NMP i \u015bw. Patron\u00f3w \u2013 modli si\u0119\nrodzina<\/p>\n\n\n\n<p><strong>&nbsp;&nbsp;&nbsp;&nbsp;&nbsp;&nbsp;&nbsp;&nbsp;&nbsp;&nbsp;&nbsp; &nbsp;\n2)<\/strong> ++ rodzic\u00f3w: J\u00f3zefa i Mari\u0119 Bogacz\u00f3w oraz J\u00f3zefa\nPawlaczka \u2013 modli si\u0119 rodzina<\/p>\n\n\n\n<p>&nbsp;&nbsp;&nbsp;&nbsp;&nbsp;&nbsp;&nbsp;&nbsp;&nbsp;&nbsp;&nbsp; <strong>&nbsp; 3)<\/strong> + Halin\u0119\nMakuchowsk\u0105 \u2013 modl\u0105 si\u0119 Emeryci i Renci\u015bci z Ko\u0142a nr 2 w \u015acinawie<\/p>\n\n\n\n<p><strong>18.oo\n\u2013 <\/strong>++ Iren\u0119 i Stanis\u0142awa Bosak\u00f3w, Stanis\u0142aw\u0119 i Tadeusza\nGrzybalskich oraz Czes\u0142awa Bujaka <\/p>\n\n\n\n<p>&nbsp;&nbsp;&nbsp;&nbsp;&nbsp;&nbsp;&nbsp;&nbsp;&nbsp;&nbsp;&nbsp;&nbsp;&nbsp; \u2013 modl\u0105 si\u0119 dzieci i\nwnuki<strong> &nbsp;<\/strong>&nbsp;<\/p>\n\n\n\n<p><strong><em>13.12.\n\u2013 PONIEDZIA\u0141EK<\/em><\/strong><\/p>\n\n\n\n<p><strong>&nbsp; &nbsp;&nbsp;7.oo\n\u2013 <\/strong>&nbsp;+ Mari\u0119 w 1 rocz. \u015bm.<\/p>\n\n\n\n<p><strong>12.3o\n\u2013<\/strong> + Bronis\u0142awa Bednarskiego &#8211; pogrzebowa<\/p>\n\n\n\n<p><strong>14.3o\n\u2013<\/strong> + Ann\u0119 Kopiec &#8211; pogrzebowa<strong><\/strong><\/p>\n\n\n\n<p><strong>18.oo\n\u2013 1) <\/strong>+ Boles\u0142awa Bilewicza \u2013\ngregorianka 12 <\/p>\n\n\n\n<p><strong>&nbsp;&nbsp;&nbsp;&nbsp;&nbsp;&nbsp; 2)<\/strong> + Andrzeja Krystynieckiego\n&#8211; 30 dzie\u0144 od pogrzebu &#8211; intencja od uczestnik\u00f3w Mszy pogrzebowej<\/p>\n\n\n\n<p><strong><em>14.12.\n&#8211; WTOREK<\/em><\/strong><em><\/em><\/p>\n\n\n\n<p><strong>&nbsp; 7.oo \u2013<\/strong> + Zygmunta So\u015bnickiego w 11 rocz. \u015bm \u2013 modli si\u0119 \u017cona z rodzin\u0105<\/p>\n\n\n\n<p><strong>18.oo\n\u2013 <\/strong>&nbsp;<strong>1)<\/strong> + Boles\u0142awa Bilewicza \u2013 gregorianka 13&nbsp;<\/p>\n\n\n\n<p><strong>&nbsp;&nbsp;&nbsp;&nbsp;&nbsp;&nbsp;&nbsp;&nbsp;&nbsp;&nbsp;&nbsp; &nbsp;\n2)<\/strong> + Walentego\nKorzeniowskiego i ++ z jego rodziny<\/p>\n\n\n\n<p><strong><em>15.12.\n\u2013 \u015aRODA <\/em><\/strong><\/p>\n\n\n\n<p><strong>&nbsp; 7.oo \u2013 <\/strong>+ Boles\u0142awa Bilewicza \u2013 gregorianka 14<strong><\/strong><\/p>\n\n\n\n<p><strong>18.oo\n\u2013&nbsp; intencja zbiorowa nowennowa:<\/strong><\/p>\n\n\n\n<p><strong>&nbsp;1)<\/strong> + Dariusza Krawczyka &#8211;\n30 dzie\u0144 od pogrzebu &#8211; intencja od uczestnik\u00f3w Mszy pogrzebowej<\/p>\n\n\n\n<p><strong>&nbsp;2)<\/strong> + J\u00f3zefa Lewosi\u0144skiego\nw 3 rocz. \u015bm. i ++ rodzic\u00f3w z obu stron: Weronik\u0119 i Franciszka oraz <\/p>\n\n\n\n<p>&nbsp;&nbsp;&nbsp;&nbsp;&nbsp; Stanis\u0142awa i Bronis\u0142aw\u0119 \u2013 modli si\u0119\nKrystyna<\/p>\n\n\n\n<p><strong>&nbsp;3)<\/strong> + Zbigniewa Rozkrut\u0119 \u2013 modli si\u0119 rodzina<\/p>\n\n\n\n<p><strong><em>16.12.\n\u2013 CZWARTEK &#8211; REKOLEKCJE<\/em><\/strong><em>\n<\/em><\/p>\n\n\n\n<p><strong>&nbsp; 8.oo \u2013 <\/strong>+ Boles\u0142awa Bilewicza \u2013 gregorianka 15<strong><\/strong><\/p>\n\n\n\n<p><strong>11.oo\n\u2013 <\/strong>&nbsp;<\/p>\n\n\n\n<p><strong>16.oo\n\u2013 <\/strong>+ Stanis\u0142awa Stadnika \u2013 intencja od kole\u017canek i\nkoleg\u00f3w z Pol Mied\u017a Transu <\/p>\n\n\n\n<p><strong>18.oo\n\u2013 1) <\/strong>w intencji Marii, Haliny i\nAnny z racji urodzin dzi\u0119kczynna &nbsp;z pro\u015bb\u0105 o zdrowie, \u0142aski, Bo\u017ce<\/p>\n\n\n\n<p>&nbsp;&nbsp;&nbsp;&nbsp;&nbsp;&nbsp;&nbsp;&nbsp;&nbsp;&nbsp;&nbsp;&nbsp;&nbsp;&nbsp;&nbsp;&nbsp; &nbsp;b\u0142ogos\u0142awie\u0144stwo, opiek\u0119 NMP i \u015bw. Patron\u00f3w na\ndalsze lata \u017cycia<\/p>\n\n\n\n<p><strong>&nbsp;&nbsp;&nbsp;&nbsp;&nbsp;&nbsp;&nbsp;&nbsp;&nbsp;&nbsp;&nbsp; &nbsp;\n2)<\/strong> w intencji &nbsp;Apostolatu Margaretka modl\u0105cy si\u0119 za kap\u0142an\u00f3w w\nnaszej parafii dzi\u0119kczynna &nbsp;<\/p>\n\n\n\n<p>&nbsp;&nbsp;&nbsp;&nbsp;&nbsp;&nbsp;&nbsp;&nbsp;&nbsp;&nbsp;&nbsp;&nbsp;&nbsp;&nbsp;&nbsp;&nbsp;&nbsp; z pro\u015bb\u0105 o zdrowie, \u0142aski,\nBo\u017ce b\u0142ogos\u0142awie\u0144stwo, opiek\u0119 NMP i \u015bw. Patron\u00f3w<\/p>\n\n\n\n<p><strong><em>17.12.\n\u2013 PI\u0104TEK- REKOLEKCJE<\/em><\/strong><\/p>\n\n\n\n<p><strong>&nbsp; 8.oo \u2013 1) <\/strong>+ Boles\u0142awa Bilewicza \u2013 gregorianka 16 <\/p>\n\n\n\n<p><strong>&nbsp;&nbsp;&nbsp;&nbsp;&nbsp;&nbsp;&nbsp;&nbsp;&nbsp;&nbsp;&nbsp; &nbsp;&nbsp;2)<\/strong> + syna Miros\u0142awa w 1 rocz. \u015bm. \u2013 modli si\u0119 mama<\/p>\n\n\n\n<p><strong>11.oo\n\u2013 <\/strong>&nbsp;<\/p>\n\n\n\n<p><strong>16.oo\n\u2013 <\/strong>&nbsp;<\/p>\n\n\n\n<p><strong>18.oo\n\u2013 1) <\/strong>zaj. P. Teresa Genderka\n<\/p>\n\n\n\n<p><strong>&nbsp;&nbsp;&nbsp;&nbsp;&nbsp;&nbsp;&nbsp;&nbsp;&nbsp;&nbsp;&nbsp; &nbsp;\n2)<\/strong> + Alicj\u0119 Chmielowsk\u0105 &#8211; 30 dzie\u0144 od pogrzebu &#8211;\nintencja od uczestnik\u00f3w Mszy pogrzebowej <\/p>\n\n\n\n<p><strong><em>18.12.\n\u2013 SOBOTA- REKOLEKCJE i SPOWIED\u0179<\/em><\/strong><\/p>\n\n\n\n<p><strong>&nbsp; 9.oo \u2013 <\/strong>+ Boles\u0142awa Bilewicza \u2013 gregorianka 17<strong><\/strong><\/p>\n\n\n\n<p><strong>11.oo\n\u2013 <\/strong>&nbsp;<\/p>\n\n\n\n<p><strong>16.oo\n\u2013 <\/strong>&nbsp;++ rodzic\u00f3w: Katarzyn\u0119 i Karola Podulk\u00f3w,\nPetronel\u0119 i Leona Kasprzak\u00f3w oraz wszystkich <\/p>\n\n\n\n<p>&nbsp;&nbsp;&nbsp;&nbsp;&nbsp;&nbsp;&nbsp;&nbsp;&nbsp;&nbsp;&nbsp;&nbsp;&nbsp; ++ z rodziny i dusze w czy\u015b\u0107cu\ncierpi\u0105ce \u2013 modl\u0105 si\u0119 Helena i Stanis\u0142aw z rodzin\u0105<\/p>\n\n\n\n<p><strong>18.oo\n\u2013 <\/strong>&nbsp;<strong>1) <\/strong>+ m\u0119\u017ca J\u00f3zefa Trybusiewicza \u2013 modli si\u0119 \u017cona\nz rodzin\u0105 <\/p>\n\n\n\n<p><strong>&nbsp;&nbsp;&nbsp;&nbsp;&nbsp;&nbsp;&nbsp;&nbsp;&nbsp;&nbsp;&nbsp; &nbsp;\n2)<\/strong> &nbsp;<\/p>\n\n\n\n<p><strong><em>19.12.\n\u2013 NIEDZIELA&nbsp; <\/em><\/strong><\/p>\n\n\n\n<p><strong>&nbsp; 8.oo \u2013 1) <\/strong>&nbsp;+\nBoles\u0142awa Bilewicza \u2013 gregorianka 18<\/p>\n\n\n\n<p><strong>&nbsp;&nbsp;&nbsp;&nbsp;&nbsp;&nbsp;&nbsp;&nbsp;&nbsp;&nbsp;&nbsp; &nbsp;\n2)<\/strong> ++ rodzic\u00f3w z obu stron: Juli\u0119 i Eugeniusza,\nFranciszk\u0119 i Adolfa oraz Barbar\u0119, Stanis\u0142aw\u0119<\/p>\n\n\n\n<p>&nbsp;&nbsp;&nbsp;&nbsp;&nbsp;&nbsp;&nbsp;&nbsp;&nbsp;&nbsp;&nbsp;&nbsp;&nbsp;&nbsp;&nbsp;&nbsp; &nbsp;i Henryka z rodziny Chomicz\u00f3w i Lintner\u00f3w \u2013\nmodli si\u0119 rodzina<\/p>\n\n\n\n<p>&nbsp;&nbsp;&nbsp;&nbsp;&nbsp;&nbsp;&nbsp;&nbsp;&nbsp;&nbsp;&nbsp; <strong>&nbsp; 3)<\/strong> +\ntragicznie Ew\u0119 w 35 rocz. \u015bm. \u2013 modli si\u0119 mama i brat<\/p>\n\n\n\n<p><strong>&nbsp; 9.3o \u2013 1) <\/strong>++ J\u00f3zef\u0119 Dro\u0144 w 19 rocz. \u015bm. i W\u0142adys\u0142aw\u0119 Laszczy\u0144sk\u0105 w 6 rocz. \u015bm. \u2013\nmodli si\u0119 J\u00f3zefa <\/p>\n\n\n\n<p>&nbsp;&nbsp;&nbsp;&nbsp;&nbsp;&nbsp;&nbsp;&nbsp;&nbsp;&nbsp;&nbsp;&nbsp;&nbsp;&nbsp;&nbsp;&nbsp; z m\u0119\u017cem<\/p>\n\n\n\n<p><strong>&nbsp;&nbsp;&nbsp;&nbsp;&nbsp;&nbsp;&nbsp;&nbsp;&nbsp;&nbsp;&nbsp; &nbsp;\n2)<\/strong> w 1 rocz. urodzin Antoninki, w 4 rocz. urodzin\nAnastazji i w 42 rocz. urodzin Anny oraz <\/p>\n\n\n\n<p>&nbsp;&nbsp;&nbsp;&nbsp;&nbsp;&nbsp;&nbsp;&nbsp;&nbsp;&nbsp;&nbsp;&nbsp;&nbsp;&nbsp;&nbsp;&nbsp;&nbsp; w intencji ca\u0142ej rodziny dzi\u0119kczynna\n&nbsp;z pro\u015bb\u0105 o zdrowie, \u0142aski, Bo\u017ce b\u0142ogos\u0142awie\u0144stwo,\n<\/p>\n\n\n\n<p>&nbsp;&nbsp;&nbsp;&nbsp;&nbsp;&nbsp;&nbsp;&nbsp;&nbsp;&nbsp;&nbsp;&nbsp;&nbsp;&nbsp;&nbsp;&nbsp;&nbsp;&nbsp; opiek\u0119 NMP i \u015bw. Patron\u00f3w <\/p>\n\n\n\n<p><strong>11.oo\n\u2013 1) <\/strong>++ rodzic\u00f3w: Mari\u0119\nBilewicz w 6 rocz. \u015bm. i Leona Bilewicza w 20 rocz. \u015bm. <\/p>\n\n\n\n<p>&nbsp;&nbsp;&nbsp;&nbsp;&nbsp;&nbsp;&nbsp;&nbsp;&nbsp;&nbsp;&nbsp;&nbsp;&nbsp;&nbsp;&nbsp;&nbsp;&nbsp;&nbsp; oraz ++ dziadk\u00f3w\nz obu stron \u2013 modli si\u0119 rodzina <\/p>\n\n\n\n<p><strong>&nbsp;&nbsp;&nbsp;&nbsp;&nbsp;&nbsp;&nbsp;&nbsp;&nbsp;&nbsp;&nbsp;&nbsp; 2) <\/strong>+ tat\u0119 Henryka \u2013 modli si\u0119 c\u00f3rka Lucyna z rodzin\u0105<\/p>\n\n\n\n<p>&nbsp;&nbsp;&nbsp;&nbsp; <strong>3)\n<\/strong>++ Jana w 2 rocz. \u015bm. i W\u0142adys\u0142aw\u0119 Skuriat\u00f3w oraz ++\nz rodziny \u2013 modl\u0105 si\u0119 synowie z rodzinami<strong>\n<\/strong><\/p>\n\n\n\n<p><strong>12.3o\n-1) <\/strong>++ Janin\u0119 w 7 rocz. \u015bm., Zbigniewa i El\u017cbiet\u0119 z\nrodziny D\u0105browskich \u2013 modli si\u0119 syn z rodzin\u0105<\/p>\n\n\n\n<p><strong>&nbsp;&nbsp;&nbsp;&nbsp;&nbsp;&nbsp;&nbsp;&nbsp;&nbsp;&nbsp;&nbsp; &nbsp;2)<\/strong> + Ludwik\u0119 Szmigielsk\u0105 \u2013\nmodli si\u0119 rodzina<\/p>\n\n\n\n<p>&nbsp;&nbsp;&nbsp;&nbsp;&nbsp;&nbsp;&nbsp;&nbsp;&nbsp;&nbsp;&nbsp; &nbsp;<strong>3)<\/strong> w\nintencji ks. Pra\u0142ata Adama &nbsp;z racji\nimienin dzi\u0119kczynna &nbsp;z pro\u015bb\u0105 o zdrowie,\n\u0142aski, Bo\u017ce <\/p>\n\n\n\n<p>&nbsp;&nbsp;&nbsp;&nbsp;&nbsp;&nbsp;&nbsp;&nbsp;&nbsp;&nbsp;&nbsp;&nbsp;&nbsp;&nbsp;&nbsp;&nbsp; b\u0142ogos\u0142awie\u0144stwo, opiek\u0119 NMP i\n\u015bw. Patron\u00f3w \u2013 modli si\u0119 Apostolat Margaretka<\/p>\n\n\n\n<p><strong>18.oo\n\u2013 &nbsp;<\/strong>+ Teres\u0119 Marynowicz w 7 rocz. \u015bm. \u2013 modli si\u0119 rodzina\n<\/p>\n","protected":false},"excerpt":{"rendered":"<p>Sk\u0142adaj\u0105c Ofiar\u0119, kt\u00f3ra nam przypomina niezmierzon\u0105 mi\u0142o\u015b\u0107 Twojego Syna, pokornie prosimy Ci\u0119, Bo\u017ce, przyjmij intencje Twoich wiernych i spraw przez dzia\u0142anie Eucharystii, aby w naszych rodzinach wzrasta\u0142a prawdziwa wiara, \u015bwi\u0119to\u015b\u0107 \u017cycia, braterska mi\u0142o\u015b\u0107 i duch modlitwy. Niech Matka Naj\u015bwi\u0119tsza wyprosi \u0142aski, o kt\u00f3re modlili\u015bmy si\u0119 w tej Mszy \u015bw. dla&#8230; <a class=\"continue-reading-link\" href=\"http:\/\/parafia.scinawa.info\/index.php\/2021\/12\/11\/intencje-mszalne-12-12-19-12-2021\/\">Czytaj dalej <span class=\"meta-nav\">&rarr; <\/span><\/a><\/p>\n","protected":false},"author":2,"featured_media":0,"comment_status":"closed","ping_status":"closed","sticky":false,"template":"","format":"standard","meta":{"footnotes":""},"categories":[1],"tags":[],"class_list":["post-1877","post","type-post","status-publish","format-standard","hentry","category-bez-kategorii"],"_links":{"self":[{"href":"http:\/\/parafia.scinawa.info\/index.php\/wp-json\/wp\/v2\/posts\/1877","targetHints":{"allow":["GET"]}}],"collection":[{"href":"http:\/\/parafia.scinawa.info\/index.php\/wp-json\/wp\/v2\/posts"}],"about":[{"href":"http:\/\/parafia.scinawa.info\/index.php\/wp-json\/wp\/v2\/types\/post"}],"author":[{"embeddable":true,"href":"http:\/\/parafia.scinawa.info\/index.php\/wp-json\/wp\/v2\/users\/2"}],"replies":[{"embeddable":true,"href":"http:\/\/parafia.scinawa.info\/index.php\/wp-json\/wp\/v2\/comments?post=1877"}],"version-history":[{"count":1,"href":"http:\/\/parafia.scinawa.info\/index.php\/wp-json\/wp\/v2\/posts\/1877\/revisions"}],"predecessor-version":[{"id":1878,"href":"http:\/\/parafia.scinawa.info\/index.php\/wp-json\/wp\/v2\/posts\/1877\/revisions\/1878"}],"wp:attachment":[{"href":"http:\/\/parafia.scinawa.info\/index.php\/wp-json\/wp\/v2\/media?parent=1877"}],"wp:term":[{"taxonomy":"category","embeddable":true,"href":"http:\/\/parafia.scinawa.info\/index.php\/wp-json\/wp\/v2\/categories?post=1877"},{"taxonomy":"post_tag","embeddable":true,"href":"http:\/\/parafia.scinawa.info\/index.php\/wp-json\/wp\/v2\/tags?post=1877"}],"curies":[{"name":"wp","href":"https:\/\/api.w.org\/{rel}","templated":true}]}}