{"id":1890,"date":"2021-12-15T22:15:01","date_gmt":"2021-12-15T21:15:01","guid":{"rendered":"http:\/\/parafia.scinawa.info\/?p=1890"},"modified":"2021-12-15T22:15:01","modified_gmt":"2021-12-15T21:15:01","slug":"intencje-mszalne-16-12-18-12-2021-rekolekcje","status":"publish","type":"post","link":"http:\/\/parafia.scinawa.info\/index.php\/2021\/12\/15\/intencje-mszalne-16-12-18-12-2021-rekolekcje\/","title":{"rendered":"INTENCJE MSZALNE 16.12. \u2013 18.12. 2021 &#8211; REKOLEKCJE"},"content":{"rendered":"\n<p><strong><em>Sk\u0142adaj\u0105c\nOfiar\u0119, kt\u00f3ra nam przypomina niezmierzon\u0105 mi\u0142o\u015b\u0107 Twojego Syna, pokornie prosimy\nCi\u0119, Bo\u017ce, przyjmij intencje Twoich wiernych i spraw przez dzia\u0142anie\nEucharystii, aby w naszych rodzinach wzrasta\u0142a prawdziwa wiara, \u015bwi\u0119to\u015b\u0107 \u017cycia,\nbraterska mi\u0142o\u015b\u0107 i duch modlitwy. <\/em><\/strong><strong>Niech\nMatka Naj\u015bwi\u0119tsza wyprosi \u0142aski, o kt\u00f3re modlili\u015bmy si\u0119 w tej Mszy \u015bw. dla \u2026\nZa\u015b zmar\u0142ym \u2026 za kt\u00f3rych odprawiali\u015bmy Msz\u0119 \u015bw.: wieczny odpoczynek racz im\nda\u0107 Panie (\u2026); niech odpoczywaj\u0105 w pokoju wiecznym. Amen<\/strong><\/p>\n\n\n\n<p><strong><em>16.12.\n\u2013 CZWARTEK &#8211; REKOLEKCJE<\/em><\/strong><em>\n<\/em><\/p>\n\n\n\n<p><strong>&nbsp; 8.oo \u2013 <\/strong>+ Boles\u0142awa Bilewicza \u2013 gregorianka 15<strong><\/strong><\/p>\n\n\n\n<p><strong>11.oo\n\u2013 <\/strong>&nbsp;+ J\u00f3zefa Grzywniaka i ++ z rodziny \u2013 modli si\u0119\nKatarzyna z rodzin\u0105<\/p>\n\n\n\n<p><strong>16.oo\n\u2013 <\/strong>+ Stanis\u0142awa Stadnika \u2013 intencja od kole\u017canek i\nkoleg\u00f3w z Pol Mied\u017a Transu <\/p>\n\n\n\n<p><strong>18.oo\n\u2013 1) <\/strong>w intencji Marii, Haliny i\nAnny z racji urodzin dzi\u0119kczynna &nbsp;z pro\u015bb\u0105 o zdrowie, \u0142aski, Bo\u017ce<\/p>\n\n\n\n<p>&nbsp;&nbsp;&nbsp;&nbsp;&nbsp;&nbsp;&nbsp;&nbsp;&nbsp;&nbsp;&nbsp;&nbsp;&nbsp;&nbsp;&nbsp;&nbsp; &nbsp;b\u0142ogos\u0142awie\u0144stwo, opiek\u0119 NMP i \u015bw. Patron\u00f3w na\ndalsze lata \u017cycia<\/p>\n\n\n\n<p><strong>&nbsp;&nbsp;&nbsp;&nbsp;&nbsp;&nbsp;&nbsp;&nbsp;&nbsp;&nbsp;&nbsp; &nbsp;\n2)<\/strong> w intencji &nbsp;Apostolatu Margaretka modl\u0105cy si\u0119 za kap\u0142an\u00f3w w\nnaszej parafii dzi\u0119kczynna &nbsp;<\/p>\n\n\n\n<p>&nbsp;&nbsp;&nbsp;&nbsp;&nbsp;&nbsp;&nbsp;&nbsp;&nbsp;&nbsp;&nbsp;&nbsp;&nbsp;&nbsp;&nbsp;&nbsp;&nbsp; z pro\u015bb\u0105 o zdrowie, \u0142aski,\nBo\u017ce b\u0142ogos\u0142awie\u0144stwo, opiek\u0119 NMP i \u015bw. Patron\u00f3w<\/p>\n\n\n\n<p><strong><em>17.12.\n\u2013 PI\u0104TEK &#8211; REKOLEKCJE<\/em><\/strong><\/p>\n\n\n\n<p><strong>&nbsp; 8.oo \u2013 1) <\/strong>+ Boles\u0142awa Bilewicza \u2013 gregorianka 16 <\/p>\n\n\n\n<p><strong>&nbsp;&nbsp;&nbsp;&nbsp;&nbsp;&nbsp;&nbsp;&nbsp;&nbsp;&nbsp;&nbsp; &nbsp;&nbsp;2)<\/strong> + syna Miros\u0142awa w 1 rocz. \u015bm. \u2013 modli si\u0119 mama<\/p>\n\n\n\n<p><strong>11.oo\n\u2013 <\/strong>&nbsp;++ rodzic\u00f3w: \u0141ucj\u0119 i W\u0142adys\u0142awa oraz ++\nrodze\u0144stwo: Danut\u0119, Paw\u0142a, Zbigniewa i W\u0142adys\u0142awa <\/p>\n\n\n\n<p>&nbsp;&nbsp;&nbsp;&nbsp;&nbsp;&nbsp;&nbsp;&nbsp;&nbsp;&nbsp;&nbsp;&nbsp;&nbsp;&nbsp;&nbsp; \u2013 modli si\u0119 c\u00f3rka i siostra<\/p>\n\n\n\n<p><strong>16.oo\n\u2013 <\/strong>&nbsp;<\/p>\n\n\n\n<p><strong>18.oo\n\u2013 1) <\/strong>zaj. P. Teresa Genderka\n<\/p>\n\n\n\n<p><strong>&nbsp;&nbsp;&nbsp;&nbsp;&nbsp;&nbsp;&nbsp;&nbsp;&nbsp;&nbsp;&nbsp; &nbsp;\n2)<\/strong> + Alicj\u0119 Chmielowsk\u0105 &#8211; 30 dzie\u0144 od pogrzebu &#8211;\nintencja od uczestnik\u00f3w Mszy pogrzebowej <\/p>\n\n\n\n<p><strong><em>18.12.\n\u2013 SOBOTA &#8211; REKOLEKCJE i SPOWIED\u0179<\/em><\/strong><\/p>\n\n\n\n<p><strong>&nbsp; 9.oo \u2013 <\/strong>+ Boles\u0142awa Bilewicza \u2013 gregorianka 17<strong><\/strong><\/p>\n\n\n\n<p><strong>11.oo\n\u2013 <\/strong>&nbsp;<\/p>\n\n\n\n<p><strong>12.oo\n\u2013<\/strong> + Miros\u0142awa Wowka &#8211; pogrzebowa<\/p>\n\n\n\n<p><strong>14.oo\n\u2013 <\/strong>+ Stanis\u0142awa Sosnowskiego &#8211; pogrzebowa<strong><\/strong><\/p>\n\n\n\n<p><strong>16.oo\n\u2013 <\/strong>&nbsp;++ rodzic\u00f3w: Katarzyn\u0119 i Karola Podulk\u00f3w,\nPetronel\u0119 i Leona Kasprzak\u00f3w oraz wszystkich <\/p>\n\n\n\n<p>&nbsp;&nbsp;&nbsp;&nbsp;&nbsp;&nbsp;&nbsp;&nbsp;&nbsp;&nbsp;&nbsp;&nbsp;&nbsp; ++ z rodziny i dusze w czy\u015b\u0107cu\ncierpi\u0105ce \u2013 modl\u0105 si\u0119 Helena i Stanis\u0142aw z rodzin\u0105<\/p>\n\n\n\n<p><strong>18.oo\n\u2013 <\/strong>&nbsp;<strong>1) <\/strong>+ m\u0119\u017ca J\u00f3zefa Trybusiewicza \u2013 modli si\u0119 \u017cona\nz rodzin\u0105 <\/p>\n\n\n\n<p><strong>&nbsp;&nbsp;&nbsp;&nbsp;&nbsp;&nbsp;&nbsp;&nbsp;&nbsp;&nbsp;&nbsp; &nbsp;&nbsp;&nbsp;2)<\/strong> ++ z rodziny Czech\u00f3w:\nKatarzyn\u0119 i Jakuba, Kazimierza i J\u00f3zef\u0119, Franciszka i Franciszk\u0119, <\/p>\n\n\n\n<p>&nbsp;&nbsp;&nbsp;&nbsp;&nbsp;&nbsp;&nbsp;&nbsp;&nbsp;&nbsp;&nbsp;&nbsp;&nbsp;&nbsp;&nbsp;&nbsp; J\u00f3zefa i Mari\u0119, Stanis\u0142awa i\nJanin\u0119, syna Janusza, W\u0142adys\u0142awa i Stell\u0119, Stefani\u0119 Mazur <\/p>\n\n\n\n<p>&nbsp;&nbsp;&nbsp;&nbsp;&nbsp;&nbsp;&nbsp;&nbsp;&nbsp;&nbsp;&nbsp;&nbsp;&nbsp;&nbsp;&nbsp;&nbsp; oraz Franciszka i J\u00f3zefa Budzi\u0144skich\n&nbsp;<\/p>\n","protected":false},"excerpt":{"rendered":"<p>Sk\u0142adaj\u0105c Ofiar\u0119, kt\u00f3ra nam przypomina niezmierzon\u0105 mi\u0142o\u015b\u0107 Twojego Syna, pokornie prosimy Ci\u0119, Bo\u017ce, przyjmij intencje Twoich wiernych i spraw przez dzia\u0142anie Eucharystii, aby w naszych rodzinach wzrasta\u0142a prawdziwa wiara, \u015bwi\u0119to\u015b\u0107 \u017cycia, braterska mi\u0142o\u015b\u0107 i duch modlitwy. Niech Matka Naj\u015bwi\u0119tsza wyprosi \u0142aski, o kt\u00f3re modlili\u015bmy si\u0119 w tej Mszy \u015bw. dla&#8230; <a class=\"continue-reading-link\" href=\"http:\/\/parafia.scinawa.info\/index.php\/2021\/12\/15\/intencje-mszalne-16-12-18-12-2021-rekolekcje\/\">Czytaj dalej <span class=\"meta-nav\">&rarr; <\/span><\/a><\/p>\n","protected":false},"author":2,"featured_media":0,"comment_status":"closed","ping_status":"closed","sticky":false,"template":"","format":"standard","meta":{"footnotes":""},"categories":[39],"tags":[],"class_list":["post-1890","post","type-post","status-publish","format-standard","hentry","category-intencje"],"_links":{"self":[{"href":"http:\/\/parafia.scinawa.info\/index.php\/wp-json\/wp\/v2\/posts\/1890","targetHints":{"allow":["GET"]}}],"collection":[{"href":"http:\/\/parafia.scinawa.info\/index.php\/wp-json\/wp\/v2\/posts"}],"about":[{"href":"http:\/\/parafia.scinawa.info\/index.php\/wp-json\/wp\/v2\/types\/post"}],"author":[{"embeddable":true,"href":"http:\/\/parafia.scinawa.info\/index.php\/wp-json\/wp\/v2\/users\/2"}],"replies":[{"embeddable":true,"href":"http:\/\/parafia.scinawa.info\/index.php\/wp-json\/wp\/v2\/comments?post=1890"}],"version-history":[{"count":1,"href":"http:\/\/parafia.scinawa.info\/index.php\/wp-json\/wp\/v2\/posts\/1890\/revisions"}],"predecessor-version":[{"id":1891,"href":"http:\/\/parafia.scinawa.info\/index.php\/wp-json\/wp\/v2\/posts\/1890\/revisions\/1891"}],"wp:attachment":[{"href":"http:\/\/parafia.scinawa.info\/index.php\/wp-json\/wp\/v2\/media?parent=1890"}],"wp:term":[{"taxonomy":"category","embeddable":true,"href":"http:\/\/parafia.scinawa.info\/index.php\/wp-json\/wp\/v2\/categories?post=1890"},{"taxonomy":"post_tag","embeddable":true,"href":"http:\/\/parafia.scinawa.info\/index.php\/wp-json\/wp\/v2\/tags?post=1890"}],"curies":[{"name":"wp","href":"https:\/\/api.w.org\/{rel}","templated":true}]}}