{"id":1901,"date":"2021-12-18T21:49:38","date_gmt":"2021-12-18T20:49:38","guid":{"rendered":"http:\/\/parafia.scinawa.info\/?p=1901"},"modified":"2021-12-18T21:49:38","modified_gmt":"2021-12-18T20:49:38","slug":"ogloszenia-duszpasterskie-4-niedziela-adwentu-19-12-2021","status":"publish","type":"post","link":"http:\/\/parafia.scinawa.info\/index.php\/2021\/12\/18\/ogloszenia-duszpasterskie-4-niedziela-adwentu-19-12-2021\/","title":{"rendered":"Og\u0142oszenia duszpasterskie     4 Niedziela Adwentu \u2013 19. 12. 2021"},"content":{"rendered":"\n<p><strong>1<\/strong><strong>.<\/strong> Dzi\u015b prze\u017cywamy\n<strong><em>4 Niedziel\u0119\nAdwentu<\/em><\/strong>. Msze\n\u015bw. wed\u0142ug porz\u0105dku niedzielnego.&nbsp; <\/p>\n\n\n\n<p><strong>2<\/strong><strong>. <\/strong>Codziennie\nspowied\u017a i adoracja Naj\u015bwi\u0119tszego Sakramentu o godz. <strong>17<sup>00<\/sup>.<\/strong><\/p>\n\n\n\n<p><strong>3<\/strong>.\nOd poniedzia\u0142ku do czwartku Msze o <strong>7<sup>00<\/sup><\/strong> i <strong>18<sup>00<\/sup><\/strong>\noraz &nbsp;w czwartek zako\u0144czenie rorat o\ngodz. <strong>18<sup>00<\/sup>.<\/strong><\/p>\n\n\n\n<p><strong>4. <\/strong><strong>W tym tygodniu nabo\u017ce\u0144stwa:\n<\/strong><\/p>\n\n\n\n<p><strong>&#8211; w poniedzia\u0142ek\n&nbsp;&nbsp;&nbsp;&nbsp; &#8211;\n<\/strong>nabo\u017ce\u0144stwo<strong> <em>do Bo\u017cego\nMi\u0142osierdzia<\/em> <\/strong>o godz. <strong>17<sup>30<\/sup><\/strong><\/p>\n\n\n\n<p><strong>&#8211;<\/strong>\n<strong>w \u015brod\u0119<\/strong> &nbsp;&nbsp;&nbsp;&nbsp;&nbsp; &nbsp;&nbsp;&nbsp;&nbsp;&nbsp;&nbsp;&nbsp;&nbsp;&nbsp;&nbsp;&nbsp; &#8211; nabo\u017ce\u0144stwo do <strong>\u015bw. Rity<\/strong> o godz. <strong>17<sup>30<\/sup><\/strong><\/p>\n\n\n\n<p><strong>&#8211;\n<\/strong>Nowenna do <strong><em>NMP Nieustaj\u0105cej Pomocy<\/em><\/strong> o godz.\n<strong>17<sup>30<\/sup><\/strong><\/p>\n\n\n\n<p><strong>&#8211; w czwartek<\/strong><strong> &nbsp;&nbsp;&nbsp;&nbsp;&nbsp;&nbsp;&nbsp;&nbsp;&nbsp;&nbsp;&nbsp; &#8211; <\/strong>nabo\u017ce\u0144stwodo <strong>\u015bw. Ojca Pio<em> o godz. <\/em><\/strong><strong>17<sup>30<\/sup><\/strong><\/p>\n\n\n\n<p><strong>5. <\/strong><strong>Odwiedziny chorych\nprzed \u015bwi\u0119tami w \u015brod\u0119 od godz. 8.30. <\/strong>Odwiedzimy\nchorych do kt\u00f3rych chodzimy w I pi\u0105tki&nbsp; i\ntych, kt\u00f3rzy b\u0119d\u0105 zg\u0142oszeni do wtorku w\u0142\u0105cznie.<\/p>\n\n\n\n<p><strong>6.<\/strong><strong><em>\nW pi\u0105tek Msza rano o <\/em><\/strong><strong>7<sup>00<\/sup><\/strong><strong><em>\n, a wieczorem zasiadamy do wieczerzy wigilijnej, a po niej Msze Pasterki w\nnaszej Parafii wed\u0142ug nast\u0119puj\u0105cego planu<\/em><\/strong>:\n<strong>20<sup>30<\/sup><\/strong><strong>, &nbsp;22<sup>00<\/sup>\ni 24<sup>00<\/sup> w \u015acinawie, a\nw R\u0119szowie o 20<sup>30<\/sup>. &nbsp;<\/strong>Ofiary z tacy z pasterek przeznaczone s\u0105\nna \u201eFundusz Ochrony \u017bycia\u201d.<\/p>\n\n\n\n<p><strong>7<\/strong><strong>.<\/strong> <strong><em>W sobot\u0119,\nczyli w Bo\u017ce Narodzenie<\/em><\/strong>&nbsp; porz\u0105dek\nMszy \u015bw. jest nast\u0119puj\u0105cy: <strong>9<sup>30<\/sup><\/strong>,\n<strong>11<sup>00<\/sup><\/strong>; <strong>12<sup>30 <\/sup><\/strong>i <strong>18<sup>00<\/sup><\/strong> w\n\u015acinawie,<strong> w R\u0119szowie o 9<sup>30<\/sup>.<\/strong><\/p>\n\n\n\n<p><strong>8<\/strong><strong>.<\/strong>\n<strong><em>W niedzil\u0119, drugi dzie\u0144 \u015awi\u0105t, \u015bw. \u015awi\u0119tej Rodziny,<\/em><\/strong> porz\u0105dek\nMszy \u015bw. niedzielny: <strong>8<sup>00;\n<\/sup>9<sup>30<\/sup>, 11<sup>00<\/sup><\/strong>; <strong>12<sup>30 <\/sup><\/strong>i\n<strong>18<sup>00<\/sup><\/strong> w \u015acinawie, <strong>9<sup>30<\/sup><\/strong> \u2013 w R\u0119szowie. W tym\ndniu chcemy pami\u0119ta\u0107 w modlitwach o wszystkich rodzinach naszej parafii. W\ndrugi dzie\u0144 \u015bwiat ofiary tradycyjnie zbierane s\u0105 na Uczelnie katolickie.\nPo\u015bwi\u0119cenie owsa. <\/p>\n\n\n\n<p><strong>9<\/strong><strong>.<\/strong>\nKancelaria czynna codziennie po Mszy \u015bw. wieczornej z wyj\u0105tkiem niedziel,\nuroczysto\u015bci i \u015bwi\u0105t.<\/p>\n\n\n\n<p><strong>10<\/strong><strong>.<\/strong>\nDo nabycia jest prasa katolicka: Niedziela, Go\u015b\u0107 Niedzielny i R\u00f3\u017caniec. <\/p>\n\n\n\n<p><strong>11<\/strong><strong>.<\/strong>\nDzi\u0119kuj\u0119 wszystkim, kt\u00f3rzy w tym tygodniu sprz\u0105tali \u015bwi\u0105tyni\u0119 i przygotowali j\u0105\nna nasze spotkanie eucharystyczne.<\/p>\n\n\n\n<p><strong>12<\/strong><strong>.<\/strong>\nSerdeczne B\u00f3g zap\u0142a\u0107 za ofiary sk\u0142adane na remonty w naszej parafii. <\/p>\n\n\n\n<p><strong>13<\/strong><strong>.<\/strong>\nIntencje mszalne, obrazki \u2013 pami\u0105tki odprawionej Mszy \u015bw.<\/p>\n\n\n\n<p><strong>14<\/strong><strong>.<\/strong>\n\u015awiece wigilijne jako \u201eWigilijne Dzie\u0142o Pomocy Dzieciom\u201d. <strong>Ma\u0142a \u015bwieca 7 z\u0142, a du\u017ca 16 z\u0142<\/strong>, &nbsp;tak\u017ce kartki \u015bwi\u0105teczne, kalendarze parafialne,\npo\u015bwi\u0119cone op\u0142atki.<\/p>\n\n\n\n<p><strong><em>\u017byczymy\nmi\u0142ego tygodnia i obfitych \u0142ask Bo\u017cych.<\/em><\/strong><strong><\/strong><\/p>\n","protected":false},"excerpt":{"rendered":"<p>1. Dzi\u015b prze\u017cywamy 4 Niedziel\u0119 Adwentu. Msze \u015bw. wed\u0142ug porz\u0105dku niedzielnego.&nbsp; 2. Codziennie spowied\u017a i adoracja Naj\u015bwi\u0119tszego Sakramentu o godz. 1700. 3. Od poniedzia\u0142ku do czwartku Msze o 700 i 1800 oraz &nbsp;w czwartek zako\u0144czenie rorat o godz. 1800. 4. W tym tygodniu nabo\u017ce\u0144stwa: &#8211; w poniedzia\u0142ek &nbsp;&nbsp;&nbsp;&nbsp; &#8211; nabo\u017ce\u0144stwo&#8230; <a class=\"continue-reading-link\" href=\"http:\/\/parafia.scinawa.info\/index.php\/2021\/12\/18\/ogloszenia-duszpasterskie-4-niedziela-adwentu-19-12-2021\/\">Czytaj dalej <span class=\"meta-nav\">&rarr; <\/span><\/a><\/p>\n","protected":false},"author":2,"featured_media":0,"comment_status":"closed","ping_status":"closed","sticky":false,"template":"","format":"standard","meta":{"footnotes":""},"categories":[1],"tags":[],"class_list":["post-1901","post","type-post","status-publish","format-standard","hentry","category-bez-kategorii"],"_links":{"self":[{"href":"http:\/\/parafia.scinawa.info\/index.php\/wp-json\/wp\/v2\/posts\/1901","targetHints":{"allow":["GET"]}}],"collection":[{"href":"http:\/\/parafia.scinawa.info\/index.php\/wp-json\/wp\/v2\/posts"}],"about":[{"href":"http:\/\/parafia.scinawa.info\/index.php\/wp-json\/wp\/v2\/types\/post"}],"author":[{"embeddable":true,"href":"http:\/\/parafia.scinawa.info\/index.php\/wp-json\/wp\/v2\/users\/2"}],"replies":[{"embeddable":true,"href":"http:\/\/parafia.scinawa.info\/index.php\/wp-json\/wp\/v2\/comments?post=1901"}],"version-history":[{"count":1,"href":"http:\/\/parafia.scinawa.info\/index.php\/wp-json\/wp\/v2\/posts\/1901\/revisions"}],"predecessor-version":[{"id":1902,"href":"http:\/\/parafia.scinawa.info\/index.php\/wp-json\/wp\/v2\/posts\/1901\/revisions\/1902"}],"wp:attachment":[{"href":"http:\/\/parafia.scinawa.info\/index.php\/wp-json\/wp\/v2\/media?parent=1901"}],"wp:term":[{"taxonomy":"category","embeddable":true,"href":"http:\/\/parafia.scinawa.info\/index.php\/wp-json\/wp\/v2\/categories?post=1901"},{"taxonomy":"post_tag","embeddable":true,"href":"http:\/\/parafia.scinawa.info\/index.php\/wp-json\/wp\/v2\/tags?post=1901"}],"curies":[{"name":"wp","href":"https:\/\/api.w.org\/{rel}","templated":true}]}}