{"id":1904,"date":"2021-12-24T09:57:21","date_gmt":"2021-12-24T08:57:21","guid":{"rendered":"http:\/\/parafia.scinawa.info\/?p=1904"},"modified":"2021-12-24T09:57:21","modified_gmt":"2021-12-24T08:57:21","slug":"intencje-mszalne-24-12-26-12-2021","status":"publish","type":"post","link":"http:\/\/parafia.scinawa.info\/index.php\/2021\/12\/24\/intencje-mszalne-24-12-26-12-2021\/","title":{"rendered":"INTENCJE MSZALNE 24.12. \u2013 26.12. 2021"},"content":{"rendered":"\n<p><strong><em>Sk\u0142adaj\u0105c\nOfiar\u0119, kt\u00f3ra nam przypomina niezmierzon\u0105 mi\u0142o\u015b\u0107 Twojego Syna, pokornie prosimy\nCi\u0119, Bo\u017ce, przyjmij intencje Twoich wiernych i spraw przez dzia\u0142anie\nEucharystii, aby w naszych rodzinach wzrasta\u0142a prawdziwa wiara, \u015bwi\u0119to\u015b\u0107 \u017cycia,\nbraterska mi\u0142o\u015b\u0107 i duch modlitwy. <\/em><\/strong><strong>Niech\nMatka Naj\u015bwi\u0119tsza wyprosi \u0142aski, o kt\u00f3re modlili\u015bmy si\u0119 w tej Mszy \u015bw. dla \u2026\nZa\u015b zmar\u0142ym \u2026 za kt\u00f3rych odprawiali\u015bmy Msz\u0119 \u015bw.: wieczny odpoczynek racz im\nda\u0107 Panie (\u2026); niech odpoczywaj\u0105 w pokoju wiecznym. Amen<\/strong><\/p>\n\n\n\n<p><strong><em>24.12. \u2013 PI\u0104TEK<\/em><\/strong><\/p>\n\n\n\n<p><strong>&nbsp; &nbsp;&nbsp;&nbsp;&nbsp;7.oo \u2013 1)<\/strong> + Boles\u0142awa Bilewicza \u2013 gregorianka 23<strong>\n<\/strong>&nbsp;<\/p>\n\n\n\n<p><strong>&nbsp;&nbsp;&nbsp;&nbsp;&nbsp; 2)<\/strong> + syna Jana w 5 rocz.\n\u015bm., Czes\u0142awa i Stanis\u0142awa Mariasik\u00f3w, Jadwig\u0119 i Bogus\u0142awa Sakowskich <\/p>\n\n\n\n<p>&nbsp;&nbsp;&nbsp;&nbsp;&nbsp;&nbsp;&nbsp;&nbsp;&nbsp;&nbsp; oraz\n++ z rodziny Wo\u0142owc\u00f3w, Pi\u0105tk\u00f3w, Mariasik\u00f3w, Lauk\u00f3w, R\u0105czk\u00f3w, \u017bwirk\u00f3w,\nSakowskich <\/p>\n\n\n\n<p>&nbsp;&nbsp;&nbsp;&nbsp;&nbsp;&nbsp;&nbsp;&nbsp;&nbsp; &nbsp;&nbsp;i dusze w czy\u015b\u0107cu cierpi\u0105ce \u2013 modli si\u0119\nrodzina <\/p>\n\n\n\n<p><strong>20.3o\n\u2013 <\/strong>++ m\u0119\u017ca Jana, rodzic\u00f3w: Lucjana i Genowef\u0119\nZiernickich oraz ++ rodze\u0144stwo<strong>\n<\/strong>&nbsp;&nbsp;<\/p>\n\n\n\n<p><strong>22.oo\n\u2013 1) <\/strong>w 18 rocz. urodzin Dawida\nKr\u0119\u017cela\ndzi\u0119kczynna za otrzymane \u0142aski &nbsp;z pro\u015bb\u0105\no zdrowie, <\/p>\n\n\n\n<p>&nbsp;&nbsp;&nbsp;&nbsp;&nbsp;&nbsp;&nbsp;&nbsp;&nbsp;&nbsp;&nbsp;&nbsp;&nbsp;&nbsp;&nbsp;&nbsp;\nBo\u017ce b\u0142ogos\u0142awie\u0144stwo, opiek\u0119 NMP i \u015bw. Patron\u00f3w w doros\u0142ym \u017cyciu \u2013\nmodl\u0105 si\u0119 rodzice<\/p>\n\n\n\n<p><strong>&nbsp;&nbsp;&nbsp;&nbsp;&nbsp; 2) <\/strong>za dzieci: Dominik\u0119, Paw\u0142a i Bartosza oraz wnuki: Micha\u0142a i Juli\u0119\ndzi\u0119kczynna za otrzymane \u0142aski<\/p>\n\n\n\n<p>&nbsp;&nbsp;&nbsp;&nbsp;&nbsp;&nbsp;&nbsp;&nbsp; &nbsp;z pro\u015bb\u0105 o zdrowie, Bo\u017ce b\u0142ogos\u0142awie\u0144stwo, opiek\u0119\nNMP i \u015bw. Patron\u00f3w \u2013 modli si\u0119 rodzina<\/p>\n\n\n\n<p><strong>24.oo\n\u2013 1)<\/strong> za Parafian<strong>\n<\/strong><\/p>\n\n\n\n<p><strong>&nbsp;&nbsp;&nbsp;&nbsp;&nbsp;&nbsp;&nbsp;&nbsp;&nbsp;&nbsp;&nbsp; &nbsp;\n2)<\/strong> ++ Klementyn\u0119 i Adama Mazur\u00f3w, dziadk\u00f3w z obu\nstron, siostry zakonne Anuncjat\u0119<\/p>\n\n\n\n<p>&nbsp;&nbsp;&nbsp;&nbsp;&nbsp;&nbsp;&nbsp;&nbsp;&nbsp;&nbsp;&nbsp; &nbsp;&nbsp;&nbsp;&nbsp;&nbsp;&nbsp;i\nAgnieszk\u0119 oraz doktor Zin\u0119 i dusze w czy\u015b\u0107cu cierpi\u0105ce<\/p>\n\n\n\n<p><strong><em>25.12. \u2013 SOBOTA \u2013 BO\u017bE NARODZENIE<\/em><\/strong><\/p>\n\n\n\n<p><strong>&nbsp; 9.3o \u2013 <\/strong>&nbsp;++ Monik\u0119 Budzi\u0144sk\u0105, Franciszka Karczewskiego\noraz Michalin\u0119 i W\u0142adys\u0142awa G\u00f3r\u00f3w <\/p>\n\n\n\n<p>&nbsp;&nbsp;&nbsp;&nbsp;&nbsp;&nbsp;&nbsp;&nbsp;&nbsp;&nbsp;&nbsp;&nbsp;&nbsp;&nbsp;\n\u2013 modli si\u0119 rodzina <\/p>\n\n\n\n<p><strong>11.oo\n\u2013 1) <\/strong>w intencji Ewy z racji\nimienin, dzi\u0119kuj\u0105c za m\u0119\u017ca, dzieci, rodzic\u00f3w, rodze\u0144stwo i ich rodziny\n<\/p>\n\n\n\n<p>&nbsp; &nbsp;&nbsp;&nbsp;&nbsp;&nbsp;&nbsp;&nbsp;&nbsp;&nbsp;&nbsp;&nbsp;&nbsp;&nbsp;&nbsp;&nbsp;&nbsp;z pro\u015bb\u0105 o zdrowie, Bo\u017ce b\u0142ogos\u0142awie\u0144stwo,\nopiek\u0119 NMP dla ca\u0142ej rodziny <\/p>\n\n\n\n<p><strong>&nbsp;&nbsp;&nbsp;&nbsp;&nbsp;&nbsp;&nbsp;&nbsp;&nbsp;&nbsp;&nbsp; &nbsp;\n2) <\/strong>dzi\u0119kczynna za otrzymane \u0142aski z pro\u015bb\u0105 o zdrowie, Bo\u017ce\nb\u0142ogos\u0142awie\u0144stwo, opiek\u0119 NMP<\/p>\n\n\n\n<p>&nbsp;&nbsp;&nbsp;&nbsp;&nbsp;&nbsp;&nbsp;&nbsp;&nbsp;&nbsp;&nbsp;&nbsp;&nbsp;&nbsp;&nbsp;&nbsp;\n&nbsp;dla rodziny Bilewicz\u00f3w i Dec\u00f3w \u2013\nmodli si\u0119 rodzina <\/p>\n\n\n\n<p><strong>12.3o\n\u2013 1) <\/strong>++ z rodziny Ca\u0142ych:\nZofi\u0119, Jana, Rozali\u0119 i Franciszka, z rodziny Krawczyszyn\u00f3w: Mari\u0119, <\/p>\n\n\n\n<p>&nbsp;&nbsp;&nbsp;&nbsp;&nbsp;&nbsp;&nbsp; Franciszka, Janin\u0119, Jana i Bronis\u0142awa\noraz J\u00f3zefa Grzywniaka i Teodora \u017burka \u2013 modli si\u0119 rodzina<\/p>\n\n\n\n<p><strong>&nbsp;&nbsp;&nbsp;&nbsp;&nbsp; 2)<\/strong> ++ Wies\u0142awa Cichut\u0119,\nAleksandr\u0119 i W\u0142adys\u0142awa Cichut\u00f3w oraz wszystkich ++ z rodziny Ochap\u00f3w<\/p>\n\n\n\n<p><strong>Chrzest po Mszy: Izabela Siwak,\nAurelia Emilia Flunt<\/strong><\/p>\n\n\n\n<p><strong>18.oo\n\u2013<\/strong>\n+ Boles\u0142awa Bilewicza \u2013 gregorianka 24\n<\/p>\n\n\n\n<p><strong><em>26.12. \u2013 NIEDZIELA \u015aW.\nRODZINY&nbsp; <\/em><\/strong><\/p>\n\n\n\n<p><strong>&nbsp; 8.oo \u2013 1) <\/strong>++ J\u00f3zefa i Kazimier\u0119, W\u0142adys\u0142aw\u0119 i Stanis\u0142awa z rodziny Szymczak\u00f3w,\nMaryl\u0119 Sta\u0144czyk <\/p>\n\n\n\n<p>&nbsp;&nbsp;&nbsp;&nbsp;&nbsp;&nbsp;&nbsp;&nbsp;&nbsp;&nbsp;&nbsp;&nbsp;&nbsp; z domu Szymczak oraz ++ dziadk\u00f3w:\nWeronik\u0119 i Stanis\u0142awa Jakubowicz\u00f3w \u2013 modli si\u0119 rodzina<strong> &nbsp;<\/strong><\/p>\n\n\n\n<p><strong>&nbsp;&nbsp;&nbsp;&nbsp;&nbsp;&nbsp;&nbsp;&nbsp;&nbsp;&nbsp;&nbsp; &nbsp;\n2)<\/strong> w 40 rocz. \u015blubu Marii i Paw\u0142a Ga\u0142o\u0144skich dzi\u0119kczynna\nza otrzymane \u0142aski z pro\u015bb\u0105 <\/p>\n\n\n\n<p>&nbsp;&nbsp;&nbsp;&nbsp;&nbsp;&nbsp;&nbsp;&nbsp;&nbsp;&nbsp;&nbsp;&nbsp;&nbsp;&nbsp;&nbsp;&nbsp;\no zdrowie, Bo\u017ce b\u0142ogos\u0142awie\u0144stwo, dary Ducha \u015awi\u0119tego i opiek\u0119 NMP <\/p>\n\n\n\n<p><strong>&nbsp;&nbsp;9.3o \u2013 <\/strong>+\nStanis\u0142aw\u0119 Wojciechowsk\u0105 i ++ z rodziny Wojciechowskich i Rzymskich &#8211; modli si\u0119\nrodzina <\/p>\n\n\n\n<p><strong>11.oo\n\u2013 1) <\/strong>w 18 rocz. urodzin\nMateusza, w 24 rocz. urodzin Marty, w 23 rocz. urodzin Paw\u0142a<\/p>\n\n\n\n<p>&nbsp;&nbsp;&nbsp; &nbsp;&nbsp;&nbsp;&nbsp;&nbsp;&nbsp;&nbsp;&nbsp;&nbsp;&nbsp;&nbsp;&nbsp;&nbsp;&nbsp;dzi\u0119kczynna z pro\u015bb\u0105 o zdrowie, Bo\u017ce b\u0142ogos\u0142awie\u0144stwo,\ndary Ducha \u015awi\u0119tego i opiek\u0119<\/p>\n\n\n\n<p>&nbsp;&nbsp;&nbsp;&nbsp;&nbsp;&nbsp;&nbsp;&nbsp;&nbsp;&nbsp;&nbsp;&nbsp;&nbsp;&nbsp;&nbsp;&nbsp;\n&nbsp;NMP \u2013 modl\u0105 si\u0119 rodzice i\ndziadkowie<\/p>\n\n\n\n<p><strong>&nbsp;&nbsp;&nbsp;&nbsp;&nbsp;&nbsp;&nbsp;&nbsp;&nbsp;&nbsp;&nbsp; &nbsp;\n2) <\/strong>&nbsp;+ m\u0119\u017ca J\u00f3zefa\nLisa \u2013 modli si\u0119 \u017cona z rodzin\u0105<\/p>\n\n\n\n<p><strong>12.3o\n\u2013 1) <\/strong>w intencji El\u017cbiety z\nracji urodzin <strong>&nbsp;<\/strong>dzi\u0119kczynna z pro\u015bb\u0105 o\nzdrowie, Bo\u017ce b\u0142ogos\u0142awie\u0144stwo, <\/p>\n\n\n\n<p>&nbsp;&nbsp;&nbsp;&nbsp;&nbsp;&nbsp;&nbsp;&nbsp;&nbsp;&nbsp;&nbsp;&nbsp;&nbsp;&nbsp;&nbsp;&nbsp;\ndary Ducha \u015awi\u0119tego i opiek\u0119 NMP &nbsp;na dalsze lata \u017cycia\u2013 modli si\u0119 m\u0105\u017c i dzieci<\/p>\n\n\n\n<p><strong>&nbsp;&nbsp;&nbsp;&nbsp;&nbsp;&nbsp; &nbsp;&nbsp;&nbsp;&nbsp;&nbsp;&nbsp;2)<\/strong> w 60 rocz. urodzin\nDanuty dzi\u0119kczynna z pro\u015bb\u0105 o\nzdrowie, Bo\u017ce b\u0142ogos\u0142awie\u0144stwo, dary <\/p>\n\n\n\n<p>&nbsp;&nbsp; &nbsp;&nbsp;&nbsp;&nbsp;Ducha \u015awi\u0119tego i opiek\u0119 NMP &nbsp;na dalsze lata \u017cycia \u2013 modli si\u0119 m\u0105\u017c Stanis\u0142aw\nz dzie\u0107mi i wnukami <\/p>\n\n\n\n<p><strong>&nbsp;&nbsp;&nbsp;&nbsp;&nbsp;&nbsp;&nbsp;&nbsp;&nbsp;&nbsp;&nbsp;&nbsp;&nbsp;&nbsp;&nbsp;&nbsp;&nbsp;&nbsp;&nbsp;&nbsp;&nbsp;&nbsp;&nbsp;&nbsp;&nbsp;&nbsp;&nbsp;&nbsp;&nbsp;&nbsp;&nbsp;&nbsp;&nbsp;&nbsp; chrzest po\nMszy: Paulina Moli\u0144ska<\/strong><\/p>\n\n\n\n<p><strong>18.oo\n\u2013 1) <\/strong>+ Boles\u0142awa Bilewicza \u2013\ngregorianka 25<\/p>\n\n\n\n<p><strong>&nbsp;&nbsp;&nbsp;&nbsp;&nbsp;&nbsp;&nbsp;&nbsp;&nbsp;&nbsp;&nbsp; &nbsp;\n2) <\/strong>++ W\u0142adys\u0142aw\u0119 i Stanis\u0142awa\nZag\u00f3rskich \u2013 modl\u0105 si\u0119 c\u00f3rki Stanis\u0142awa i Czes\u0142awa z rodzinami<\/p>\n","protected":false},"excerpt":{"rendered":"<p>Sk\u0142adaj\u0105c Ofiar\u0119, kt\u00f3ra nam przypomina niezmierzon\u0105 mi\u0142o\u015b\u0107 Twojego Syna, pokornie prosimy Ci\u0119, Bo\u017ce, przyjmij intencje Twoich wiernych i spraw przez dzia\u0142anie Eucharystii, aby w naszych rodzinach wzrasta\u0142a prawdziwa wiara, \u015bwi\u0119to\u015b\u0107 \u017cycia, braterska mi\u0142o\u015b\u0107 i duch modlitwy. Niech Matka Naj\u015bwi\u0119tsza wyprosi \u0142aski, o kt\u00f3re modlili\u015bmy si\u0119 w tej Mszy \u015bw. dla&#8230; <a class=\"continue-reading-link\" href=\"http:\/\/parafia.scinawa.info\/index.php\/2021\/12\/24\/intencje-mszalne-24-12-26-12-2021\/\">Czytaj dalej <span class=\"meta-nav\">&rarr; <\/span><\/a><\/p>\n","protected":false},"author":2,"featured_media":0,"comment_status":"closed","ping_status":"closed","sticky":false,"template":"","format":"standard","meta":{"footnotes":""},"categories":[39],"tags":[],"class_list":["post-1904","post","type-post","status-publish","format-standard","hentry","category-intencje"],"_links":{"self":[{"href":"http:\/\/parafia.scinawa.info\/index.php\/wp-json\/wp\/v2\/posts\/1904","targetHints":{"allow":["GET"]}}],"collection":[{"href":"http:\/\/parafia.scinawa.info\/index.php\/wp-json\/wp\/v2\/posts"}],"about":[{"href":"http:\/\/parafia.scinawa.info\/index.php\/wp-json\/wp\/v2\/types\/post"}],"author":[{"embeddable":true,"href":"http:\/\/parafia.scinawa.info\/index.php\/wp-json\/wp\/v2\/users\/2"}],"replies":[{"embeddable":true,"href":"http:\/\/parafia.scinawa.info\/index.php\/wp-json\/wp\/v2\/comments?post=1904"}],"version-history":[{"count":1,"href":"http:\/\/parafia.scinawa.info\/index.php\/wp-json\/wp\/v2\/posts\/1904\/revisions"}],"predecessor-version":[{"id":1905,"href":"http:\/\/parafia.scinawa.info\/index.php\/wp-json\/wp\/v2\/posts\/1904\/revisions\/1905"}],"wp:attachment":[{"href":"http:\/\/parafia.scinawa.info\/index.php\/wp-json\/wp\/v2\/media?parent=1904"}],"wp:term":[{"taxonomy":"category","embeddable":true,"href":"http:\/\/parafia.scinawa.info\/index.php\/wp-json\/wp\/v2\/categories?post=1904"},{"taxonomy":"post_tag","embeddable":true,"href":"http:\/\/parafia.scinawa.info\/index.php\/wp-json\/wp\/v2\/tags?post=1904"}],"curies":[{"name":"wp","href":"https:\/\/api.w.org\/{rel}","templated":true}]}}