{"id":1906,"date":"2021-12-24T10:00:52","date_gmt":"2021-12-24T09:00:52","guid":{"rendered":"http:\/\/parafia.scinawa.info\/?p=1906"},"modified":"2021-12-24T10:00:52","modified_gmt":"2021-12-24T09:00:52","slug":"intencje-mszalne-26-12-2021-02-01-2022","status":"publish","type":"post","link":"http:\/\/parafia.scinawa.info\/index.php\/2021\/12\/24\/intencje-mszalne-26-12-2021-02-01-2022\/","title":{"rendered":"INTENCJE MSZALNE 26.12.2021 \u2013 02.01. 2022"},"content":{"rendered":"\n<p><strong><em>Sk\u0142adaj\u0105c\nOfiar\u0119, kt\u00f3ra nam przypomina niezmierzon\u0105 mi\u0142o\u015b\u0107 Twojego Syna, pokornie prosimy\nCi\u0119, Bo\u017ce, przyjmij intencje Twoich wiernych i spraw przez dzia\u0142anie\nEucharystii, aby w naszych rodzinach wzrasta\u0142a prawdziwa wiara, \u015bwi\u0119to\u015b\u0107 \u017cycia,\nbraterska mi\u0142o\u015b\u0107 i duch modlitwy. <\/em><\/strong><strong>Niech\nMatka Naj\u015bwi\u0119tsza wyprosi \u0142aski, o kt\u00f3re modlili\u015bmy si\u0119 w tej Mszy \u015bw. dla \u2026\nZa\u015b zmar\u0142ym \u2026 za kt\u00f3rych odprawiali\u015bmy Msz\u0119 \u015bw.: wieczny odpoczynek racz im\nda\u0107 Panie (\u2026); niech odpoczywaj\u0105 w pokoju wiecznym. Amen<\/strong><\/p>\n\n\n\n<p><strong><em>26.12.\n&#8211; NIEDZIELA&nbsp; <\/em><\/strong><em><\/em><\/p>\n\n\n\n<p><strong>&nbsp; 8.oo \u2013 1) <\/strong>++ J\u00f3zefa i Kazimier\u0119, W\u0142adys\u0142aw\u0119 i Stanis\u0142awa z rodziny Szymczak\u00f3w,\nMaryl\u0119 Sta\u0144czyk <\/p>\n\n\n\n<p>&nbsp;&nbsp;&nbsp;&nbsp;&nbsp;&nbsp;&nbsp;&nbsp;&nbsp;&nbsp;&nbsp;&nbsp;&nbsp; z domu Szymczak oraz\n++ dziadk\u00f3w: Weronik\u0119 i Stanis\u0142awa Jakubowicz\u00f3w \u2013 modli si\u0119 rodzina<strong> &nbsp;<\/strong><\/p>\n\n\n\n<p><strong>&nbsp;&nbsp;&nbsp;&nbsp;&nbsp;&nbsp;&nbsp;&nbsp;&nbsp;&nbsp;&nbsp; &nbsp;\n2)<\/strong> w 40 rocz. \u015blubu Marii i Paw\u0142a Ga\u0142o\u0144skich dzi\u0119kczynna\nza otrzymane \u0142aski z pro\u015bb\u0105 <\/p>\n\n\n\n<p>&nbsp;&nbsp;&nbsp;&nbsp;&nbsp;&nbsp;&nbsp;&nbsp;&nbsp;&nbsp;&nbsp;&nbsp;&nbsp;&nbsp;&nbsp;&nbsp; o zdrowie, Bo\u017ce b\u0142ogos\u0142awie\u0144stwo,\ndary Ducha \u015awi\u0119tego i opiek\u0119 NMP <\/p>\n\n\n\n<p><strong>&nbsp;&nbsp;9.3o \u2013 <\/strong>+\nStanis\u0142aw\u0119 Wojciechowsk\u0105 i ++ z rodziny Wojciechowskich i Rzymskich &#8211; modli si\u0119\nrodzina <\/p>\n\n\n\n<p><strong>11.oo\n\u2013 1) <\/strong>w 18 rocz. urodzin\nMateusza, w 24 rocz. urodzin Marty, w 23 rocz. urodzin Paw\u0142a<\/p>\n\n\n\n<p>&nbsp;&nbsp;&nbsp;&nbsp;&nbsp;&nbsp;&nbsp;&nbsp;&nbsp;&nbsp;&nbsp;&nbsp;&nbsp;&nbsp;&nbsp;&nbsp; &nbsp;dzi\u0119kczynna z pro\u015bb\u0105 o zdrowie, Bo\u017ce b\u0142ogos\u0142awie\u0144stwo,\ndary Ducha \u015awi\u0119tego i opiek\u0119<\/p>\n\n\n\n<p>&nbsp;&nbsp;&nbsp;&nbsp;&nbsp;&nbsp;&nbsp;&nbsp;&nbsp;&nbsp;&nbsp;&nbsp;&nbsp;&nbsp;&nbsp;&nbsp; &nbsp;NMP \u2013 modl\u0105 si\u0119 rodzice i dziadkowie<\/p>\n\n\n\n<p><strong>&nbsp;&nbsp;&nbsp;&nbsp;&nbsp;&nbsp;&nbsp;&nbsp;&nbsp;&nbsp;&nbsp; &nbsp;\n2) <\/strong>&nbsp;+ m\u0119\u017ca J\u00f3zefa\nLisa \u2013 modli si\u0119 \u017cona z rodzin\u0105<\/p>\n\n\n\n<p><strong>12.3o\n\u2013 1) <\/strong>w intencji El\u017cbiety z\nracji urodzin <strong>&nbsp;<\/strong>dzi\u0119kczynna z pro\u015bb\u0105 o\nzdrowie, Bo\u017ce b\u0142ogos\u0142awie\u0144stwo, <\/p>\n\n\n\n<p>&nbsp;&nbsp;&nbsp;&nbsp;&nbsp;&nbsp;&nbsp;&nbsp;&nbsp;&nbsp;&nbsp;&nbsp;&nbsp;&nbsp;&nbsp;&nbsp; dary Ducha \u015awi\u0119tego i opiek\u0119 NMP\n&nbsp;na dalsze lata \u017cycia\u2013 modli si\u0119 m\u0105\u017c i\ndzieci<\/p>\n\n\n\n<p><strong>&nbsp;&nbsp;&nbsp;&nbsp;&nbsp; &nbsp;&nbsp;&nbsp;&nbsp;&nbsp;&nbsp;&nbsp;2)<\/strong> w 60 rocz. urodzin\nDanuty dzi\u0119kczynna z pro\u015bb\u0105 o\nzdrowie, Bo\u017ce b\u0142ogos\u0142awie\u0144stwo, dary <\/p>\n\n\n\n<p>&nbsp;&nbsp;&nbsp;&nbsp;&nbsp;&nbsp;&nbsp; &nbsp;&nbsp;&nbsp;&nbsp;Ducha \u015awi\u0119tego i opiek\u0119 NMP &nbsp;na dalsze lata \u017cycia\u2013 modli si\u0119 m\u0105\u017c Stanis\u0142aw\nz dzie\u0107mi i wnukami <\/p>\n\n\n\n<p><strong>&nbsp;&nbsp;&nbsp;&nbsp;&nbsp;&nbsp;&nbsp;&nbsp;&nbsp;&nbsp;&nbsp;&nbsp;&nbsp;&nbsp;&nbsp;&nbsp;&nbsp;&nbsp;&nbsp;&nbsp;&nbsp;&nbsp;&nbsp;&nbsp;&nbsp;&nbsp;&nbsp;&nbsp;&nbsp;&nbsp;&nbsp;&nbsp;&nbsp;&nbsp; chrzest po\nMszy: Paulina Moli\u0144ska<\/strong><\/p>\n\n\n\n<p><strong>18.oo\n\u2013 1) <\/strong>+ Boles\u0142awa Bilewicza \u2013\ngregorianka 25<\/p>\n\n\n\n<p><strong>&nbsp;&nbsp;&nbsp;&nbsp;&nbsp;&nbsp;&nbsp;&nbsp;&nbsp;&nbsp;&nbsp; &nbsp;\n2) <\/strong>++ W\u0142adys\u0142aw\u0119 i Stanis\u0142awa\nZag\u00f3rskich \u2013 modl\u0105 si\u0119 c\u00f3rki Stanis\u0142awa i Czes\u0142awa z rodzinami<strong>&nbsp;\n&nbsp;<\/strong>&nbsp;<\/p>\n\n\n\n<p><strong><em>27.12.\n\u2013 PONIEDZIA\u0141EK<\/em><\/strong><\/p>\n\n\n\n<p><strong>&nbsp; &nbsp;&nbsp;7.oo\n\u2013 <\/strong>&nbsp;+\nBoles\u0142awa Bilewicza \u2013 gregorianka 26<\/p>\n\n\n\n<p><strong>18.oo\n\u2013 1) <\/strong>++ Tadeusza, Stanis\u0142aw\u0119,\nSylwestra, Tomasza, Stanis\u0142awa oraz ++ z rodziny i dusze <\/p>\n\n\n\n<p>&nbsp;&nbsp;&nbsp;&nbsp;&nbsp;&nbsp;&nbsp;&nbsp;&nbsp;&nbsp;&nbsp;&nbsp;&nbsp;&nbsp;&nbsp;&nbsp;&nbsp; w czy\u015b\u0107cu\ncierpi\u0105ce \u2013 modli si\u0119 rodzina<strong>\n<\/strong><\/p>\n\n\n\n<p><strong>&nbsp;&nbsp;&nbsp;&nbsp;&nbsp;&nbsp;&nbsp;&nbsp;&nbsp;&nbsp;&nbsp; &nbsp;\n2)<\/strong> ++ m\u0119\u017ca Mariana, jego brata Stanis\u0142awa, Jego\nrodzic\u00f3w: Tekl\u0119 i Jana z rodziny Michalewicz\u00f3w <\/p>\n\n\n\n<p>&nbsp;&nbsp;&nbsp;&nbsp;&nbsp;&nbsp;&nbsp;&nbsp;&nbsp;&nbsp;&nbsp;&nbsp;&nbsp;&nbsp;&nbsp;&nbsp; oraz ++ z rodziny Marcin\u00f3w:\nrodzic\u00f3w: Franciszk\u0119 i Wojciecha, brata Edwarda, cioci\u0119 Ann\u0119 <\/p>\n\n\n\n<p>&nbsp;&nbsp;&nbsp;&nbsp;&nbsp;&nbsp;&nbsp;&nbsp;&nbsp;&nbsp;&nbsp;&nbsp;&nbsp;&nbsp;&nbsp;&nbsp;&nbsp; i ++ z jej rodziny<\/p>\n\n\n\n<p><strong><em>28.12.\n&#8211; WTOREK<\/em><\/strong><em><\/em><\/p>\n\n\n\n<p><strong>&nbsp; 7.oo \u2013 <\/strong>+ Boles\u0142awa Bilewicza \u2013 gregorianka 27<\/p>\n\n\n\n<p><strong>18.oo\n\u2013 1) <\/strong>&nbsp;+ J\u00f3zefa\nFilarowskiego w 13 rocz. \u015bm. oraz ++ z rodziny Filarowskich i Adamczyk\u00f3w <\/p>\n\n\n\n<p>&nbsp; &nbsp;&nbsp;&nbsp;&nbsp;&nbsp;&nbsp;&nbsp;&nbsp;&nbsp;&nbsp;&nbsp;&nbsp;&nbsp;&nbsp;\u2013 modli si\u0119 rodzina<\/p>\n\n\n\n<p><strong>&nbsp;&nbsp;&nbsp;&nbsp;&nbsp;&nbsp;&nbsp;&nbsp;&nbsp;&nbsp;&nbsp; &nbsp;\n2)<\/strong> ++ J\u00f3zef\u0119 Dro\u0144 w 19 rocz. \u015bm. i W\u0142adys\u0142aw\u0119\nLaszczy\u0144sk\u0105 w 6 rocz. \u015bm. oraz pozosta\u0142ych <\/p>\n\n\n\n<p>&nbsp;&nbsp;&nbsp;&nbsp;&nbsp;&nbsp;&nbsp;&nbsp;&nbsp;&nbsp;&nbsp;&nbsp;&nbsp;&nbsp;&nbsp;&nbsp;&nbsp; ++ z rodziny Droni\u00f3w \u2013 modli si\u0119\nrodzina<\/p>\n\n\n\n<p><strong><em>29.12.\n\u2013 \u015aRODA <\/em><\/strong><\/p>\n\n\n\n<p><strong>&nbsp; 7.oo \u2013 <\/strong>+ Boles\u0142awa Bilewicza \u2013 gregorianka 28<strong><\/strong><\/p>\n\n\n\n<p><strong>18.oo\n\u2013&nbsp; intencja zbiorowa nowennowa:<\/strong><\/p>\n\n\n\n<p><strong>&nbsp;1)<\/strong> + Adama Kulaka &#8211; 30\ndzie\u0144 od pogrzebu &#8211; intencja od uczestnik\u00f3w Mszy pogrzebowej<\/p>\n\n\n\n<p><strong>&nbsp;2)<\/strong> w 50 rocz. urodzin\nc\u00f3rki dzi\u0119kczynna za otrzymane \u0142aski z pro\u015bb\u0105 o zdrowie, Bo\u017ce b\u0142ogos\u0142awie\u0144stwo,\n<\/p>\n\n\n\n<p>&nbsp;&nbsp;&nbsp;&nbsp;&nbsp; dary Ducha \u015awi\u0119tego i opiek\u0119 NMP \u2013 modl\u0105 si\u0119\nrodzice<\/p>\n\n\n\n<p><strong>&nbsp;3) <\/strong>+ Jadwig\u0119 Szpularz w 1 rocz. \u015bm.<\/p>\n\n\n\n<p><strong>&nbsp;4)<\/strong><\/p>\n\n\n\n<p><strong><em>30.12.\n\u2013 CZWARTEK <\/em><\/strong><em>&nbsp;<\/em><\/p>\n\n\n\n<p><strong>&nbsp; 7.oo \u2013<\/strong> &nbsp;+\nBoles\u0142awa Bilewicza \u2013 gregorianka 29<\/p>\n\n\n\n<p><strong>18.oo\n\u2013 <\/strong>&nbsp;<strong>1) <\/strong>dzi\u0119kczynna w intencji Panu Bogu wiadomej\n<\/p>\n\n\n\n<p><strong>&nbsp;&nbsp;&nbsp;&nbsp;&nbsp;&nbsp;&nbsp;&nbsp;&nbsp;&nbsp;&nbsp; &nbsp;\n2)<\/strong> + Stanis\u0142awa Drozdka w 1\nrocz. \u015bm. \u2013 modl\u0105 si\u0119 dzieci z rodzinami<\/p>\n\n\n\n<p><strong><em>31.12.\n\u2013 PI\u0104TEK<\/em><\/strong><\/p>\n\n\n\n<p><strong>&nbsp; &nbsp;&nbsp;7.oo\n\u2013<\/strong>\n&nbsp;+ J\u00f3zefa Kad\u0142ubowskiego \u2013 modli si\u0119 siostra\nMaria<\/p>\n\n\n\n<p><strong>18.oo\n\u2013 1) <\/strong>+ Boles\u0142awa Bilewicza \u2013\ngregorianka 30 <\/p>\n\n\n\n<p><strong>&nbsp;&nbsp;&nbsp;&nbsp;&nbsp;&nbsp;&nbsp;&nbsp;&nbsp;&nbsp;&nbsp; &nbsp;\n2)<\/strong> w 9 rocz. urodzin Szymona dzi\u0119kczynna z pro\u015bb\u0105 o\nzdrowie, Bo\u017ce b\u0142ogos\u0142awie\u0144stwo, <\/p>\n\n\n\n<p>&nbsp;&nbsp;&nbsp;&nbsp; &nbsp;&nbsp;&nbsp;&nbsp;&nbsp;&nbsp;&nbsp;&nbsp;&nbsp;&nbsp;&nbsp;&nbsp;dary\nDucha \u015awi\u0119tego i opiek\u0119 NMP \u2013 modl\u0105 si\u0119 rodzice i dziadkowie<\/p>\n\n\n\n<p><strong><em>01.01.\n\u2013 SOBOTA \u2013 NOWY ROK<\/em><\/strong><\/p>\n\n\n\n<p><strong>9.3o\n\u2013 <\/strong>&nbsp;&nbsp;<\/p>\n\n\n\n<p><strong>11.oo\n\u2013 1) <\/strong>++ ksi\u0119\u017cy Mieczys\u0142awa\nSzyma\u0144skiego i Stefana Zawadzkiego \u2013 modl\u0105 si\u0119 parafianie<\/p>\n\n\n\n<p><strong>&nbsp;&nbsp;&nbsp;&nbsp;&nbsp;&nbsp;&nbsp;&nbsp;&nbsp;&nbsp;&nbsp; &nbsp;\n2) <\/strong>&nbsp;<\/p>\n\n\n\n<p><strong>12.3o\n\u2013 1) <\/strong><\/p>\n\n\n\n<p><strong>&nbsp;&nbsp;&nbsp;&nbsp;&nbsp;&nbsp;&nbsp;&nbsp;&nbsp;&nbsp;&nbsp; &nbsp;\n2)<\/strong> <\/p>\n\n\n\n<p><strong>18.oo\n\u2013 <\/strong>intencja wynagradzaj\u0105ca Niepokalanemu Sercu NMP\n&nbsp;<\/p>\n\n\n\n<p><strong><em>02.01.\n\u2013 NIEDZIELA&nbsp; <\/em><\/strong><\/p>\n\n\n\n<p><strong>&nbsp; 8.oo \u2013 1) <\/strong>&nbsp;<\/p>\n\n\n\n<p><strong>&nbsp;&nbsp;&nbsp;&nbsp;&nbsp;&nbsp;&nbsp;&nbsp;&nbsp;&nbsp;&nbsp; &nbsp;\n2)<\/strong> <\/p>\n\n\n\n<p><strong>&nbsp; 9.3o \u2013 <\/strong>&nbsp;&nbsp;<\/p>\n\n\n\n<p><strong>11.oo\n\u2013 1) <\/strong>w intencji Szymona z racji\nurodzin\ndzi\u0119kczynna za otrzymane \u0142aski z pro\u015bb\u0105 o zdrowie, Bo\u017ce<\/p>\n\n\n\n<p>&nbsp;&nbsp;&nbsp;&nbsp;&nbsp;&nbsp;&nbsp;&nbsp;&nbsp;&nbsp;&nbsp;&nbsp;&nbsp;&nbsp;&nbsp; &nbsp;b\u0142ogos\u0142awie\u0144stwo, dary Ducha \u015awi\u0119tego, opiek\u0119 NMP\ni \u015bw. Patron\u00f3w na dalsze lata \u017cycia<\/p>\n\n\n\n<p>&nbsp;&nbsp;&nbsp;&nbsp;&nbsp;&nbsp;&nbsp;&nbsp;&nbsp;&nbsp;&nbsp;&nbsp;&nbsp;&nbsp;&nbsp; &nbsp;\u2013 modli si\u0119 rodzina<\/p>\n\n\n\n<p><strong>&nbsp;&nbsp;&nbsp;&nbsp;&nbsp;&nbsp;&nbsp;&nbsp;&nbsp;&nbsp;&nbsp; &nbsp;\n2) <\/strong>&nbsp;<\/p>\n\n\n\n<p><strong>12.3o\n\u2013 1) <\/strong><\/p>\n\n\n\n<p><strong>&nbsp;&nbsp;&nbsp;&nbsp;&nbsp;&nbsp;&nbsp;&nbsp;&nbsp;&nbsp;&nbsp; &nbsp;\n2)<\/strong> <\/p>\n\n\n\n<p>&nbsp;&nbsp;&nbsp;&nbsp;&nbsp;&nbsp;&nbsp;&nbsp;&nbsp;&nbsp;&nbsp;&nbsp;&nbsp;&nbsp;&nbsp;&nbsp;&nbsp;&nbsp;&nbsp;&nbsp;&nbsp;&nbsp;&nbsp; <strong><em>Chrzest w czasie Mszy: Dagmara\nBaszczy\u0144ska<\/em><\/strong><\/p>\n\n\n\n<p><strong>18.oo\n\u2013 <\/strong>+ Wies\u0142awa Struskiego oraz ++ z rodziny Struskich,\nStochmal\u00f3w i Flunt\u00f3w<strong>\n<\/strong>&nbsp;<\/p>\n","protected":false},"excerpt":{"rendered":"<p>Sk\u0142adaj\u0105c Ofiar\u0119, kt\u00f3ra nam przypomina niezmierzon\u0105 mi\u0142o\u015b\u0107 Twojego Syna, pokornie prosimy Ci\u0119, Bo\u017ce, przyjmij intencje Twoich wiernych i spraw przez dzia\u0142anie Eucharystii, aby w naszych rodzinach wzrasta\u0142a prawdziwa wiara, \u015bwi\u0119to\u015b\u0107 \u017cycia, braterska mi\u0142o\u015b\u0107 i duch modlitwy. Niech Matka Naj\u015bwi\u0119tsza wyprosi \u0142aski, o kt\u00f3re modlili\u015bmy si\u0119 w tej Mszy \u015bw. dla&#8230; <a class=\"continue-reading-link\" href=\"http:\/\/parafia.scinawa.info\/index.php\/2021\/12\/24\/intencje-mszalne-26-12-2021-02-01-2022\/\">Czytaj dalej <span class=\"meta-nav\">&rarr; <\/span><\/a><\/p>\n","protected":false},"author":2,"featured_media":0,"comment_status":"closed","ping_status":"closed","sticky":false,"template":"","format":"standard","meta":{"footnotes":""},"categories":[39],"tags":[],"class_list":["post-1906","post","type-post","status-publish","format-standard","hentry","category-intencje"],"_links":{"self":[{"href":"http:\/\/parafia.scinawa.info\/index.php\/wp-json\/wp\/v2\/posts\/1906","targetHints":{"allow":["GET"]}}],"collection":[{"href":"http:\/\/parafia.scinawa.info\/index.php\/wp-json\/wp\/v2\/posts"}],"about":[{"href":"http:\/\/parafia.scinawa.info\/index.php\/wp-json\/wp\/v2\/types\/post"}],"author":[{"embeddable":true,"href":"http:\/\/parafia.scinawa.info\/index.php\/wp-json\/wp\/v2\/users\/2"}],"replies":[{"embeddable":true,"href":"http:\/\/parafia.scinawa.info\/index.php\/wp-json\/wp\/v2\/comments?post=1906"}],"version-history":[{"count":1,"href":"http:\/\/parafia.scinawa.info\/index.php\/wp-json\/wp\/v2\/posts\/1906\/revisions"}],"predecessor-version":[{"id":1907,"href":"http:\/\/parafia.scinawa.info\/index.php\/wp-json\/wp\/v2\/posts\/1906\/revisions\/1907"}],"wp:attachment":[{"href":"http:\/\/parafia.scinawa.info\/index.php\/wp-json\/wp\/v2\/media?parent=1906"}],"wp:term":[{"taxonomy":"category","embeddable":true,"href":"http:\/\/parafia.scinawa.info\/index.php\/wp-json\/wp\/v2\/categories?post=1906"},{"taxonomy":"post_tag","embeddable":true,"href":"http:\/\/parafia.scinawa.info\/index.php\/wp-json\/wp\/v2\/tags?post=1906"}],"curies":[{"name":"wp","href":"https:\/\/api.w.org\/{rel}","templated":true}]}}