{"id":1908,"date":"2021-12-24T10:18:38","date_gmt":"2021-12-24T09:18:38","guid":{"rendered":"http:\/\/parafia.scinawa.info\/?p=1908"},"modified":"2021-12-24T10:18:38","modified_gmt":"2021-12-24T09:18:38","slug":"ogloszenia-duszpasterskie-boze-narodzenie-pasterki-24-12-2021","status":"publish","type":"post","link":"http:\/\/parafia.scinawa.info\/index.php\/2021\/12\/24\/ogloszenia-duszpasterskie-boze-narodzenie-pasterki-24-12-2021\/","title":{"rendered":"Og\u0142oszenia duszpasterskie Bo\u017ce Narodzenie &#8211; Pasterki \u2013 24. 12. 2021"},"content":{"rendered":"\n<p><strong>1.<\/strong><strong><em>\nDzisiaj, w pi\u0105tek Msze Pasterki w naszej Parafii<\/em><\/strong>:\n<strong>20<sup>30<\/sup><\/strong><strong>, &nbsp;22<sup>00<\/sup>\ni 24<sup>00<\/sup> w \u015acinawie, a\nw R\u0119szowie o 20<sup>30<\/sup>. &nbsp;<\/strong>Ofiary z tacy z pasterek przeznaczone s\u0105\nna \u201eFundusz Ochrony \u017bycia\u201d.<\/p>\n\n\n\n<p><strong>2<\/strong><strong>.<\/strong> <strong><em>W sobot\u0119,\nczyli w Bo\u017ce Narodzenie<\/em><\/strong>&nbsp; porz\u0105dek\nMszy \u015bw. jest nast\u0119puj\u0105cy: <strong>9<sup>30<\/sup><\/strong>,\n<strong>11<sup>00<\/sup><\/strong>; <strong>12<sup>30 <\/sup><\/strong>i <strong>18<sup>00<\/sup><\/strong> w\n\u015acinawie,<strong> w R\u0119szowie o 9<sup>30<\/sup>.<\/strong><\/p>\n\n\n\n<p><strong>3<\/strong><strong>.<\/strong>\n<strong><em>W niedzil\u0119, drugi dzie\u0144 \u015awi\u0105t, \u015bw. \u015awi\u0119tej Rodziny,<\/em><\/strong> porz\u0105dek\nMszy \u015bw. niedzielny: <strong>8<sup>00;\n<\/sup>9<sup>30<\/sup>, 11<sup>00<\/sup><\/strong>; <strong>12<sup>30 <\/sup><\/strong>i\n<strong>18<sup>00<\/sup><\/strong> w \u015acinawie, <strong>9<sup>30<\/sup><\/strong> \u2013 w R\u0119szowie. W tym\ndniu chcemy pami\u0119ta\u0107 w modlitwach o wszystkich rodzinach naszej parafii. W\ndrugi dzie\u0144 \u015bwiat ofiary tradycyjnie zbierane s\u0105 na Uczelnie katolickie.\nPo\u015bwi\u0119cenie owsa. <\/p>\n\n\n\n<p><strong>4<\/strong><strong>.<\/strong>\nDo nabycia jest prasa katolicka: Niedziela, Go\u015b\u0107 Niedzielny i R\u00f3\u017caniec. <\/p>\n\n\n\n<p><strong>5<\/strong><strong>.<\/strong>\nDzi\u0119kuj\u0119 wszystkim, kt\u00f3rzy w tym tygodniu sprz\u0105tali \u015bwi\u0105tyni\u0119 i przygotowali j\u0105\nna nasze spotkanie eucharystyczne.<\/p>\n\n\n\n<p><strong>6<\/strong><strong>.<\/strong>\nSerdeczne B\u00f3g zap\u0142a\u0107 za ofiary sk\u0142adane na remonty w naszej parafii. <\/p>\n\n\n\n<p><strong>7<\/strong><strong>.<\/strong>\nIntencje mszalne, obrazki \u2013 pami\u0105tki odprawionej Mszy \u015bw.<\/p>\n\n\n\n<p><strong>8<\/strong><strong>.<\/strong>\n\u015awiece wigilijne jako \u201eWigilijne Dzie\u0142o Pomocy Dzieciom\u201d. <strong>Ma\u0142a \u015bwieca 7 z\u0142, a du\u017ca 16 z\u0142<\/strong>, &nbsp;kalendarze parafialne, po\u015bwi\u0119cone op\u0142atki.<\/p>\n\n\n\n<p><strong>9<\/strong><strong>. <\/strong>&nbsp;\u017byczenia:<\/p>\n\n\n\n<p><strong><em>Drodzy!\n<\/em><\/strong><\/p>\n\n\n\n<p><strong><em>Jezus\nczeka na nas, na spotkanie z nami.<\/em><\/strong><\/p>\n\n\n\n<p><strong><em>&nbsp;&nbsp;&nbsp;&nbsp;&nbsp;&nbsp;&nbsp;&nbsp;&nbsp;&nbsp;&nbsp;&nbsp; &nbsp;&nbsp;Takiego spotkania \u017cycz\u0119 na te rodzinne i\nreligijne \u015awi\u0119ta.<\/em><\/strong><\/p>\n\n\n\n<p><strong><em>Niech\nTen, kt\u00f3ry przychodzi zabierze wszystko,<\/em><\/strong><\/p>\n\n\n\n<p><strong><em>co\njest naszym niepokojem, co nape\u0142nia l\u0119kiem.<\/em><\/strong><\/p>\n\n\n\n<p><strong><em>&nbsp;&nbsp;&nbsp;&nbsp;&nbsp;&nbsp;&nbsp;&nbsp;&nbsp;&nbsp;&nbsp;&nbsp;&nbsp; Niech Ten, kt\u00f3ry przychodzi\nzabierze wszystko,<\/em><\/strong><\/p>\n\n\n\n<p><strong><em>&nbsp;&nbsp;&nbsp;&nbsp;&nbsp;&nbsp;&nbsp;&nbsp;&nbsp;&nbsp;&nbsp;&nbsp;&nbsp;&nbsp; co nie jest jeszcze odbiciem\nJego Mi\u0142o\u015bci.<\/em><\/strong><strong><em>Niech Ten, kt\u00f3ry\nprzychodzi nape\u0142ni nas swoim Pokojem, Dobroci\u0105 i Bezpiecze\u0144stwem, by nasza\nWiara sta\u0142a si\u0119 \u201eprosta, odwa\u017cna, zdecydowana &#8211; jak wiara \u015bw. Piotra&#8221;, a\nzarazem g\u0142\u0119boka, nie boj\u0105ca si\u0119 konfrontacji z coraz to trudniejszymi\nwyzwaniami wsp\u00f3\u0142czesno\u015bci &#8211; jak wiara \u015bw. Paw\u0142a&#8221;. \u017bycz\u0119 Wam i Waszym\nBliskim cudu Narodzenia si\u0119 Chrystusa w Waszych sercach i B\u0142ogos\u0142awionego,\nwype\u0142nionego \u0142askami Bo\u017cymi Nowego Roku Pa\u0144skiego 2022. Szcz\u0119\u015b\u0107 Bo\u017ce.<\/em><\/strong><\/p>\n","protected":false},"excerpt":{"rendered":"<p>1. Dzisiaj, w pi\u0105tek Msze Pasterki w naszej Parafii: 2030, &nbsp;2200 i 2400 w \u015acinawie, a w R\u0119szowie o 2030. &nbsp;Ofiary z tacy z pasterek przeznaczone s\u0105 na \u201eFundusz Ochrony \u017bycia\u201d. 2. W sobot\u0119, czyli w Bo\u017ce Narodzenie&nbsp; porz\u0105dek Mszy \u015bw. jest nast\u0119puj\u0105cy: 930, 1100; 1230 i 1800 w \u015acinawie,&#8230; <a class=\"continue-reading-link\" href=\"http:\/\/parafia.scinawa.info\/index.php\/2021\/12\/24\/ogloszenia-duszpasterskie-boze-narodzenie-pasterki-24-12-2021\/\">Czytaj dalej <span class=\"meta-nav\">&rarr; <\/span><\/a><\/p>\n","protected":false},"author":2,"featured_media":0,"comment_status":"closed","ping_status":"closed","sticky":false,"template":"","format":"standard","meta":{"footnotes":""},"categories":[40],"tags":[],"class_list":["post-1908","post","type-post","status-publish","format-standard","hentry","category-ogloszenia-duszpasterskie"],"_links":{"self":[{"href":"http:\/\/parafia.scinawa.info\/index.php\/wp-json\/wp\/v2\/posts\/1908","targetHints":{"allow":["GET"]}}],"collection":[{"href":"http:\/\/parafia.scinawa.info\/index.php\/wp-json\/wp\/v2\/posts"}],"about":[{"href":"http:\/\/parafia.scinawa.info\/index.php\/wp-json\/wp\/v2\/types\/post"}],"author":[{"embeddable":true,"href":"http:\/\/parafia.scinawa.info\/index.php\/wp-json\/wp\/v2\/users\/2"}],"replies":[{"embeddable":true,"href":"http:\/\/parafia.scinawa.info\/index.php\/wp-json\/wp\/v2\/comments?post=1908"}],"version-history":[{"count":1,"href":"http:\/\/parafia.scinawa.info\/index.php\/wp-json\/wp\/v2\/posts\/1908\/revisions"}],"predecessor-version":[{"id":1909,"href":"http:\/\/parafia.scinawa.info\/index.php\/wp-json\/wp\/v2\/posts\/1908\/revisions\/1909"}],"wp:attachment":[{"href":"http:\/\/parafia.scinawa.info\/index.php\/wp-json\/wp\/v2\/media?parent=1908"}],"wp:term":[{"taxonomy":"category","embeddable":true,"href":"http:\/\/parafia.scinawa.info\/index.php\/wp-json\/wp\/v2\/categories?post=1908"},{"taxonomy":"post_tag","embeddable":true,"href":"http:\/\/parafia.scinawa.info\/index.php\/wp-json\/wp\/v2\/tags?post=1908"}],"curies":[{"name":"wp","href":"https:\/\/api.w.org\/{rel}","templated":true}]}}